{"id":1491,"date":"2024-09-28T16:35:25","date_gmt":"2024-09-28T14:35:25","guid":{"rendered":"https:\/\/horizonaventures.net\/?p=1491"},"modified":"2024-10-02T10:12:48","modified_gmt":"2024-10-02T08:12:48","slug":"leurope-occidentale-2","status":"publish","type":"post","link":"https:\/\/horizonaventures.net\/index.php\/2024\/09\/28\/leurope-occidentale-2\/","title":{"rendered":"L\u2019Europe occidentale 2"},"content":{"rendered":"\n<div id=\"wp-block-themeisle-blocks-advanced-columns-3d41d521\" class=\"wp-block-themeisle-blocks-advanced-columns has-3-columns has-desktop-equal-layout has-tablet-equal-layout has-mobile-collapsedRows-layout has-vertical-unset\"><div class=\"wp-block-themeisle-blocks-advanced-columns-overlay\"><\/div><div class=\"innerblocks-wrap\">\n<div id=\"wp-block-themeisle-blocks-advanced-column-0484565e\" class=\"wp-block-themeisle-blocks-advanced-column\">\n<h3 class=\"wp-block-heading has-text-align-center\">Pays germanophones de culture germanique<\/h3>\n\n\n\n<p style=\"padding-top:0;padding-right:var(--wp--preset--spacing--30);padding-bottom:0;padding-left:var(--wp--preset--spacing--30)\">J&rsquo;ai divis\u00e9 L&rsquo;Europe occidentale en deux groupes culturels principaux : les pays francophones et germanophones. <\/p>\n\n\n\n<p style=\"padding-top:0;padding-right:var(--wp--preset--spacing--30);padding-bottom:0;padding-left:var(--wp--preset--spacing--30)\"><strong><a href=\"https:\/\/horizonaventures.net\/index.php\/2024\/09\/25\/leurope-occidentale-1\/\" data-type=\"link\" data-id=\"https:\/\/horizonaventures.net\/index.php\/2024\/09\/25\/leurope-occidentale-1\/\" target=\"_blank\" rel=\"noreferrer noopener\">Les pays francophones<\/a><\/strong>, comme la France, la Belgique et la Suisse romande, partagent la langue et la culture fran\u00e7aises.<\/p>\n\n\n\n<p style=\"padding-top:0;padding-right:var(--wp--preset--spacing--30);padding-bottom:0;padding-left:var(--wp--preset--spacing--30)\"><strong><a href=\"https:\/\/horizonaventures.net\/index.php\/2024\/09\/28\/leurope-occidentale-2\/\" data-type=\"link\" data-id=\"https:\/\/horizonaventures.net\/index.php\/2024\/09\/28\/leurope-occidentale-2\/\" target=\"_blank\" rel=\"noreferrer noopener\">Les pays germanophones<\/a><\/strong>, comme l&rsquo;Allemagne, l&rsquo;Autriche et la Suisse al\u00e9manique, sont influenc\u00e9s par la culture et la langue germaniques.<\/p>\n\n\n\n<p style=\"padding-top:0;padding-right:var(--wp--preset--spacing--30);padding-bottom:0;padding-left:var(--wp--preset--spacing--30)\">Ces distinctions fa\u00e7onnent l&rsquo;identit\u00e9 de chaque r\u00e9gion.<\/p>\n\n\n<div class=\"aligncenter wp-block-site-logo\"><a href=\"https:\/\/horizonaventures.net\/\" class=\"custom-logo-link\" rel=\"home\"><img loading=\"lazy\" decoding=\"async\" width=\"174\" height=\"122\" src=\"https:\/\/horizonaventures.net\/wp-content\/uploads\/2024\/02\/cropped-Envie_d_horizonLogo.png\" class=\"custom-logo\" alt=\"Logo Envie d&#039;horizon\" srcset=\"https:\/\/horizonaventures.net\/wp-content\/uploads\/2024\/02\/cropped-Envie_d_horizonLogo.png 500w, https:\/\/horizonaventures.net\/wp-content\/uploads\/2024\/02\/cropped-Envie_d_horizonLogo-300x212.png 300w\" sizes=\"auto, (max-width: 174px) 100vw, 174px\" \/><\/a><\/div><\/div>\n\n\n\n<div id=\"wp-block-themeisle-blocks-advanced-column-e304bd52\" class=\"wp-block-themeisle-blocks-advanced-column\"><div class=\"wp-block-image\">\n<figure class=\"aligncenter size-full is-resized has-custom-border\"><img alt=\"\" loading=\"lazy\" decoding=\"async\" width=\"1024\" height=\"1024\" src=\"https:\/\/horizonaventures.net\/wp-content\/uploads\/2024\/09\/d65f416b-e2d3-48ee-8968-e3bbc2266c0a.png\" alt=\"\" class=\"wp-image-1492\" style=\"border-width:1px;border-radius:10px;width:336px;height:auto\" srcset=\"https:\/\/horizonaventures.net\/wp-content\/uploads\/2024\/09\/d65f416b-e2d3-48ee-8968-e3bbc2266c0a.png 1024w, https:\/\/horizonaventures.net\/wp-content\/uploads\/2024\/09\/d65f416b-e2d3-48ee-8968-e3bbc2266c0a-300x300.png 300w, https:\/\/horizonaventures.net\/wp-content\/uploads\/2024\/09\/d65f416b-e2d3-48ee-8968-e3bbc2266c0a-150x150.png 150w, https:\/\/horizonaventures.net\/wp-content\/uploads\/2024\/09\/d65f416b-e2d3-48ee-8968-e3bbc2266c0a-768x768.png 768w\" sizes=\"auto, (max-width: 1024px) 100vw, 1024px\" \/><\/figure>\n<\/div>\n\n\n<p><strong>Ces pays partagent des racines linguistiques et culturelles bas\u00e9es sur le germanique. L&rsquo;allemand est langue officielle en Allemagne, Autriche, Suisse et Liechtenstein, tandis que les Pays-Bas parlent le n\u00e9erlandais, langue \u00e9galement germanique. Leur histoire, leur h\u00e9ritage culturel, et leurs contributions philosophiques et artistiques marquent leur identit\u00e9 commune, m\u00eame avec des diff\u00e9rences politiques et linguistiques. Ces pays incarnent un m\u00e9lange unique de traditions germaniques et modernes.<\/strong><\/p>\n<\/div>\n\n\n\n<div id=\"wp-block-themeisle-blocks-advanced-column-c35dfe14\" class=\"wp-block-themeisle-blocks-advanced-column\">\n<hr class=\"wp-block-separator has-alpha-channel-opacity\"\/>\n\n\n\n<figure class=\"wp-block-embed aligncenter is-type-video is-provider-youtube wp-block-embed-youtube wp-embed-aspect-16-9 wp-has-aspect-ratio\"><div class=\"wp-block-embed__wrapper\">\n<div class=\"nv-iframe-embed\"><iframe loading=\"lazy\" title=\"L\u2019Europe\" width=\"1200\" height=\"675\" src=\"https:\/\/www.youtube.com\/embed\/9x1nvREoVMM?feature=oembed\" frameborder=\"0\" allow=\"accelerometer; autoplay; clipboard-write; encrypted-media; gyroscope; picture-in-picture; web-share\" referrerpolicy=\"strict-origin-when-cross-origin\" allowfullscreen><\/iframe><\/div>\n<\/div><figcaption class=\"wp-element-caption\">L\u2019article n&rsquo;est pas disponible en video<\/figcaption><\/figure>\n\n\n\n<p class=\"has-text-align-center has-small-font-size\"><a href=\"https:\/\/horizonaventures.net\/index.php\/2024\/03\/16\/europe\/\" data-type=\"link\" data-id=\"https:\/\/horizonaventures.net\/index.php\/2024\/03\/16\/europe\/\" target=\"_blank\" rel=\"noreferrer noopener\">Exploration G\u00e9ographique :&nbsp;<strong>L\u2019Europe<\/strong><\/a><\/p>\n\n\n\n<hr class=\"wp-block-separator has-alpha-channel-opacity\"\/>\n<\/div>\n<\/div><\/div>\n\n\n\n<div id=\"wp-block-themeisle-blocks-advanced-columns-36922587\" class=\"wp-block-themeisle-blocks-advanced-columns has-3-columns has-desktop-equal-layout has-tablet-equal-layout has-mobile-collapsedRows-layout has-vertical-unset\"><div class=\"wp-block-themeisle-blocks-advanced-columns-overlay\"><\/div><div class=\"innerblocks-wrap\">\n<div id=\"wp-block-themeisle-blocks-advanced-column-316d9744\" class=\"wp-block-themeisle-blocks-advanced-column\">\n<h3 class=\"wp-block-heading\">G\u00e9ographie <\/h3>\n\n\n\n<p style=\"padding-right:var(--wp--preset--spacing--30);padding-left:var(--wp--preset--spacing--30)\">Elle s&rsquo;\u00e9tend du centre de l&rsquo;Europe jusqu&rsquo;\u00e0 l&rsquo;ouest, englobant une diversit\u00e9 g\u00e9ographique allant des plaines n\u00e9erlandaises aux Alpes suisses et autrichiennes. <\/p>\n\n\n\n<p style=\"padding-right:var(--wp--preset--spacing--30);padding-left:var(--wp--preset--spacing--30)\">Les fleuves comme le Rhin et le Danube traversent cette r\u00e9gion, cr\u00e9ant des axes \u00e9conomiques et culturels majeurs. <\/p>\n\n\n\n<p style=\"padding-right:var(--wp--preset--spacing--30);padding-left:var(--wp--preset--spacing--30)\">Elle se caract\u00e9rise par des paysages vari\u00e9s : montagnes, for\u00eats, rivi\u00e8res et vastes \u00e9tendues agricoles.<\/p>\n\n\n<div class=\"is-default-size aligncenter wp-block-site-logo\"><a href=\"https:\/\/horizonaventures.net\/\" class=\"custom-logo-link\" rel=\"home\"><img loading=\"lazy\" decoding=\"async\" width=\"500\" height=\"353\" src=\"https:\/\/horizonaventures.net\/wp-content\/uploads\/2024\/02\/cropped-Envie_d_horizonLogo.png\" class=\"custom-logo\" alt=\"Logo Envie d&#039;horizon\" srcset=\"https:\/\/horizonaventures.net\/wp-content\/uploads\/2024\/02\/cropped-Envie_d_horizonLogo.png 500w, https:\/\/horizonaventures.net\/wp-content\/uploads\/2024\/02\/cropped-Envie_d_horizonLogo-300x212.png 300w\" sizes=\"auto, (max-width: 500px) 100vw, 500px\" \/><\/a><\/div><\/div>\n\n\n\n<div id=\"wp-block-themeisle-blocks-advanced-column-ddc62680\" class=\"wp-block-themeisle-blocks-advanced-column\">\n<h3 class=\"wp-block-heading has-neve-link-color-color has-text-color has-link-color wp-elements-7f7d5d006aac28aa26e6bfb07f4f5425\">Climat <\/h3>\n\n\n\n<p style=\"padding-right:var(--wp--preset--spacing--30);padding-left:var(--wp--preset--spacing--30)\">L&rsquo;Allemagne, la Suisse, l&rsquo;Autriche, le Liechtenstein et les Pays-Bas connaissent un climat principalement temp\u00e9r\u00e9, avec des \u00e9t\u00e9s chauds et des hivers froids. <\/p>\n\n\n\n<p style=\"padding-right:var(--wp--preset--spacing--30);padding-left:var(--wp--preset--spacing--30)\">Les r\u00e9gions alpines, en Suisse et en Autriche, sont caract\u00e9ris\u00e9es par des hivers rigoureux et des pr\u00e9cipitations abondantes, favorisant les sports d&rsquo;hiver. <\/p>\n\n\n\n<p style=\"padding-right:var(--wp--preset--spacing--30);padding-left:var(--wp--preset--spacing--30)\">Les Pays-Bas, plus proches de l&rsquo;oc\u00e9an, ont un climat oc\u00e9anique doux, influenc\u00e9 par les vents maritimes, avec des hivers plus mod\u00e9r\u00e9s et des pluies fr\u00e9quentes.<\/p>\n<\/div>\n\n\n\n<div id=\"wp-block-themeisle-blocks-advanced-column-6f1a5b3b\" class=\"wp-block-themeisle-blocks-advanced-column\">\n<h3 class=\"wp-block-heading\" style=\"padding-right:var(--wp--preset--spacing--50)\">Langues et religions <\/h3>\n\n\n\n<p>La r\u00e9gion est linguistiquement domin\u00e9e par l&rsquo;allemand, parl\u00e9 en Allemagne, Autriche, Suisse et Liechtenstein. <\/p>\n\n\n\n<p>La Suisse est multilingue, avec l&rsquo;italien, le fran\u00e7ais et le romanche. <\/p>\n\n\n\n<p>Aux Pays-Bas, le n\u00e9erlandais est la langue principale, appartenant aussi \u00e0 la famille germanique. <\/p>\n\n\n\n<p>C\u00f4t\u00e9 religions, le christianisme est majoritaire, avec une division entre protestants (notamment aux Pays-Bas et en Allemagne) et catholiques (forts en Autriche et en Suisse). <\/p>\n\n\n\n<p>D&rsquo;autres croyances, ainsi que la s\u00e9cularisation, sont aussi pr\u00e9sentes.<\/p>\n<\/div>\n<\/div><\/div>\n\n\n\n<div id=\"wp-block-themeisle-blocks-advanced-columns-3e9cb56f\" class=\"wp-block-themeisle-blocks-advanced-columns has-3-columns has-desktop-equal-layout has-tablet-equal-layout has-mobile-collapsedRows-layout has-vertical-unset\"><div class=\"wp-block-themeisle-blocks-advanced-columns-overlay\"><\/div><div class=\"innerblocks-wrap\">\n<div id=\"wp-block-themeisle-blocks-advanced-column-edb278fa\" class=\"wp-block-themeisle-blocks-advanced-column\">\n<h3 class=\"wp-block-heading\">La situation politique <\/h3>\n\n\n\n<p style=\"padding-right:var(--wp--preset--spacing--30);padding-left:var(--wp--preset--spacing--30)\">L&rsquo;Allemagne, l&rsquo;Autriche et les Pays-Bas sont des <strong>r\u00e9publiques f\u00e9d\u00e9rales ou constitutionnelles<\/strong>, avec des syst\u00e8mes politiques multipartites. <\/p>\n\n\n\n<p style=\"padding-right:var(--wp--preset--spacing--30);padding-left:var(--wp--preset--spacing--30)\">La Suisse fonctionne comme une <strong>conf\u00e9d\u00e9ration avec une d\u00e9mocratie directe unique<\/strong>, offrant un fort pouvoir aux citoyens par r\u00e9f\u00e9rendums. <\/p>\n\n\n\n<p style=\"padding-right:var(--wp--preset--spacing--30);padding-left:var(--wp--preset--spacing--30)\">Le Liechtenstein est <strong>une principaut\u00e9<\/strong>, combinant monarchie constitutionnelle et d\u00e9mocratie parlementaire. <\/p>\n\n\n\n<p style=\"padding-right:var(--wp--preset--spacing--30);padding-left:var(--wp--preset--spacing--30)\">Ces pays entretiennent<strong> des relations \u00e9troites avec l&rsquo;Union europ\u00e9enne<\/strong>, bien que la Suisse et le Liechtenstein n&rsquo;en soient pas membres.<\/p>\n<\/div>\n\n\n\n<div id=\"wp-block-themeisle-blocks-advanced-column-66f4f1fd\" class=\"wp-block-themeisle-blocks-advanced-column\">\n<figure class=\"wp-block-image size-full is-resized has-custom-border\"><img alt=\"\" loading=\"lazy\" decoding=\"async\" width=\"576\" height=\"1024\" src=\"https:\/\/horizonaventures.net\/wp-content\/uploads\/2024\/09\/51944026-b334-4adf-b618-f6046040368a-edited.png\" alt=\"\" class=\"wp-image-1497\" style=\"border-width:1px;border-radius:10px;width:363px;height:auto\" srcset=\"https:\/\/horizonaventures.net\/wp-content\/uploads\/2024\/09\/51944026-b334-4adf-b618-f6046040368a-edited.png 576w, https:\/\/horizonaventures.net\/wp-content\/uploads\/2024\/09\/51944026-b334-4adf-b618-f6046040368a-edited-169x300.png 169w\" sizes=\"auto, (max-width: 576px) 100vw, 576px\" \/><\/figure>\n<\/div>\n\n\n\n<div id=\"wp-block-themeisle-blocks-advanced-column-0bc1b536\" class=\"wp-block-themeisle-blocks-advanced-column\">\n<h3 class=\"wp-block-heading has-text-align-center\">Les Atouts du Tourisme <\/h3>\n\n\n\n<p style=\"padding-right:var(--wp--preset--spacing--30);padding-left:var(--wp--preset--spacing--30)\">L&rsquo;Allemagne attire avec ses villes historiques, ch\u00e2teaux et la c\u00e9l\u00e8bre For\u00eat-Noire. <\/p>\n\n\n\n<p style=\"padding-right:var(--wp--preset--spacing--30);padding-left:var(--wp--preset--spacing--30)\">L&rsquo;Autriche et la Suisse sont r\u00e9put\u00e9es pour les Alpes, id\u00e9ales pour le ski, la randonn\u00e9e et les paysages \u00e0 couper le souffle. <\/p>\n\n\n\n<p style=\"padding-right:var(--wp--preset--spacing--30);padding-left:var(--wp--preset--spacing--30)\">Les Pays-Bas fascinent avec leurs canaux, moulins et mus\u00e9es. Liechtenstein, petit mais charmant, propose des montagnes pittoresques et des ch\u00e2teaux m\u00e9di\u00e9vaux. <\/p>\n\n\n\n<p style=\"padding-right:var(--wp--preset--spacing--30);padding-left:var(--wp--preset--spacing--30)\">Chaque pays allie histoire, nature et culture, attirant des millions de visiteurs chaque ann\u00e9e.<\/p>\n<\/div>\n<\/div><\/div>\n\n\n\n<div class=\"wp-block-columns is-layout-flex wp-container-core-columns-is-layout-9d6595d7 wp-block-columns-is-layout-flex\">\n<div class=\"wp-block-column is-layout-flow wp-block-column-is-layout-flow\" style=\"flex-basis:100%\">\n<div id=\"wp-block-themeisle-blocks-advanced-columns-674d90e0\" class=\"wp-block-themeisle-blocks-advanced-columns has-2-columns has-desktop-equal-layout has-tablet-equal-layout has-mobile-collapsedRows-layout has-vertical-unset\"><div class=\"wp-block-themeisle-blocks-advanced-columns-overlay\"><\/div><div class=\"innerblocks-wrap\">\n<div id=\"wp-block-themeisle-blocks-advanced-column-f9b13965\" class=\"wp-block-themeisle-blocks-advanced-column\">\n<h3 class=\"wp-block-heading\" style=\"padding-right:var(--wp--preset--spacing--60)\">Allemagne<\/h3>\n\n\n\n<p style=\"padding-right:var(--wp--preset--spacing--30);padding-left:var(--wp--preset--spacing--30)\">L&rsquo;Allemagne est une destination riche en histoire, culture et paysages vari\u00e9s. <\/p>\n\n\n\n<p style=\"padding-right:var(--wp--preset--spacing--30);padding-left:var(--wp--preset--spacing--30)\"><strong>Berlin<\/strong>, sa capitale, est un centre artistique et historique, tandis que <strong>Munich<\/strong> et <strong>Hambourg <\/strong>refl\u00e8tent le charme bavarois et maritime. <\/p>\n\n\n\n<p style=\"padding-right:var(--wp--preset--spacing--30);padding-left:var(--wp--preset--spacing--30)\">Les ch\u00e2teaux,<strong> la For\u00eat-Noire,<\/strong> la vall\u00e9e du Rhin et les Alpes attirent les amoureux de la nature. <\/p>\n\n\n\n<p style=\"padding-right:var(--wp--preset--spacing--30);padding-left:var(--wp--preset--spacing--30)\">Son patrimoine culturel est marqu\u00e9 par ses mus\u00e9es, festivals et traditions.<\/p>\n<\/div>\n\n\n\n<div id=\"wp-block-themeisle-blocks-advanced-column-07007b8c\" class=\"wp-block-themeisle-blocks-advanced-column\">\n<h3 class=\"wp-block-heading\">Suisse<\/h3>\n\n\n\n<p style=\"padding-right:var(--wp--preset--spacing--30);padding-left:var(--wp--preset--spacing--30)\">La Suisse, r\u00e9put\u00e9e pour ses Alpes majestueuses, est une destination id\u00e9ale pour les amateurs de nature et de sports d&rsquo;hiver. <\/p>\n\n\n\n<p style=\"padding-right:var(--wp--preset--spacing--30);padding-left:var(--wp--preset--spacing--30)\">Ses villes comme<strong> Zurich,<\/strong> <strong>Gen\u00e8ve<\/strong> et <strong>Lucerne<\/strong> offrent un m\u00e9lange de modernit\u00e9 et de traditions. <\/p>\n\n\n\n<p style=\"padding-right:var(--wp--preset--spacing--30);padding-left:var(--wp--preset--spacing--30)\">Le pays se distingue par ses lacs cristallins, ses villages pittoresques et sa diversit\u00e9 culturelle avec quatre langues officielles.<\/p>\n<\/div>\n<\/div><\/div>\n<\/div>\n<\/div>\n\n\n\n<div id=\"wp-block-themeisle-blocks-advanced-columns-882bac18\" class=\"wp-block-themeisle-blocks-advanced-columns has-3-columns has-desktop-equal-layout has-tablet-equal-layout has-mobile-collapsedRows-layout has-vertical-unset\"><div class=\"wp-block-themeisle-blocks-advanced-columns-overlay\"><\/div><div class=\"innerblocks-wrap\">\n<div id=\"wp-block-themeisle-blocks-advanced-column-4bf10495\" class=\"wp-block-themeisle-blocks-advanced-column\">\n<h3 class=\"wp-block-heading\">Autriche<\/h3>\n\n\n\n<p>L&rsquo;Autriche, au c\u0153ur des Alpes, est une destination pris\u00e9e pour ses paysages montagneux, parfaits pour le ski et la randonn\u00e9e. <\/p>\n\n\n\n<p><strong>Vienne<\/strong>, sa capitale, est un centre culturel riche en musique classique, avec des palais imp\u00e9riaux et mus\u00e9es. <\/p>\n\n\n\n<p><strong>Salzbourg<\/strong>, <strong>ville natale de Mozart<\/strong>, et<strong> Innsbruck<\/strong>, station alpine, refl\u00e8tent son patrimoine historique et naturel exceptionnel.<\/p>\n<\/div>\n\n\n\n<div id=\"wp-block-themeisle-blocks-advanced-column-1b0f933d\" class=\"wp-block-themeisle-blocks-advanced-column\"><div class=\"wp-block-image\">\n<figure class=\"aligncenter size-full is-resized has-custom-border\"><img alt=\"\" loading=\"lazy\" decoding=\"async\" width=\"683\" height=\"1024\" src=\"https:\/\/horizonaventures.net\/wp-content\/uploads\/2024\/09\/0e2e8168-6ef1-4b36-982f-66d94f60480f-edited.png\" alt=\"\" class=\"wp-image-1499\" style=\"border-width:1px;border-radius:10px;width:309px;height:auto\" srcset=\"https:\/\/horizonaventures.net\/wp-content\/uploads\/2024\/09\/0e2e8168-6ef1-4b36-982f-66d94f60480f-edited.png 683w, https:\/\/horizonaventures.net\/wp-content\/uploads\/2024\/09\/0e2e8168-6ef1-4b36-982f-66d94f60480f-edited-200x300.png 200w\" sizes=\"auto, (max-width: 683px) 100vw, 683px\" \/><\/figure>\n<\/div><\/div>\n\n\n\n<div id=\"wp-block-themeisle-blocks-advanced-column-95f150b0\" class=\"wp-block-themeisle-blocks-advanced-column\">\n<div class=\"wp-block-columns is-layout-flex wp-container-core-columns-is-layout-9d6595d7 wp-block-columns-is-layout-flex\">\n<div class=\"wp-block-column is-vertically-aligned-center is-layout-flow wp-block-column-is-layout-flow\" style=\"flex-basis:100%\">\n<h3 class=\"wp-block-heading\" style=\"padding-top:var(--wp--preset--spacing--20);padding-right:var(--wp--preset--spacing--20);padding-bottom:var(--wp--preset--spacing--20);padding-left:var(--wp--preset--spacing--20)\">Liechtenstein<\/h3>\n\n\n\n<p>Le Liechtenstein, petit royaume nich\u00e9 entre la Suisse et l&rsquo;Autriche, s\u00e9duit par ses paysages alpins spectaculaires et son ambiance paisible. <\/p>\n\n\n\n<p>La capitale, <strong>Vaduz<\/strong>, abrite le ch\u00e2teau du prince et des mus\u00e9es d&rsquo;art contemporain. <\/p>\n\n\n\n<p>Les amateurs de plein air peuvent explorer des sentiers de randonn\u00e9e, tandis que la culture locale se manifeste \u00e0 travers des traditions artisanales et des festivals.<\/p>\n<\/div>\n<\/div>\n<\/div>\n<\/div><\/div>\n\n\n\n<div id=\"wp-block-themeisle-blocks-advanced-columns-ce474ceb\" class=\"wp-block-themeisle-blocks-advanced-columns has-2-columns has-desktop-equal-layout has-tablet-equal-layout has-mobile-collapsedRows-layout has-vertical-unset\"><div class=\"wp-block-themeisle-blocks-advanced-columns-overlay\"><\/div><div class=\"innerblocks-wrap\">\n<div id=\"wp-block-themeisle-blocks-advanced-column-14348e03\" class=\"wp-block-themeisle-blocks-advanced-column\">\n<div class=\"wp-block-columns is-layout-flex wp-container-core-columns-is-layout-9d6595d7 wp-block-columns-is-layout-flex\">\n<div class=\"wp-block-column is-layout-flow wp-block-column-is-layout-flow\" style=\"flex-basis:100%\">\n<h3 class=\"wp-block-heading\" style=\"padding-top:var(--wp--preset--spacing--20);padding-right:var(--wp--preset--spacing--20);padding-bottom:var(--wp--preset--spacing--20);padding-left:var(--wp--preset--spacing--20)\">Pays-Bas<\/h3>\n\n\n\n<p>Les Pays-Bas, c\u00e9l\u00e8bres pour leurs paysages pittoresques, allient tradition et modernit\u00e9. <\/p>\n\n\n\n<p><strong>Amsterdam,<\/strong> avec ses canaux et mus\u00e9es, est un incontournable. <\/p>\n\n\n\n<p>Les <strong>champs de tulipes<\/strong>, les <strong>moulins \u00e0 vent<\/strong> et les charmants villages comme <strong>Giethoorn<\/strong> illustrent le charme rural. <\/p>\n\n\n\n<p>Le pays est \u00e9galement reconnu pour sa culture cycliste, ses festivals anim\u00e9s et sa riche histoire maritime.<\/p>\n<\/div>\n<\/div>\n<\/div>\n\n\n\n<div id=\"wp-block-themeisle-blocks-advanced-column-258037e7\" class=\"wp-block-themeisle-blocks-advanced-column\"><div class=\"wp-block-image\">\n<figure class=\"aligncenter size-full is-resized has-custom-border\"><img alt=\"\" loading=\"lazy\" decoding=\"async\" width=\"1024\" height=\"768\" src=\"https:\/\/horizonaventures.net\/wp-content\/uploads\/2024\/09\/cb52a75a-f782-4f65-afbb-7c11c2071c92-edited.png\" alt=\"\" class=\"wp-image-1503\" style=\"border-width:1px;border-radius:10px;width:453px;height:auto\" srcset=\"https:\/\/horizonaventures.net\/wp-content\/uploads\/2024\/09\/cb52a75a-f782-4f65-afbb-7c11c2071c92-edited.png 1024w, https:\/\/horizonaventures.net\/wp-content\/uploads\/2024\/09\/cb52a75a-f782-4f65-afbb-7c11c2071c92-edited-300x225.png 300w, https:\/\/horizonaventures.net\/wp-content\/uploads\/2024\/09\/cb52a75a-f782-4f65-afbb-7c11c2071c92-edited-768x576.png 768w\" sizes=\"auto, (max-width: 1024px) 100vw, 1024px\" \/><\/figure>\n<\/div><\/div>\n<\/div><\/div>\n\n\n\n<div id=\"wp-block-themeisle-blocks-advanced-columns-66e9d595\" class=\"wp-block-themeisle-blocks-advanced-columns has-3-columns has-desktop-equal-layout has-tablet-equal-layout has-mobile-collapsedRows-layout has-vertical-unset\"><div class=\"wp-block-themeisle-blocks-advanced-columns-overlay\"><\/div><div class=\"innerblocks-wrap\">\n<div id=\"wp-block-themeisle-blocks-advanced-column-606136a1\" class=\"wp-block-themeisle-blocks-advanced-column\">\n<h3 class=\"wp-block-heading\">Ch\u00e2teaux et monuments historiques<\/h3>\n\n\n\n<p style=\"padding-right:var(--wp--preset--spacing--30);padding-left:var(--wp--preset--spacing--30)\">L&rsquo;Europe germanophone regorge de ch\u00e2teaux embl\u00e9matiques comme <strong>Neuschwanstein<\/strong> en Bavi\u00e8re, le <strong>Ch\u00e2teau de Hohenzollern<\/strong> en Allemagne ou encore <strong>le ch\u00e2teau de Habsbourg<\/strong> en Autriche. <\/p>\n\n\n\n<p style=\"padding-right:var(--wp--preset--spacing--30);padding-left:var(--wp--preset--spacing--30)\">Ces lieux offrent un aper\u00e7u du patrimoine royal et imp\u00e9rial germanique, tout en \u00e9tant entour\u00e9s de paysages majestueux. <\/p>\n\n\n\n<p style=\"padding-right:var(--wp--preset--spacing--30);padding-left:var(--wp--preset--spacing--30)\">Visiter ces ch\u00e2teaux permet de plonger dans l&rsquo;histoire fascinante de la r\u00e9gion, d&rsquo;explorer des jardins enchanteurs et de d\u00e9couvrir l&rsquo;architecture spectaculaire qui t\u00e9moigne de la richesse culturelle de ces nations. <\/p>\n<\/div>\n\n\n\n<div id=\"wp-block-themeisle-blocks-advanced-column-1e8ccb9a\" class=\"wp-block-themeisle-blocks-advanced-column\">\n<h3 class=\"wp-block-heading\" style=\"padding-right:var(--wp--preset--spacing--30)\">R\u00e9gions alpines et tourisme de montagne<\/h3>\n\n\n\n<p style=\"padding-right:var(--wp--preset--spacing--30);padding-left:var(--wp--preset--spacing--30)\">Les Alpes autrichiennes et suisses attirent des millions de touristes chaque ann\u00e9e, que ce soit pour le ski en hiver ou la randonn\u00e9e en \u00e9t\u00e9. <\/p>\n\n\n\n<p style=\"padding-right:var(--wp--preset--spacing--30);padding-left:var(--wp--preset--spacing--30)\">Les stations comme <strong>Zermatt<\/strong> (Suisse) ou <strong>Innsbruck <\/strong>(Autriche) sont particuli\u00e8rement populaires. <\/p>\n\n\n\n<p style=\"padding-right:var(--wp--preset--spacing--30);padding-left:var(--wp--preset--spacing--30)\">Le lac de Constance, partag\u00e9 par l\u2019Allemagne, l\u2019Autriche et la Suisse, est aussi une destination pris\u00e9e pour les activit\u00e9s nautiques. <\/p>\n\n\n\n<p style=\"padding-right:var(--wp--preset--spacing--30);padding-left:var(--wp--preset--spacing--30)\">L&rsquo;infrastructure de transport d\u00e9velopp\u00e9e, avec des trains panoramiques et des routes bien entretenues, facilite l&rsquo;acc\u00e8s \u00e0 ces magnifiques r\u00e9gions alpines.<\/p>\n<\/div>\n\n\n\n<div id=\"wp-block-themeisle-blocks-advanced-column-d3a048b0\" class=\"wp-block-themeisle-blocks-advanced-column\">\n<h3 class=\"wp-block-heading\">Traditions et f\u00eates locales<\/h3>\n\n\n\n<p style=\"padding-right:var(--wp--preset--spacing--30);padding-left:var(--wp--preset--spacing--30)\">Les pays germanophones sont c\u00e9l\u00e8bres pour leurs festivals culturels et traditionnels, notamment l<strong>\u2019Oktoberfest<\/strong> \u00e0 Munich, qui est la plus grande f\u00eate de la bi\u00e8re au monde. <\/p>\n\n\n\n<p style=\"padding-right:var(--wp--preset--spacing--30);padding-left:var(--wp--preset--spacing--30)\">Il y a aussi <strong>les march\u00e9s de No\u00ebl <\/strong>en Allemagne et en Autriche, c\u00e9l\u00e8bres pour leur atmosph\u00e8re f\u00e9erique, leurs produits artisanaux et leur gastronomie de saison. <\/p>\n\n\n\n<p style=\"padding-right:var(--wp--preset--spacing--30);padding-left:var(--wp--preset--spacing--30)\">D&rsquo;autres \u00e9v\u00e9nements, comme le <strong>Carnaval \u00e0 Cologne<\/strong> ou l<strong>es f\u00eates de printemps,<\/strong> c\u00e9l\u00e8brent la richesse des traditions locales et rassemblent des visiteurs du monde entier. <\/p>\n<\/div>\n<\/div><\/div>\n\n\n\n<div id=\"wp-block-themeisle-blocks-advanced-columns-27429f28\" class=\"wp-block-themeisle-blocks-advanced-columns has-2-columns has-desktop-equal-layout has-tablet-equal-layout has-mobile-collapsedRows-layout has-vertical-unset\"><div class=\"wp-block-themeisle-blocks-advanced-columns-overlay\"><\/div><div class=\"innerblocks-wrap\">\n<div id=\"wp-block-themeisle-blocks-advanced-column-123dd03b\" class=\"wp-block-themeisle-blocks-advanced-column\"><div class=\"wp-block-image\">\n<figure class=\"aligncenter size-full is-resized has-custom-border\"><img alt=\"\" loading=\"lazy\" decoding=\"async\" width=\"576\" height=\"1024\" src=\"https:\/\/horizonaventures.net\/wp-content\/uploads\/2024\/09\/29c1d59f-6837-48cd-bfd7-1bc02d208e89-edited.png\" alt=\"\" class=\"wp-image-1508\" style=\"border-width:1px;border-radius:10px;width:457px;height:auto\" srcset=\"https:\/\/horizonaventures.net\/wp-content\/uploads\/2024\/09\/29c1d59f-6837-48cd-bfd7-1bc02d208e89-edited.png 576w, https:\/\/horizonaventures.net\/wp-content\/uploads\/2024\/09\/29c1d59f-6837-48cd-bfd7-1bc02d208e89-edited-169x300.png 169w\" sizes=\"auto, (max-width: 576px) 100vw, 576px\" \/><\/figure>\n<\/div><\/div>\n\n\n\n<div id=\"wp-block-themeisle-blocks-advanced-column-865cad4c\" class=\"wp-block-themeisle-blocks-advanced-column\">\n<h3 class=\"wp-block-heading\">Patrimoine Gastronomique<\/h3>\n\n\n\n<p>L&rsquo;Allemagne est connue pour ses saucisses (<strong>Bratwurst<\/strong>), <strong>bretzels<\/strong> et <strong>choucroutes<\/strong>, accompagn\u00e9s de <strong>bi\u00e8res renomm\u00e9es<\/strong> comme celles de Bavi\u00e8re. <\/p>\n\n\n\n<p>L&rsquo;Autriche propose des plats typiques tels que<strong> le Wiener Schnitzel<\/strong> et les p\u00e2tisseries comme <strong>le strudel<\/strong>. <\/p>\n\n\n\n<p>En Suisse, le fromage est roi avec<strong> la fondue et la raclette.<\/strong> <\/p>\n\n\n\n<p>C\u00f4t\u00e9 vins, <strong>les r\u00e9gions viticoles du Rhin et du Danube<\/strong> produisent d&rsquo;excellents <strong>Riesling <\/strong>et<strong> Gr\u00fcner Veltliner<\/strong>.<\/p>\n\n\n\n<h3 class=\"wp-block-heading\">Patrimoine mondial de l\u2019UNESCO<\/h3>\n\n\n\n<p>En Allemagne, <strong>la cath\u00e9drale de Cologne<\/strong>, <strong>le ch\u00e2teau de Wartburg<\/strong> et <strong>la vieille ville de Bamberg<\/strong> en sont des exemples embl\u00e9matiques. <\/p>\n\n\n\n<p>L&rsquo;Autriche brille avec <strong>la ville historique de Salzbourg<\/strong> et <strong>le palais de Sch\u00f6nbrunn<\/strong> \u00e0 Vienne. <\/p>\n\n\n\n<p>La Suisse offre <strong>les vignobles en terrasses de Lavaux<\/strong> et <strong>le centre m\u00e9di\u00e9val de Berne<\/strong>. <\/p>\n\n\n\n<p>Ces sites refl\u00e8tent la richesse historique, architecturale et culturelle de la r\u00e9gion.<\/p>\n<\/div>\n<\/div><\/div>\n\n\n\n<div id=\"wp-block-themeisle-blocks-advanced-columns-8ba75a10\" class=\"wp-block-themeisle-blocks-advanced-columns has-2-columns has-desktop-equal-layout has-tablet-equal-layout has-mobile-collapsedRows-layout has-vertical-unset\"><div class=\"wp-block-themeisle-blocks-advanced-columns-overlay\"><\/div><div class=\"innerblocks-wrap\">\n<div id=\"wp-block-themeisle-blocks-advanced-column-597f0f67\" class=\"wp-block-themeisle-blocks-advanced-column\">\n<h3 class=\"wp-block-heading\">Autres sites incontournables<\/h3>\n\n\n\n<p>En plus des sites UNESCO, la r\u00e9gion germanophone regorge d&rsquo;autres lieux incontournables. <\/p>\n\n\n\n<p>En Allemagne,<strong> la For\u00eat-Noire<\/strong> et <strong>la vall\u00e9e du Rhin <\/strong>sont des joyaux naturels. <\/p>\n\n\n\n<p>En Suisse, <strong>le Cervin <\/strong>et<strong> le Mont Pilate<\/strong> offrent des panoramas spectaculaires. <\/p>\n\n\n\n<p>L&rsquo;Autriche s\u00e9duit avec <strong>le lac Wolfgangsee<\/strong> et <strong>la grotte de glace d&rsquo;Eisriesenwelt<\/strong>. <\/p>\n\n\n\n<p>Aux Pays-Bas, <strong>les champs de tulipes de Keukenhof<\/strong> et <strong>les canaux d&rsquo;Amsterdam<\/strong> sont incontournables, tandis que le Liechtenstein enchante avec son <strong>ch\u00e2teau de Vaduz<\/strong><\/p>\n<\/div>\n\n\n\n<div id=\"wp-block-themeisle-blocks-advanced-column-ee9005c8\" class=\"wp-block-themeisle-blocks-advanced-column\"><div class=\"wp-block-image\">\n<figure class=\"aligncenter size-full is-resized has-custom-border\"><img alt=\"\" loading=\"lazy\" decoding=\"async\" width=\"1024\" height=\"1024\" src=\"https:\/\/horizonaventures.net\/wp-content\/uploads\/2024\/09\/8e0ecf48-2f82-49d2-8a72-ffa9dd426907.png\" alt=\"\" class=\"wp-image-1509\" style=\"border-width:1px;border-radius:10px;width:457px;height:auto\" srcset=\"https:\/\/horizonaventures.net\/wp-content\/uploads\/2024\/09\/8e0ecf48-2f82-49d2-8a72-ffa9dd426907.png 1024w, https:\/\/horizonaventures.net\/wp-content\/uploads\/2024\/09\/8e0ecf48-2f82-49d2-8a72-ffa9dd426907-300x300.png 300w, https:\/\/horizonaventures.net\/wp-content\/uploads\/2024\/09\/8e0ecf48-2f82-49d2-8a72-ffa9dd426907-150x150.png 150w, https:\/\/horizonaventures.net\/wp-content\/uploads\/2024\/09\/8e0ecf48-2f82-49d2-8a72-ffa9dd426907-768x768.png 768w\" sizes=\"auto, (max-width: 1024px) 100vw, 1024px\" \/><\/figure>\n<\/div><\/div>\n<\/div><\/div>\n\n\n\n<div id=\"wp-block-themeisle-blocks-advanced-columns-98c32a9b\" class=\"wp-block-themeisle-blocks-advanced-columns has-2-columns has-desktop-equal-layout has-tablet-equal-layout has-mobile-collapsedRows-layout has-vertical-unset\"><div class=\"wp-block-themeisle-blocks-advanced-columns-overlay\"><\/div><div class=\"innerblocks-wrap\">\n<div id=\"wp-block-themeisle-blocks-advanced-column-74c934f6\" class=\"wp-block-themeisle-blocks-advanced-column\">\n<h3 class=\"wp-block-heading\">Pays-Bas tourisme et drogue<\/h3>\n\n\n\n<p>Les Pays-Bas sont souvent per\u00e7us comme un pays tr\u00e8s ouvert \u00e0 la consommation de drogues, en raison de<strong> la popularit\u00e9 des coffee shops \u00e0 Amsterdam<\/strong>. <\/p>\n\n\n\n<p>Cependant, <strong>cette perception est trompeuse<\/strong>. <\/p>\n\n\n\n<p>La politique n\u00e9erlandaise est en r\u00e9alit\u00e9 stricte : seule la vente de petites quantit\u00e9s de cannabis est tol\u00e9r\u00e9e dans des lieux sp\u00e9cifiques, et les drogues dures sont strictement ill\u00e9gales. <\/p>\n\n\n\n<p><strong>Le gouvernement lutte activement contre les abus <\/strong>et la consommation en dehors des zones autoris\u00e9es reste interdite.<\/p>\n<\/div>\n\n\n\n<div id=\"wp-block-themeisle-blocks-advanced-column-f4575d43\" class=\"wp-block-themeisle-blocks-advanced-column\">\n<h3 class=\"wp-block-heading\">Quelques Chiffres<\/h3>\n\n\n\n<p>La r\u00e9gion germanophone attire des millions de touristes chaque ann\u00e9e. <\/p>\n\n\n\n<p>L&rsquo;Allemagne, avec plus de 40 millions de visiteurs internationaux en 2019, reste l&rsquo;une des principales destinations europ\u00e9ennes. <\/p>\n\n\n\n<p>La Suisse, c\u00e9l\u00e8bre pour ses Alpes, enregistre environ 11 millions de visiteurs annuels, tandis que l&rsquo;Autriche en accueille plus de 30 millions, en grande partie pour le ski. <\/p>\n\n\n\n<p>Les Pays-Bas, gr\u00e2ce \u00e0 des villes comme Amsterdam, attirent environ 20 millions de touristes. <\/p>\n\n\n\n<p>M\u00eame le Liechtenstein, plus petit, voit un afflux de visiteurs, notamment amateurs de randonn\u00e9e.<\/p>\n<\/div>\n<\/div><\/div>\n\n\n\n<div id=\"wp-block-themeisle-blocks-advanced-columns-93924741\" class=\"wp-block-themeisle-blocks-advanced-columns has-2-columns has-desktop-equal-layout has-tablet-equal-layout has-mobile-collapsedRows-layout has-vertical-unset\"><div class=\"wp-block-themeisle-blocks-advanced-columns-overlay\"><\/div><div class=\"innerblocks-wrap\">\n<div id=\"wp-block-themeisle-blocks-advanced-column-1e7ee8ea\" class=\"wp-block-themeisle-blocks-advanced-column\"><\/div>\n\n\n\n<div id=\"wp-block-themeisle-blocks-advanced-column-88778da4\" class=\"wp-block-themeisle-blocks-advanced-column\">\n<h4 class=\"wp-block-heading\">Pr\u00e9voyez-vous un s\u00e9jour en Europe?<\/h4>\n\n\n\n<p style=\"padding-right:var(--wp--preset--spacing--30);padding-left:var(--wp--preset--spacing--30)\">Joignez-vous \u00e0 la Communaut\u00e9 Envie d&rsquo;Horizon ! Abonnez-vous \u00e0 <a href=\"https:\/\/www.youtube.com\/@EnviedHorizon\" data-type=\"link\" data-id=\"https:\/\/www.youtube.com\/@EnviedHorizon\" target=\"_blank\" rel=\"noreferrer noopener\"><strong>notre cha\u00eene YouTube<\/strong><\/a> pour explorer des vid\u00e9os captivantes sur sur des destinations mondiales. Restez inform\u00e9 en nous suivant sur <a href=\"https:\/\/horizonaventures.net\/index.php\/582c1-blogger-gb-contact\/\" data-type=\"link\" data-id=\"https:\/\/horizonaventures.net\/index.php\/582c1-blogger-gb-contact\/\" target=\"_blank\" rel=\"noreferrer noopener\"><strong>nos r\u00e9seaux sociaux<\/strong><\/a> pour les derni\u00e8res actualit\u00e9s. Votre avis compte pour nous ! N\u2019h\u00e9sitez pas \u00e0 laisser un commentaire ou \u00e0 nous contacter directement via <a href=\"https:\/\/horizonaventures.net\/index.php\/582c1-blogger-gb-contact\/\" data-type=\"link\" data-id=\"https:\/\/horizonaventures.net\/index.php\/582c1-blogger-gb-contact\/\" target=\"_blank\" rel=\"noreferrer noopener\"><strong>notre page de contact.<\/strong><\/a><\/p>\n<\/div>\n<\/div><\/div>\n\n\n\n<h4 class=\"wp-block-heading has-text-align-center\" style=\"padding-top:var(--wp--preset--spacing--40);padding-bottom:var(--wp--preset--spacing--40)\">Ensemble, explorons les <strong>Pays germanophones d&rsquo;Europe<\/strong> et cr\u00e9ons des souvenirs inoubliables.<\/h4>\n","protected":false},"excerpt":{"rendered":"<p>Ces pays partagent des racines linguistiques et culturelles bas\u00e9es sur le germanique. L&rsquo;allemand est langue officielle en Allemagne, Autriche, Suisse et Liechtenstein, tandis que les Pays-Bas parlent le n\u00e9erlandais, langue \u00e9galement germanique. Leur histoire, leur h\u00e9ritage culturel, et leurs contributions philosophiques et artistiques marquent leur identit\u00e9 commune, m\u00eame avec des diff\u00e9rences politiques et linguistiques. Ces pays incarnent un m\u00e9lange unique de traditions germaniques et modernes.<\/p>\n","protected":false},"author":1,"featured_media":1493,"comment_status":"closed","ping_status":"open","sticky":false,"template":"","format":"standard","meta":{"_seopress_robots_primary_cat":"","_seopress_titles_title":"","_seopress_titles_desc":"","_seopress_robots_index":"","neve_meta_sidebar":"","neve_meta_container":"","neve_meta_enable_content_width":"","neve_meta_content_width":0,"neve_meta_title_alignment":"","neve_meta_author_avatar":"","neve_post_elements_order":"","neve_meta_disable_header":"","neve_meta_disable_footer":"","neve_meta_disable_title":"","_themeisle_gutenberg_block_has_review":false,"footnotes":""},"categories":[38,3],"tags":[39,63,4,33,11],"class_list":["post-1491","post","type-post","status-publish","format-standard","has-post-thumbnail","hentry","category-europe","category-geographie","tag-europe","tag-europe-occidentale","tag-le-monde","tag-tourisme","tag-voyage"],"_links":{"self":[{"href":"https:\/\/horizonaventures.net\/index.php\/wp-json\/wp\/v2\/posts\/1491","targetHints":{"allow":["GET"]}}],"collection":[{"href":"https:\/\/horizonaventures.net\/index.php\/wp-json\/wp\/v2\/posts"}],"about":[{"href":"https:\/\/horizonaventures.net\/index.php\/wp-json\/wp\/v2\/types\/post"}],"author":[{"embeddable":true,"href":"https:\/\/horizonaventures.net\/index.php\/wp-json\/wp\/v2\/users\/1"}],"replies":[{"embeddable":true,"href":"https:\/\/horizonaventures.net\/index.php\/wp-json\/wp\/v2\/comments?post=1491"}],"version-history":[{"count":10,"href":"https:\/\/horizonaventures.net\/index.php\/wp-json\/wp\/v2\/posts\/1491\/revisions"}],"predecessor-version":[{"id":1590,"href":"https:\/\/horizonaventures.net\/index.php\/wp-json\/wp\/v2\/posts\/1491\/revisions\/1590"}],"wp:featuredmedia":[{"embeddable":true,"href":"https:\/\/horizonaventures.net\/index.php\/wp-json\/wp\/v2\/media\/1493"}],"wp:attachment":[{"href":"https:\/\/horizonaventures.net\/index.php\/wp-json\/wp\/v2\/media?parent=1491"}],"wp:term":[{"taxonomy":"category","embeddable":true,"href":"https:\/\/horizonaventures.net\/index.php\/wp-json\/wp\/v2\/categories?post=1491"},{"taxonomy":"post_tag","embeddable":true,"href":"https:\/\/horizonaventures.net\/index.php\/wp-json\/wp\/v2\/tags?post=1491"}],"curies":[{"name":"wp","href":"https:\/\/api.w.org\/{rel}","templated":true}]}}