{"id":1758,"date":"2024-10-16T12:19:51","date_gmt":"2024-10-16T10:19:51","guid":{"rendered":"https:\/\/horizonaventures.net\/?p=1758"},"modified":"2024-10-16T12:21:11","modified_gmt":"2024-10-16T10:21:11","slug":"les-peuples-isoles-et-les-micro-nations","status":"publish","type":"post","link":"https:\/\/horizonaventures.net\/index.php\/2024\/10\/16\/les-peuples-isoles-et-les-micro-nations\/","title":{"rendered":"Les peuples isol\u00e9s et Les micro-nations"},"content":{"rendered":"\n<div id=\"wp-block-themeisle-blocks-advanced-columns-3d41d521\" class=\"wp-block-themeisle-blocks-advanced-columns has-3-columns has-desktop-equal-layout has-tablet-equal-layout has-mobile-collapsedRows-layout has-vertical-unset\"><div class=\"wp-block-themeisle-blocks-advanced-columns-overlay\"><\/div><div class=\"innerblocks-wrap\">\n<div id=\"wp-block-themeisle-blocks-advanced-column-0484565e\" class=\"wp-block-themeisle-blocks-advanced-column\">\n<h2 class=\"wp-block-heading has-text-align-center\"><strong><br>Les peuples isol\u00e9s et <\/strong><br><strong>Les micro-nations<\/strong><br><\/h2>\n\n\n\n<p class=\"has-text-align-center\"><strong>Les peuples isol\u00e9s et les micro-nations sont des exemples fascinants de la diversit\u00e9 humaine. Les peuples isol\u00e9s, comme les Sentinelles du Nord, vivent en dehors de la civilisation moderne, tandis que les micro-nations, telles que Molossia et Liberland, sont des entit\u00e9s autoproclam\u00e9es qui refl\u00e8tent des id\u00e9aux d&rsquo;ind\u00e9pendance. Cet expos\u00e9 explorera les caract\u00e9ristiques, les d\u00e9fis et les impacts de ces communaut\u00e9s uniques sur le monde moderne.<\/strong><\/p>\n<\/div>\n\n\n\n<div id=\"wp-block-themeisle-blocks-advanced-column-e304bd52\" class=\"wp-block-themeisle-blocks-advanced-column\"><\/div>\n\n\n\n<div id=\"wp-block-themeisle-blocks-advanced-column-c35dfe14\" class=\"wp-block-themeisle-blocks-advanced-column\"><div class=\"aligncenter wp-block-site-logo\"><a href=\"https:\/\/horizonaventures.net\/\" class=\"custom-logo-link\" rel=\"home\"><img loading=\"lazy\" decoding=\"async\" width=\"162\" height=\"114\" src=\"https:\/\/horizonaventures.net\/wp-content\/uploads\/2024\/02\/cropped-Envie_d_horizonLogo.png\" class=\"custom-logo\" alt=\"Logo Envie d&#039;horizon\" srcset=\"https:\/\/horizonaventures.net\/wp-content\/uploads\/2024\/02\/cropped-Envie_d_horizonLogo.png 500w, https:\/\/horizonaventures.net\/wp-content\/uploads\/2024\/02\/cropped-Envie_d_horizonLogo-300x212.png 300w\" sizes=\"auto, (max-width: 162px) 100vw, 162px\" \/><\/a><\/div>\n\n\n<hr class=\"wp-block-separator has-alpha-channel-opacity\"\/>\n\n\n\n<figure class=\"wp-block-embed is-type-video is-provider-youtube wp-block-embed-youtube wp-embed-aspect-16-9 wp-has-aspect-ratio\"><div class=\"wp-block-embed__wrapper\">\n<div class=\"nv-iframe-embed\"><iframe loading=\"lazy\" title=\"Zone Plan\u00e9taire \u00c9clectique\" width=\"1200\" height=\"675\" src=\"https:\/\/www.youtube.com\/embed\/zZVx23AFMVg?feature=oembed\" frameborder=\"0\" allow=\"accelerometer; autoplay; clipboard-write; encrypted-media; gyroscope; picture-in-picture; web-share\" referrerpolicy=\"strict-origin-when-cross-origin\" allowfullscreen><\/iframe><\/div>\n<\/div><figcaption class=\"wp-element-caption\">L\u2019article n&rsquo;est pas disponible en video<\/figcaption><\/figure>\n\n\n\n<p class=\"has-text-align-center has-small-font-size\">Exploration G\u00e9ographique :&nbsp;<strong><a href=\"https:\/\/horizonaventures.net\/index.php\/2024\/03\/22\/zone-planetaire-eclectique\/\" data-type=\"post\" data-id=\"501\" target=\"_blank\" rel=\"noreferrer noopener\">Zone Plan\u00e9taire \u00c9clectique<\/a><\/strong><\/p>\n\n\n\n<hr class=\"wp-block-separator has-alpha-channel-opacity\"\/>\n<\/div>\n<\/div><\/div>\n\n\n\n<div id=\"wp-block-themeisle-blocks-advanced-columns-36922587\" class=\"wp-block-themeisle-blocks-advanced-columns has-3-columns has-desktop-equal-layout has-tablet-equal-layout has-mobile-collapsedRows-layout has-vertical-unset\"><div class=\"wp-block-themeisle-blocks-advanced-columns-overlay\"><\/div><div class=\"innerblocks-wrap\">\n<div id=\"wp-block-themeisle-blocks-advanced-column-316d9744\" class=\"wp-block-themeisle-blocks-advanced-column\">\n<h3 class=\"wp-block-heading\">D\u00e9finition des \u00c9tats non reconnus<\/h3>\n\n\n\n<p style=\"padding-right:var(--wp--preset--spacing--30);padding-left:var(--wp--preset--spacing--30)\">Les peuples isol\u00e9s sont des groupes ethniques qui choisissent de vivre en dehors des soci\u00e9t\u00e9s modernes. <\/p>\n\n\n\n<p style=\"padding-right:var(--wp--preset--spacing--30);padding-left:var(--wp--preset--spacing--30)\">Ils pr\u00e9servent des modes de vie traditionnels, souvent en harmonie avec leur environnement. <\/p>\n\n\n\n<p style=\"padding-right:var(--wp--preset--spacing--30);padding-left:var(--wp--preset--spacing--30)\"><strong>Leur isolement peut \u00eatre volontaire ou impos\u00e9 par des facteurs ext\u00e9rieurs<\/strong>. <\/p>\n\n\n\n<p style=\"padding-right:var(--wp--preset--spacing--30);padding-left:var(--wp--preset--spacing--30)\">Ces communaut\u00e9s offrent un aper\u00e7u pr\u00e9cieux des cultures anciennes, des coutumes et des savoirs ancestraux, contribuant ainsi \u00e0 la diversit\u00e9 culturelle de notre plan\u00e8te.<\/p>\n<\/div>\n\n\n\n<div id=\"wp-block-themeisle-blocks-advanced-column-6f1a5b3b\" class=\"wp-block-themeisle-blocks-advanced-column\">\n<h3 class=\"wp-block-heading\">Crit\u00e8res de reconnaissance d&rsquo;un \u00c9tat<\/h3>\n\n\n\n<p style=\"padding-right:var(--wp--preset--spacing--30);padding-left:var(--wp--preset--spacing--30)\">Les micro-nations sont des entit\u00e9s autoproclam\u00e9es <strong>qui pr\u00e9tendent <\/strong>avoir leur propre gouvernement et leur propre territoire, mais qui ne sont g\u00e9n\u00e9ralement pas reconnues par les \u00c9tats souverains. <\/p>\n\n\n\n<p style=\"padding-right:var(--wp--preset--spacing--30);padding-left:var(--wp--preset--spacing--30)\">Ces entit\u00e9s varient en taille, en structure et en ambitions. <\/p>\n\n\n\n<p style=\"padding-right:var(--wp--preset--spacing--30);padding-left:var(--wp--preset--spacing--30)\">Elles peuvent \u00eatre cr\u00e9\u00e9es pour des raisons politiques, id\u00e9ologiques ou simplement pour s&rsquo;amuser. <\/p>\n\n\n\n<p style=\"padding-right:var(--wp--preset--spacing--30);padding-left:var(--wp--preset--spacing--30)\">Les micro-nations repr\u00e9sentent une forme d&rsquo;expression de l&rsquo;identit\u00e9 individuelle et collective.<\/p>\n<\/div>\n\n\n\n<div id=\"wp-block-themeisle-blocks-advanced-column-ddc62680\" class=\"wp-block-themeisle-blocks-advanced-column\">\n<h3 class=\"wp-block-heading has-neve-link-color-color has-text-color has-link-color wp-elements-f5a6ad8bff5d99d975ac97869f969adc\">Exemples de peuples isol\u00e9s<\/h3>\n\n\n\n<p style=\"padding-right:var(--wp--preset--spacing--30);padding-left:var(--wp--preset--spacing--30)\"><strong>Les Sentinelles du Nord<\/strong>, vivant sur l&rsquo;\u00eele de North Sentinel en Inde, sont l&rsquo;exemple le plus connu de peuple isol\u00e9. <\/p>\n\n\n\n<p style=\"padding-right:var(--wp--preset--spacing--30);padding-left:var(--wp--preset--spacing--30)\">Ils ont refus\u00e9 tout contact avec le monde ext\u00e9rieur, conservant leurs traditions et leur mode de vie. <\/p>\n\n\n\n<p style=\"padding-right:var(--wp--preset--spacing--30);padding-left:var(--wp--preset--spacing--30)\">D&rsquo;autres exemples incluent les <strong>Mashco-Piro<\/strong> au P\u00e9rou et <strong>les Korowai <\/strong>en Papouasie. <\/p>\n\n\n\n<p style=\"padding-right:var(--wp--preset--spacing--30);padding-left:var(--wp--preset--spacing--30)\">Ces groupes continuent de d\u00e9fendre leur autonomie et leur identit\u00e9 culturelle face aux pressions de la mondialisation.<\/p>\n<\/div>\n<\/div><\/div>\n\n\n\n<div id=\"wp-block-themeisle-blocks-advanced-columns-3e9cb56f\" class=\"wp-block-themeisle-blocks-advanced-columns has-3-columns has-desktop-equal-layout has-tablet-equal-layout has-mobile-collapsedRows-layout has-vertical-unset\"><div class=\"wp-block-themeisle-blocks-advanced-columns-overlay\"><\/div><div class=\"innerblocks-wrap\">\n<div id=\"wp-block-themeisle-blocks-advanced-column-0bc1b536\" class=\"wp-block-themeisle-blocks-advanced-column\">\n<h3 class=\"wp-block-heading\">Exemples de micro-nations<\/h3>\n\n\n\n<p style=\"padding-right:var(--wp--preset--spacing--30);padding-left:var(--wp--preset--spacing--30)\">Parmi les exemples de micro-nations, <strong>Molossia,<\/strong> dirig\u00e9e par Kevin Baugh, est une micro-nation autoproclam\u00e9e dans le Nevada, tandis que <strong>Liberland,<\/strong> fond\u00e9e en 2015 sur un terrain contest\u00e9 <strong>entre la Croatie et la Serbie<\/strong>, revendique l&rsquo;ind\u00e9pendance et la d\u00e9mocratie. <\/p>\n\n\n\n<p style=\"padding-right:var(--wp--preset--spacing--30);padding-left:var(--wp--preset--spacing--30)\">Ces micro-nations, bien que souvent humoristiques, soul\u00e8vent des questions sur la souverainet\u00e9 et les droits des peuples.<\/p>\n\n\n<div class=\"aligncenter wp-block-site-logo\"><a href=\"https:\/\/horizonaventures.net\/\" class=\"custom-logo-link\" rel=\"home\"><img loading=\"lazy\" decoding=\"async\" width=\"107\" height=\"75\" src=\"https:\/\/horizonaventures.net\/wp-content\/uploads\/2024\/02\/cropped-Envie_d_horizonLogo.png\" class=\"custom-logo\" alt=\"Logo Envie d&#039;horizon\" srcset=\"https:\/\/horizonaventures.net\/wp-content\/uploads\/2024\/02\/cropped-Envie_d_horizonLogo.png 500w, https:\/\/horizonaventures.net\/wp-content\/uploads\/2024\/02\/cropped-Envie_d_horizonLogo-300x212.png 300w\" sizes=\"auto, (max-width: 107px) 100vw, 107px\" \/><\/a><\/div><\/div>\n\n\n\n<div id=\"wp-block-themeisle-blocks-advanced-column-66f4f1fd\" class=\"wp-block-themeisle-blocks-advanced-column\"><div class=\"wp-block-image\">\n<figure class=\"aligncenter size-full is-resized has-custom-border\"><img alt=\"\" loading=\"lazy\" decoding=\"async\" width=\"576\" height=\"1024\" src=\"https:\/\/horizonaventures.net\/wp-content\/uploads\/2024\/10\/511f57a0-6164-4d72-b839-df9fcd2eabdb-edited.png\" alt=\"\" class=\"wp-image-1763\" style=\"border-width:1px;border-radius:10px;width:313px;height:auto\" srcset=\"https:\/\/horizonaventures.net\/wp-content\/uploads\/2024\/10\/511f57a0-6164-4d72-b839-df9fcd2eabdb-edited.png 576w, https:\/\/horizonaventures.net\/wp-content\/uploads\/2024\/10\/511f57a0-6164-4d72-b839-df9fcd2eabdb-edited-169x300.png 169w\" sizes=\"auto, (max-width: 576px) 100vw, 576px\" \/><\/figure>\n<\/div><\/div>\n\n\n\n<div id=\"wp-block-themeisle-blocks-advanced-column-edb278fa\" class=\"wp-block-themeisle-blocks-advanced-column\">\n<h3 class=\"wp-block-heading\">Motivations derri\u00e8re les micro-nations<\/h3>\n\n\n\n<p style=\"padding-right:var(--wp--preset--spacing--30);padding-left:var(--wp--preset--spacing--30)\">Les motivations pour cr\u00e9er une micro-nation varient consid\u00e9rablement. <\/p>\n\n\n\n<p style=\"padding-right:var(--wp--preset--spacing--30);padding-left:var(--wp--preset--spacing--30)\">Certains cherchent \u00e0 fuir les contraintes de la bureaucratie, tandis que d&rsquo;autres veulent promouvoir des id\u00e9aux politiques ou sociaux. <\/p>\n\n\n\n<p style=\"padding-right:var(--wp--preset--spacing--30);padding-left:var(--wp--preset--spacing--30)\">Des personnes peuvent aussi cr\u00e9er des micro-nations pour exprimer leur cr\u00e9ativit\u00e9 ou leur sens de l&rsquo;humour. <\/p>\n\n\n\n<p style=\"padding-right:var(--wp--preset--spacing--30);padding-left:var(--wp--preset--spacing--30)\">Quelles que soient les raisons, ces initiatives refl\u00e8tent le d\u00e9sir d&rsquo;autonomie et d&rsquo;innovation.<\/p>\n<\/div>\n<\/div><\/div>\n\n\n\n<div id=\"wp-block-themeisle-blocks-advanced-columns-674d90e0\" class=\"wp-block-themeisle-blocks-advanced-columns has-3-columns has-desktop-equal-layout has-tablet-equal-layout has-mobile-collapsedRows-layout has-vertical-unset\"><div class=\"wp-block-themeisle-blocks-advanced-columns-overlay\"><\/div><div class=\"innerblocks-wrap\">\n<div id=\"wp-block-themeisle-blocks-advanced-column-07007b8c\" class=\"wp-block-themeisle-blocks-advanced-column\">\n<h3 class=\"wp-block-heading\">Relations entre peuples isol\u00e9s et micro-nations<\/h3>\n\n\n\n<p style=\"padding-right:var(--wp--preset--spacing--30);padding-left:var(--wp--preset--spacing--30)\">Bien que les peuples isol\u00e9s et les micro-nations semblent diff\u00e9rents, ils partagent des points communs. <\/p>\n\n\n\n<p style=\"padding-right:var(--wp--preset--spacing--30);padding-left:var(--wp--preset--spacing--30)\">Tous deux expriment une qu\u00eate d&rsquo;autonomie et de pr\u00e9servation d&rsquo;identit\u00e9 culturelle. <\/p>\n\n\n\n<p style=\"padding-right:var(--wp--preset--spacing--30);padding-left:var(--wp--preset--spacing--30)\">Les peuples isol\u00e9s luttent pour <strong>d\u00e9fendre leurs droits face aux menaces ext\u00e9rieures<\/strong>, tandis que les micro-nations revendiquent leur ind\u00e9pendance en dehors des structures \u00e9tatiques. <\/p>\n\n\n\n<p style=\"padding-right:var(--wp--preset--spacing--30);padding-left:var(--wp--preset--spacing--30)\">Ces deux r\u00e9alit\u00e9s soulignent l&rsquo;importance de la diversit\u00e9 culturelle et des aspirations humaines.<\/p>\n<\/div>\n\n\n\n<div id=\"wp-block-themeisle-blocks-advanced-column-f9b13965\" class=\"wp-block-themeisle-blocks-advanced-column\">\n<h3 class=\"wp-block-heading\">Le tourisme chez les peuples isol\u00e9s<\/h3>\n\n\n\n<p style=\"padding-right:var(--wp--preset--spacing--30);padding-left:var(--wp--preset--spacing--30)\">Le tourisme aupr\u00e8s des peuples isol\u00e9s peut sembler attrayant, mais il pose de graves probl\u00e8mes. <\/p>\n\n\n\n<p style=\"padding-right:var(--wp--preset--spacing--30);padding-left:var(--wp--preset--spacing--30)\">Ces communaut\u00e9s, souvent vuln\u00e9rables, subissent des pressions \u00e9conomiques et culturelles. <\/p>\n\n\n\n<p style=\"padding-right:var(--wp--preset--spacing--30);padding-left:var(--wp--preset--spacing--30)\">L&rsquo;afflux de visiteurs entra\u00eene la d\u00e9gradation de leurs traditions et de leur environnement. <\/p>\n\n\n\n<p style=\"padding-right:var(--wp--preset--spacing--30);padding-left:var(--wp--preset--spacing--30)\">De plus, l&rsquo;exploitation commerciale de leur mode de vie peut nuire \u00e0 leur identit\u00e9 et \u00e0 leur autonomie. <\/p>\n\n\n\n<p style=\"padding-right:var(--wp--preset--spacing--30);padding-left:var(--wp--preset--spacing--30)\">Ainsi, <strong>le tourisme dans ces zones doit \u00eatre abord\u00e9 avec prudence et respect<\/strong>.<\/p>\n<\/div>\n\n\n\n<div id=\"wp-block-themeisle-blocks-advanced-column-5c6a9c1f\" class=\"wp-block-themeisle-blocks-advanced-column\">\n<h3 class=\"wp-block-heading\">Le tourisme dans les micro-nations : une aventure unique<\/h3>\n\n\n\n<p>Le tourisme dans les micro-nations offre une exp\u00e9rience authentique et unique aux voyageurs. <\/p>\n\n\n\n<p>Ces petites entit\u00e9s, souvent m\u00e9connues, permettent aux visiteurs de d\u00e9couvrir des cultures diverses et des modes de vie alternatifs. <\/p>\n\n\n\n<p>En visitant des micro-nations comme Molossia ou Liberland,<strong> les touristes soutiennent des initiatives locales<\/strong> et favorisent la durabilit\u00e9. <\/p>\n\n\n\n<p>Cependant, il est essentiel de respecter leur identit\u00e9 et leurs traditions pour garantir un impact positif sur ces communaut\u00e9s particuli\u00e8res.<\/p>\n<\/div>\n<\/div><\/div>\n\n\n\n<div id=\"wp-block-themeisle-blocks-advanced-columns-882bac18\" class=\"wp-block-themeisle-blocks-advanced-columns has-2-columns has-desktop-equal-layout has-tablet-equal-layout has-mobile-collapsedRows-layout has-vertical-unset\"><div class=\"wp-block-themeisle-blocks-advanced-columns-overlay\"><\/div><div class=\"innerblocks-wrap\">\n<div id=\"wp-block-themeisle-blocks-advanced-column-95f150b0\" class=\"wp-block-themeisle-blocks-advanced-column\">\n<h3 class=\"wp-block-heading\">L&rsquo;Organisation de la microfrancophonie<\/h3>\n\n\n\n<p>L&rsquo;Organisation de la microfrancophonie regroupe des micro-nations francophones, dont <strong>la R\u00e9publique de Saint-Castin<\/strong>, en hommage \u00e0 Jean-Vincent d\u2019Abbadie, et <strong>la Principaut\u00e9 d&rsquo;Aigues-Mortes<\/strong>, une entit\u00e9 humoristique situ\u00e9e en Camargue. <\/p>\n\n\n\n<p>Ces micro-nations c\u00e9l\u00e8brent la langue et la culture fran\u00e7aises \u00e0 travers des initiatives culturelles et artistiques, attirant les curieux d\u00e9sireux de d\u00e9couvrir un univers unique et d\u00e9cal\u00e9.<\/p>\n\n\n\n<p class=\"has-text-align-center\"><a href=\"https:\/\/www.microfrancophonie.org\">https:\/\/www.microfrancophonie.org<\/a><\/p>\n\n\n<div class=\"is-default-size aligncenter wp-block-site-logo\"><a href=\"https:\/\/horizonaventures.net\/\" class=\"custom-logo-link\" rel=\"home\"><img loading=\"lazy\" decoding=\"async\" width=\"500\" height=\"353\" src=\"https:\/\/horizonaventures.net\/wp-content\/uploads\/2024\/02\/cropped-Envie_d_horizonLogo.png\" class=\"custom-logo\" alt=\"Logo Envie d&#039;horizon\" srcset=\"https:\/\/horizonaventures.net\/wp-content\/uploads\/2024\/02\/cropped-Envie_d_horizonLogo.png 500w, https:\/\/horizonaventures.net\/wp-content\/uploads\/2024\/02\/cropped-Envie_d_horizonLogo-300x212.png 300w\" sizes=\"auto, (max-width: 500px) 100vw, 500px\" \/><\/a><\/div><\/div>\n\n\n\n<div id=\"wp-block-themeisle-blocks-advanced-column-1b0f933d\" class=\"wp-block-themeisle-blocks-advanced-column\"><div class=\"wp-block-image\">\n<figure class=\"aligncenter size-full is-resized has-custom-border\"><a href=\"https:\/\/www.molossia.org\/\"><img alt=\"\" loading=\"lazy\" decoding=\"async\" width=\"1032\" height=\"817\" src=\"https:\/\/horizonaventures.net\/wp-content\/uploads\/2024\/10\/Molossia.png\" alt=\"\" class=\"wp-image-1764\" style=\"border-width:1px;border-radius:10px;width:512px;height:auto\" srcset=\"https:\/\/horizonaventures.net\/wp-content\/uploads\/2024\/10\/Molossia.png 1032w, https:\/\/horizonaventures.net\/wp-content\/uploads\/2024\/10\/Molossia-300x238.png 300w, https:\/\/horizonaventures.net\/wp-content\/uploads\/2024\/10\/Molossia-1024x811.png 1024w, https:\/\/horizonaventures.net\/wp-content\/uploads\/2024\/10\/Molossia-768x608.png 768w\" sizes=\"auto, (max-width: 1032px) 100vw, 1032px\" \/><\/a><\/figure>\n<\/div><\/div>\n<\/div><\/div>\n\n\n\n<div id=\"wp-block-themeisle-blocks-advanced-columns-6227b991\" class=\"wp-block-themeisle-blocks-advanced-columns has-3-columns has-desktop-equal-layout has-tablet-equal-layout has-mobile-collapsedRows-layout has-vertical-unset\"><div class=\"wp-block-themeisle-blocks-advanced-columns-overlay\"><\/div><div class=\"innerblocks-wrap\">\n<div id=\"wp-block-themeisle-blocks-advanced-column-ea8e9bc6\" class=\"wp-block-themeisle-blocks-advanced-column\">\n<h3 class=\"wp-block-heading\" style=\"padding-right:var(--wp--preset--spacing--50);padding-left:0px\">Royaume d&rsquo;Araucanie et de Patagonie<\/h3>\n\n\n\n<p style=\"padding-right:var(--wp--preset--spacing--30);padding-left:var(--wp--preset--spacing--30)\">Le Royaume d&rsquo;Araucanie et de Patagonie,<strong> fond\u00e9 en 1860<\/strong> par le Fran\u00e7ais Antoine de Tounens, est <strong>une monarchie autoproclam\u00e9e<\/strong> situ\u00e9e dans le sud de l&rsquo;Argentine et du Chili. <\/p>\n\n\n\n<p style=\"padding-right:var(--wp--preset--spacing--30);padding-left:var(--wp--preset--spacing--30)\">Bien que non reconnu internationalement, ce royaume symbolise <strong>la r\u00e9sistance historique des peuples Mapuche<\/strong> contre la colonisation. <\/p>\n\n\n\n<p style=\"padding-right:var(--wp--preset--spacing--30);padding-left:var(--wp--preset--spacing--30)\">Aujourd&rsquo;hui, il attire les curieux et passionn\u00e9s d&rsquo;histoire pour son h\u00e9ritage culturel et politique unique.<\/p>\n\n\n\n<p class=\"has-text-align-center\">http:\/\/www.araucanie.com\/<\/p>\n<\/div>\n\n\n\n<div id=\"wp-block-themeisle-blocks-advanced-column-09fc5516\" class=\"wp-block-themeisle-blocks-advanced-column\">\n<h3 class=\"wp-block-heading\">R\u00e9publique glaciaire<\/h3>\n\n\n\n<p style=\"padding-right:var(--wp--preset--spacing--30);padding-left:var(--wp--preset--spacing--30)\">La R\u00e9publique Glaciaire est une micro-nation <strong>cr\u00e9\u00e9e par Greenpeace<\/strong> au Chili pour protester contre l&rsquo;exploitation mini\u00e8re des glaciers, mettant en avant un vide juridique sur leur protection.<\/p>\n\n\n\n<p style=\"padding-right:var(--wp--preset--spacing--30);padding-left:var(--wp--preset--spacing--30)\">Greenpeace promet de dissoudre la R\u00e9publique une fois que le Chili reconna\u00eetra l\u00e9galement ses glaciers.<\/p>\n\n\n\n<p style=\"padding-right:var(--wp--preset--spacing--30);padding-left:var(--wp--preset--spacing--30)\"> <strong>Avec plus de 90 000 citoyens<\/strong>, cette initiative a contribu\u00e9 \u00e0 l&rsquo;\u00e9laboration d&rsquo;une loi sous le gouvernement de Michelle Bachelet.<\/p>\n\n\n\n<p class=\"has-text-align-center\">Site non fonctionnel (Oct-2024)<br>https:\/\/republicaglaciar.cl<\/p>\n<\/div>\n\n\n\n<div id=\"wp-block-themeisle-blocks-advanced-column-2b90f083\" class=\"wp-block-themeisle-blocks-advanced-column\">\n<h3 class=\"wp-block-heading\" style=\"padding-right:var(--wp--preset--spacing--30);padding-left:var(--wp--preset--spacing--30)\">R\u00e9publique de\u00a0Molossia<\/h3>\n\n\n\n<p style=\"padding-right:var(--wp--preset--spacing--30);padding-left:var(--wp--preset--spacing--30)\">La R\u00e9publique de Molossia, <strong>fond\u00e9e en 1977 <\/strong>par Kevin Baugh, est une micro-nation autoproclam\u00e9e <strong>situ\u00e9e dans le Nevada, aux \u00c9tats-Unis<\/strong>. <\/p>\n\n\n\n<p style=\"padding-right:var(--wp--preset--spacing--30);padding-left:var(--wp--preset--spacing--30)\">Avec son propre gouvernement, monnaie et lois, Molossia <strong>incarne une aventure humoristique et cr\u00e9ative<\/strong>. <\/p>\n\n\n\n<p style=\"padding-right:var(--wp--preset--spacing--30);padding-left:var(--wp--preset--spacing--30)\">Elle attire des visiteurs curieux de d\u00e9couvrir cette mini-nation excentrique, tout en mettant en sc\u00e8ne une forme de satire de la souverainet\u00e9 et des \u00c9tats modernes.<\/p>\n\n\n\n<p class=\"has-text-align-center\"><a href=\"https:\/\/www.molossia.org\/\">https:\/\/www.molossia.org\/<\/a><\/p>\n<\/div>\n<\/div><\/div>\n\n\n\n<div id=\"wp-block-themeisle-blocks-advanced-columns-27429f28\" class=\"wp-block-themeisle-blocks-advanced-columns has-2-columns has-desktop-equal-layout has-tablet-equal-layout has-mobile-collapsedRows-layout has-vertical-unset\"><div class=\"wp-block-themeisle-blocks-advanced-columns-overlay\"><\/div><div class=\"innerblocks-wrap\">\n<div id=\"wp-block-themeisle-blocks-advanced-column-123dd03b\" class=\"wp-block-themeisle-blocks-advanced-column\"><div class=\"wp-block-image\">\n<figure class=\"aligncenter size-full is-resized has-custom-border\"><a href=\"https:\/\/liberland.org\"><img alt=\"\" loading=\"lazy\" decoding=\"async\" width=\"1103\" height=\"896\" src=\"https:\/\/horizonaventures.net\/wp-content\/uploads\/2024\/10\/liberland.png\" alt=\"\" class=\"wp-image-1765\" style=\"border-width:1px;border-radius:10px;width:457px;height:auto\" srcset=\"https:\/\/horizonaventures.net\/wp-content\/uploads\/2024\/10\/liberland.png 1103w, https:\/\/horizonaventures.net\/wp-content\/uploads\/2024\/10\/liberland-300x244.png 300w, https:\/\/horizonaventures.net\/wp-content\/uploads\/2024\/10\/liberland-1024x832.png 1024w, https:\/\/horizonaventures.net\/wp-content\/uploads\/2024\/10\/liberland-768x624.png 768w\" sizes=\"auto, (max-width: 1103px) 100vw, 1103px\" \/><\/a><\/figure>\n<\/div><\/div>\n\n\n\n<div id=\"wp-block-themeisle-blocks-advanced-column-865cad4c\" class=\"wp-block-themeisle-blocks-advanced-column\">\n<h3 class=\"wp-block-heading\">R\u00e9publique du Liberland<\/h3>\n\n\n\n<p>La R\u00e9publique du Liberland, <strong>fond\u00e9e en 2015<\/strong> par V\u00edt Jedli\u010dka, est une micro-nation situ\u00e9e sur une bande de terre contest\u00e9e <strong>entre la Croatie et la Serbie<\/strong>. <\/p>\n\n\n\n<p>Reposant sur des principes de libert\u00e9 individuelle et de faible taxation, Liberland attire les partisans d&rsquo;un mod\u00e8le \u00e9tatique minimaliste. <\/p>\n\n\n\n<p>Bien que non reconnu internationalement, ce projet suscite l&rsquo;int\u00e9r\u00eat des libertaires et des innovateurs.<\/p>\n\n\n\n<p class=\"has-text-align-center\"><a href=\"https:\/\/liberland.org\">https:\/\/liberland.org<\/a><\/p>\n<\/div>\n<\/div><\/div>\n\n\n\n<div id=\"wp-block-themeisle-blocks-advanced-columns-93924741\" class=\"wp-block-themeisle-blocks-advanced-columns has-3-columns has-desktop-equal-layout has-tablet-equal-layout has-mobile-collapsedRows-layout has-vertical-unset\"><div class=\"wp-block-themeisle-blocks-advanced-columns-overlay\"><\/div><div class=\"innerblocks-wrap\">\n<div id=\"wp-block-themeisle-blocks-advanced-column-4b7b6fb9\" class=\"wp-block-themeisle-blocks-advanced-column\">\n<h3 class=\"wp-block-heading\" style=\"padding-right:var(--wp--preset--spacing--50)\">Royaume d&rsquo;Elleore<\/h3>\n\n\n\n<p style=\"padding-right:var(--wp--preset--spacing--30);padding-left:var(--wp--preset--spacing--30)\">Le Royaume d&rsquo;Elleore, <strong>fond\u00e9 en 1944<\/strong>, est une micro-nation situ\u00e9e sur une petite \u00eele au large du Danemark. <\/p>\n\n\n\n<p style=\"padding-right:var(--wp--preset--spacing--30);padding-left:var(--wp--preset--spacing--30)\">Cr\u00e9\u00e9 par un groupe d&rsquo;enseignants comme une satire de la monarchie, Elleore a son propre roi, monnaie et lois. <\/p>\n\n\n\n<p style=\"padding-right:var(--wp--preset--spacing--30);padding-left:var(--wp--preset--spacing--30)\">Ce royaume fictif, c\u00e9l\u00e9brant un esprit de communaut\u00e9 et d&rsquo;humour, attire les curieux et les passionn\u00e9s d&rsquo;histoires de micro-nations insolites.<\/p>\n\n\n\n<p class=\"has-text-align-center\"><a href=\"https:\/\/www.elleore.dk\">https:\/\/www.elleore.dk<\/a><\/p>\n\n\n<div class=\"is-default-size aligncenter wp-block-site-logo\"><a href=\"https:\/\/horizonaventures.net\/\" class=\"custom-logo-link\" rel=\"home\"><img loading=\"lazy\" decoding=\"async\" width=\"500\" height=\"353\" src=\"https:\/\/horizonaventures.net\/wp-content\/uploads\/2024\/02\/cropped-Envie_d_horizonLogo.png\" class=\"custom-logo\" alt=\"Logo Envie d&#039;horizon\" srcset=\"https:\/\/horizonaventures.net\/wp-content\/uploads\/2024\/02\/cropped-Envie_d_horizonLogo.png 500w, https:\/\/horizonaventures.net\/wp-content\/uploads\/2024\/02\/cropped-Envie_d_horizonLogo-300x212.png 300w\" sizes=\"auto, (max-width: 500px) 100vw, 500px\" \/><\/a><\/div><\/div>\n\n\n\n<div id=\"wp-block-themeisle-blocks-advanced-column-1e7ee8ea\" class=\"wp-block-themeisle-blocks-advanced-column\">\n<h3 class=\"wp-block-heading has-neve-link-color-color has-text-color has-link-color wp-elements-e6b985c6f2dd6894d3b004457a8d8a40\">R\u00e9publique de Montmartre<\/h3>\n\n\n\n<p style=\"padding-right:var(--wp--preset--spacing--30);padding-left:var(--wp--preset--spacing--30)\">La R\u00e9publique de Montmartre, <strong>fond\u00e9e en 1920 \u00e0 Paris<\/strong>, est une micro-nation symbolique et artistique. <\/p>\n\n\n\n<p style=\"padding-right:var(--wp--preset--spacing--30);padding-left:var(--wp--preset--spacing--30)\">Cr\u00e9\u00e9e par des artistes et intellectuels, elle vise \u00e0 pr\u00e9server l&rsquo;esprit boh\u00e8me et cr\u00e9atif du quartier de Montmartre. <\/p>\n\n\n\n<p style=\"padding-right:var(--wp--preset--spacing--30);padding-left:var(--wp--preset--spacing--30)\">Connue pour ses \u00e9v\u00e9nements culturels et caritatifs, cette r\u00e9publique fictive c\u00e9l\u00e8bre l&rsquo;art, la convivialit\u00e9 et l&rsquo;h\u00e9ritage du c\u00e9l\u00e8bre quartier parisien, attirant artistes et visiteurs passionn\u00e9s d&rsquo;histoire culturelle.<\/p>\n\n\n\n<p class=\"has-text-align-center\"><a href=\"https:\/\/www.republique-de-montmartre.com\">https:\/\/www.republique-de-montmartre.com<\/a><\/p>\n<\/div>\n\n\n\n<div id=\"wp-block-themeisle-blocks-advanced-column-952d4664\" class=\"wp-block-themeisle-blocks-advanced-column\">\n<h3 class=\"wp-block-heading has-neve-link-color-color has-text-color has-link-color wp-elements-7731ea6307b06b68a89fecaf64ce4412\">R\u00e9publique libre du Saugeais<\/h3>\n\n\n\n<p style=\"padding-right:var(--wp--preset--spacing--30);padding-left:var(--wp--preset--spacing--30)\">La R\u00e9publique libre du Saugeais, <strong>fond\u00e9e en 1947<\/strong>, est une micro-nation situ\u00e9e <strong>dans le d\u00e9partement du Doubs<\/strong>, en France. <\/p>\n\n\n\n<p style=\"padding-right:var(--wp--preset--spacing--30);padding-left:var(--wp--preset--spacing--30)\">Cr\u00e9\u00e9e de mani\u00e8re humoristique par Georges Pourchet, elle poss\u00e8de un pr\u00e9sident \u00e9lu, des douaniers et m\u00eame des passeports symboliques. <\/p>\n\n\n\n<p style=\"padding-right:var(--wp--preset--spacing--30);padding-left:var(--wp--preset--spacing--30)\">Ce territoire pittoresque des montagnes du Jura attire les curieux pour son folklore, son histoire insolite et son accueil chaleureux empreint de tradition.<\/p>\n\n\n\n<p class=\"has-text-align-center\"><a href=\"https:\/\/www.destination-haut-doubs.com\/la-republique-du-saugeais.html\">https:\/\/www.destination-haut-doubs.com\/la-republique-du-saugeais.html<\/a><\/p>\n<\/div>\n<\/div><\/div>\n\n\n\n<div id=\"wp-block-themeisle-blocks-advanced-columns-4210fe00\" class=\"wp-block-themeisle-blocks-advanced-columns has-2-columns has-desktop-equal-layout has-tablet-equal-layout has-mobile-collapsedRows-layout has-vertical-unset\"><div class=\"wp-block-themeisle-blocks-advanced-columns-overlay\"><\/div><div class=\"innerblocks-wrap\">\n<div id=\"wp-block-themeisle-blocks-advanced-column-2ff6de0d\" class=\"wp-block-themeisle-blocks-advanced-column\"><div class=\"wp-block-image\">\n<figure class=\"aligncenter size-full is-resized has-custom-border\"><a href=\"https:\/\/sealandgov.org\"><img alt=\"\" loading=\"lazy\" decoding=\"async\" width=\"1686\" height=\"839\" src=\"https:\/\/horizonaventures.net\/wp-content\/uploads\/2024\/10\/Sealand.png\" alt=\"\" class=\"wp-image-1766\" style=\"border-width:1px;border-radius:10px;width:597px;height:auto\" srcset=\"https:\/\/horizonaventures.net\/wp-content\/uploads\/2024\/10\/Sealand.png 1686w, https:\/\/horizonaventures.net\/wp-content\/uploads\/2024\/10\/Sealand-300x149.png 300w, https:\/\/horizonaventures.net\/wp-content\/uploads\/2024\/10\/Sealand-1024x510.png 1024w, https:\/\/horizonaventures.net\/wp-content\/uploads\/2024\/10\/Sealand-768x382.png 768w, https:\/\/horizonaventures.net\/wp-content\/uploads\/2024\/10\/Sealand-1536x764.png 1536w\" sizes=\"auto, (max-width: 1686px) 100vw, 1686px\" \/><\/a><\/figure>\n<\/div><\/div>\n\n\n\n<div id=\"wp-block-themeisle-blocks-advanced-column-c8b3c877\" class=\"wp-block-themeisle-blocks-advanced-column\">\n<h3 class=\"wp-block-heading\">Principaut\u00e9 de Sealand<\/h3>\n\n\n\n<p>La Principaut\u00e9 de Sealand,<strong> fond\u00e9e en 1967 <\/strong>par Roy Bates, est une micro-nation situ\u00e9e sur une plateforme militaire d\u00e9saffect\u00e9e <strong>au large des c\u00f4tes britanniques<\/strong>. <\/p>\n\n\n\n<p>Autoproclam\u00e9e ind\u00e9pendante, Sealand poss\u00e8de son propre drapeau, monnaie et gouvernement. <\/p>\n\n\n\n<p>Bien qu&rsquo;elle ne soit pas reconnue internationalement, elle attire l&rsquo;attention pour son histoire unique et son statut symbolique d&rsquo;\u00c9tat minimaliste en mer.<\/p>\n\n\n\n<p class=\"has-text-align-center\"><a href=\"https:\/\/sealandgov.org\">https:\/\/sealandgov.org<\/a><\/p>\n<\/div>\n<\/div><\/div>\n\n\n\n<div id=\"wp-block-themeisle-blocks-advanced-columns-c2065d26\" class=\"wp-block-themeisle-blocks-advanced-columns has-2-columns has-desktop-equal-layout has-tablet-equal-layout has-mobile-collapsedRows-layout has-vertical-unset\"><div class=\"wp-block-themeisle-blocks-advanced-columns-overlay\"><\/div><div class=\"innerblocks-wrap\">\n<div id=\"wp-block-themeisle-blocks-advanced-column-7b34fddb\" class=\"wp-block-themeisle-blocks-advanced-column\">\n<h3 class=\"wp-block-heading\">Nation of Celestial Space ou Celestia<\/h3>\n\n\n\n<p>La Nation de l&rsquo;espace c\u00e9leste, fond\u00e9e par James T. Mangan <strong>en 1949<\/strong>, <strong>revendique l&rsquo;ensemble de l&rsquo;Espace, \u00e0 l&rsquo;exception de la Terre<\/strong>, pour \u00e9viter l&rsquo;h\u00e9g\u00e9monie politique. <\/p>\n\n\n\n<p>Mangan envoie sa revendication aux \u00c9tats-Unis, \u00e0 l&rsquo;Union sovi\u00e9tique, au Royaume-Uni et aux Nations Unies pour interdire les essais nucl\u00e9aires atmosph\u00e9riques. <\/p>\n\n\n\n<p>Bien que <strong>le drapeau de Celestia ait \u00e9t\u00e9 hiss\u00e9 \u00e0 l&rsquo;ONU<\/strong>, ses revendications s&rsquo;\u00e9teignent avec la mort de son fondateur.<\/p>\n\n\n\n<p class=\"has-text-align-center\"><a href=\"https:\/\/nationofcelestialspace.com\">https:\/\/nationofcelestialspace.com<\/a><\/p>\n<\/div>\n\n\n\n<div id=\"wp-block-themeisle-blocks-advanced-column-73e7cfc5\" class=\"wp-block-themeisle-blocks-advanced-column\"><div class=\"wp-block-image\">\n<figure class=\"aligncenter size-full is-resized has-custom-border\"><a href=\"https:\/\/nationofcelestialspace.com\"><img alt=\"\" loading=\"lazy\" decoding=\"async\" width=\"1135\" height=\"806\" src=\"https:\/\/horizonaventures.net\/wp-content\/uploads\/2024\/10\/Celestia.png\" alt=\"\" class=\"wp-image-1768\" style=\"border-width:1px;border-radius:10px;width:457px;height:auto\" srcset=\"https:\/\/horizonaventures.net\/wp-content\/uploads\/2024\/10\/Celestia.png 1135w, https:\/\/horizonaventures.net\/wp-content\/uploads\/2024\/10\/Celestia-300x213.png 300w, https:\/\/horizonaventures.net\/wp-content\/uploads\/2024\/10\/Celestia-1024x727.png 1024w, https:\/\/horizonaventures.net\/wp-content\/uploads\/2024\/10\/Celestia-768x545.png 768w\" sizes=\"auto, (max-width: 1135px) 100vw, 1135px\" \/><\/a><\/figure>\n<\/div><\/div>\n<\/div><\/div>\n\n\n\n<div id=\"wp-block-themeisle-blocks-advanced-columns-7f73484e\" class=\"wp-block-themeisle-blocks-advanced-columns has-1-columns has-desktop-equal-layout has-tablet-equal-layout has-mobile-equal-layout has-vertical-unset\"><div class=\"wp-block-themeisle-blocks-advanced-columns-overlay\"><\/div><div class=\"innerblocks-wrap\">\n<div id=\"wp-block-themeisle-blocks-advanced-column-b92d620b\" class=\"wp-block-themeisle-blocks-advanced-column\">\n<h4 class=\"wp-block-heading\">\u00cates-vous pr\u00eat \u00e0 explorer ces r\u00e9gions?<\/h4>\n\n\n\n<p class=\"has-background\" style=\"background:linear-gradient(262deg,rgb(238,238,238) 79%,rgb(169,184,195) 100%);padding-right:var(--wp--preset--spacing--30);padding-left:var(--wp--preset--spacing--30)\">Rejoignez la Communaut\u00e9 Horizon ! Abonnez-vous \u00e0 <a href=\"https:\/\/www.youtube.com\/@EnviedHorizon\" data-type=\"link\" data-id=\"https:\/\/www.youtube.com\/@EnviedHorizon\" target=\"_blank\" rel=\"noreferrer noopener\"><strong>notre cha\u00eene YouTube<\/strong><\/a> pour d\u00e9couvrir des vid\u00e9os captivantes sur des destinations du monde entier. Ne ratez aucune des derni\u00e8res actualit\u00e9s en nous suivant sur <a href=\"https:\/\/horizonaventures.net\/index.php\/582c1-blogger-gb-contact\/\" data-type=\"link\" data-id=\"https:\/\/horizonaventures.net\/index.php\/582c1-blogger-gb-contact\/\" target=\"_blank\" rel=\"noreferrer noopener\"><strong>nos r\u00e9seaux sociaux<\/strong><\/a>. Votre avis compte pour nous ! N\u2019h\u00e9sitez pas \u00e0 laisser un commentaire ou \u00e0 nous contacter directement via <a href=\"https:\/\/horizonaventures.net\/index.php\/582c1-blogger-gb-contact\/\" data-type=\"link\" data-id=\"https:\/\/horizonaventures.net\/index.php\/582c1-blogger-gb-contact\/\" target=\"_blank\" rel=\"noreferrer noopener\"><strong>notre page de contact.<\/strong><\/a><\/p>\n<\/div>\n<\/div><\/div>\n\n\n\n<h4 class=\"wp-block-heading has-text-align-center\" style=\"padding-top:var(--wp--preset--spacing--40);padding-bottom:var(--wp--preset--spacing--40)\">Ensemble, partons \u00e0 la d\u00e9couverte du monde et cr\u00e9ons des souvenirs inoubliables !<\/h4>\n","protected":false},"excerpt":{"rendered":"<p>Les peuples isol\u00e9s et les micro-nations sont des exemples fascinants de la diversit\u00e9 humaine. Les peuples isol\u00e9s, comme les Sentinelles du Nord, vivent en dehors de la civilisation moderne, tandis que les micro-nations, telles que Molossia et Liberland, sont des entit\u00e9s autoproclam\u00e9es qui refl\u00e8tent des id\u00e9aux d&rsquo;ind\u00e9pendance. Cet expos\u00e9 explorera les caract\u00e9ristiques, les d\u00e9fis et les impacts de ces communaut\u00e9s uniques sur le monde moderne.<\/p>\n","protected":false},"author":1,"featured_media":1762,"comment_status":"closed","ping_status":"open","sticky":false,"template":"","format":"standard","meta":{"_seopress_robots_primary_cat":"","_seopress_titles_title":"","_seopress_titles_desc":"","_seopress_robots_index":"","neve_meta_sidebar":"","neve_meta_container":"","neve_meta_enable_content_width":"","neve_meta_content_width":0,"neve_meta_title_alignment":"","neve_meta_author_avatar":"","neve_post_elements_order":"","neve_meta_disable_header":"","neve_meta_disable_footer":"","neve_meta_disable_title":"","_themeisle_gutenberg_block_has_review":false,"footnotes":""},"categories":[3,42],"tags":[4,33,11],"class_list":["post-1758","post","type-post","status-publish","format-standard","has-post-thumbnail","hentry","category-geographie","category-zone-planetaire-eclectique","tag-le-monde","tag-tourisme","tag-voyage"],"_links":{"self":[{"href":"https:\/\/horizonaventures.net\/index.php\/wp-json\/wp\/v2\/posts\/1758","targetHints":{"allow":["GET"]}}],"collection":[{"href":"https:\/\/horizonaventures.net\/index.php\/wp-json\/wp\/v2\/posts"}],"about":[{"href":"https:\/\/horizonaventures.net\/index.php\/wp-json\/wp\/v2\/types\/post"}],"author":[{"embeddable":true,"href":"https:\/\/horizonaventures.net\/index.php\/wp-json\/wp\/v2\/users\/1"}],"replies":[{"embeddable":true,"href":"https:\/\/horizonaventures.net\/index.php\/wp-json\/wp\/v2\/comments?post=1758"}],"version-history":[{"count":6,"href":"https:\/\/horizonaventures.net\/index.php\/wp-json\/wp\/v2\/posts\/1758\/revisions"}],"predecessor-version":[{"id":1770,"href":"https:\/\/horizonaventures.net\/index.php\/wp-json\/wp\/v2\/posts\/1758\/revisions\/1770"}],"wp:featuredmedia":[{"embeddable":true,"href":"https:\/\/horizonaventures.net\/index.php\/wp-json\/wp\/v2\/media\/1762"}],"wp:attachment":[{"href":"https:\/\/horizonaventures.net\/index.php\/wp-json\/wp\/v2\/media?parent=1758"}],"wp:term":[{"taxonomy":"category","embeddable":true,"href":"https:\/\/horizonaventures.net\/index.php\/wp-json\/wp\/v2\/categories?post=1758"},{"taxonomy":"post_tag","embeddable":true,"href":"https:\/\/horizonaventures.net\/index.php\/wp-json\/wp\/v2\/tags?post=1758"}],"curies":[{"name":"wp","href":"https:\/\/api.w.org\/{rel}","templated":true}]}}