{"id":2175,"date":"2025-01-30T11:46:20","date_gmt":"2025-01-30T10:46:20","guid":{"rendered":"https:\/\/horizonaventures.net\/?p=2175"},"modified":"2025-01-30T11:46:20","modified_gmt":"2025-01-30T10:46:20","slug":"lespagne","status":"publish","type":"post","link":"https:\/\/horizonaventures.net\/index.php\/2025\/01\/30\/lespagne\/","title":{"rendered":"L\u2019Espagne"},"content":{"rendered":"\n<div id=\"wp-block-themeisle-blocks-advanced-columns-3d41d521\" class=\"wp-block-themeisle-blocks-advanced-columns has-3-columns has-desktop-equal-layout has-tablet-equal-layout has-mobile-collapsedRows-layout has-vertical-unset\"><div class=\"wp-block-themeisle-blocks-advanced-columns-overlay\"><\/div><div class=\"innerblocks-wrap\">\n<div id=\"wp-block-themeisle-blocks-advanced-column-0484565e\" class=\"wp-block-themeisle-blocks-advanced-column\">\n<h2 class=\"wp-block-heading has-text-align-center\">le royaume d&rsquo;Espagne<\/h2>\n\n\n\n<p style=\"padding-right:var(--wp--preset--spacing--30);padding-left:var(--wp--preset--spacing--30)\"><strong>L\u2019Espagne, terre de contrastes, s\u00e9duit par sa richesse culturelle, ses plages ensoleill\u00e9es, ses villes vibrantes comme Barcelone et Madrid, et son patrimoine historique unique, de l&rsquo;Alhambra \u00e0 Saint-Jacques-de-Compostelle. D\u00e9couvrez ses paysages vari\u00e9s, des Pyr\u00e9n\u00e9es aux \u00eeles Canaries volcaniques, sans oublier sa gastronomie r\u00e9put\u00e9e (paella, tapas). Une destination id\u00e9ale pour l&rsquo;art, la f\u00eate, la nature et la d\u00e9tente, offrant des exp\u00e9riences authentiques et inoubliables.<\/strong><\/p>\n\n\n<div class=\"is-default-size aligncenter wp-block-site-logo\"><a href=\"https:\/\/horizonaventures.net\/\" class=\"custom-logo-link\" rel=\"home\"><img loading=\"lazy\" decoding=\"async\" width=\"500\" height=\"353\" src=\"https:\/\/horizonaventures.net\/wp-content\/uploads\/2024\/02\/cropped-Envie_d_horizonLogo.png\" class=\"custom-logo\" alt=\"Logo Envie d&#039;horizon\" srcset=\"https:\/\/horizonaventures.net\/wp-content\/uploads\/2024\/02\/cropped-Envie_d_horizonLogo.png 500w, https:\/\/horizonaventures.net\/wp-content\/uploads\/2024\/02\/cropped-Envie_d_horizonLogo-300x212.png 300w\" sizes=\"auto, (max-width: 500px) 100vw, 500px\" \/><\/a><\/div>\n\n\n<p class=\"has-text-align-center\"><sup><sub>Derni\u00e8re mise \u00e0 jour : 30\/01\/2025<\/sub><\/sup><\/p>\n<\/div>\n\n\n\n<div id=\"wp-block-themeisle-blocks-advanced-column-e304bd52\" class=\"wp-block-themeisle-blocks-advanced-column\"><div class=\"wp-block-image\">\n<figure class=\"aligncenter size-full is-resized has-custom-border\"><img alt=\"\" loading=\"lazy\" decoding=\"async\" width=\"683\" height=\"1024\" src=\"https:\/\/horizonaventures.net\/wp-content\/uploads\/2025\/01\/9cb275f8-d5a9-49cd-95c6-cc267e5417a2-edited.png\" alt=\"\" class=\"wp-image-2178\" style=\"border-width:1px;border-radius:10px;width:333px;height:auto\" srcset=\"https:\/\/horizonaventures.net\/wp-content\/uploads\/2025\/01\/9cb275f8-d5a9-49cd-95c6-cc267e5417a2-edited.png 683w, https:\/\/horizonaventures.net\/wp-content\/uploads\/2025\/01\/9cb275f8-d5a9-49cd-95c6-cc267e5417a2-edited-200x300.png 200w\" sizes=\"auto, (max-width: 683px) 100vw, 683px\" \/><\/figure>\n<\/div><\/div>\n\n\n\n<div id=\"wp-block-themeisle-blocks-advanced-column-c35dfe14\" class=\"wp-block-themeisle-blocks-advanced-column\">\n<hr class=\"wp-block-separator has-alpha-channel-opacity\"\/>\n\n\n\n<p class=\"has-text-align-center\"><strong>Pays :<\/strong> Royaume d&rsquo;Espagne<br><strong>Region :<\/strong> <a href=\"https:\/\/horizonaventures.net\/index.php\/2024\/05\/18\/europe-meridional-1\/\" data-type=\"link\" data-id=\"https:\/\/horizonaventures.net\/index.php\/2024\/10\/16\/les-etats-non-reconnus-internationalement\/\" target=\"_blank\" rel=\"noreferrer noopener\">l\u2019Europe M\u00e9ridionale Occidentale<\/a><\/p>\n\n\n<div class=\"wp-block-image\">\n<figure class=\"aligncenter size-large is-resized has-custom-border\"><img decoding=\"async\" src=\"https:\/\/www.welt-flaggen.de\/data\/flags\/w580\/es.webp\" alt=\"\" style=\"border-width:1px;border-radius:10px;width:154px;height:auto\"\/><\/figure>\n<\/div>\n\n\n<p class=\"has-text-align-center\">Office du tourisme : <br><a href=\"https:\/\/www.spain.info\/fr\/\" target=\"_blank\" rel=\"noreferrer noopener\">https:\/\/www.spain.info\/fr\/<\/a><\/p>\n\n\n\n<hr class=\"wp-block-separator has-alpha-channel-opacity\"\/>\n\n\n\n<figure class=\"wp-block-embed aligncenter is-type-video is-provider-youtube wp-block-embed-youtube wp-embed-aspect-16-9 wp-has-aspect-ratio\"><div class=\"wp-block-embed__wrapper\">\n<div class=\"nv-iframe-embed\"><iframe loading=\"lazy\" title=\"Europe M\u00e9ridional Occidental\" width=\"1200\" height=\"675\" src=\"https:\/\/www.youtube.com\/embed\/qxsu2oC-QuU?feature=oembed\" frameborder=\"0\" allow=\"accelerometer; autoplay; clipboard-write; encrypted-media; gyroscope; picture-in-picture; web-share\" referrerpolicy=\"strict-origin-when-cross-origin\" allowfullscreen><\/iframe><\/div>\n<\/div><figcaption class=\"wp-element-caption\">L\u2019article n&rsquo;est pas disponible en video<\/figcaption><\/figure>\n\n\n\n<hr class=\"wp-block-separator has-alpha-channel-opacity\"\/>\n<\/div>\n<\/div><\/div>\n\n\n\n<div id=\"wp-block-themeisle-blocks-advanced-columns-36922587\" class=\"wp-block-themeisle-blocks-advanced-columns has-3-columns has-desktop-equal-layout has-tablet-equal-layout has-mobile-collapsedRows-layout has-vertical-unset\"><div class=\"wp-block-themeisle-blocks-advanced-columns-overlay\"><\/div><div class=\"innerblocks-wrap\">\n<div id=\"wp-block-themeisle-blocks-advanced-column-316d9744\" class=\"wp-block-themeisle-blocks-advanced-column\">\n<h3 class=\"wp-block-heading\">G\u00e9ographie <\/h3>\n\n\n\n<p style=\"padding-right:var(--wp--preset--spacing--30);padding-left:var(--wp--preset--spacing--30)\">La g\u00e9ographie touristique de l&rsquo;Espagne m\u00eale plages m\u00e9diterran\u00e9ennes (<strong>Costa Brava, Costa del Sol<\/strong>), montagnes spectaculaires (<strong>Pyr\u00e9n\u00e9es, Sierra Nevada<\/strong>), vastes plateaux (<strong>Castille<\/strong>) et r\u00e9gions verdoyantes du nord (<strong>Galice, Pays Basque<\/strong>). <\/p>\n\n\n\n<p style=\"padding-right:var(--wp--preset--spacing--30);padding-left:var(--wp--preset--spacing--30)\"><strong>Les \u00eeles Bal\u00e9ares<\/strong> offrent des criques paradisiaques, tandis que<strong> les Canaries<\/strong> fascinent avec leurs paysages volcaniques. <\/p>\n\n\n\n<p style=\"padding-right:var(--wp--preset--spacing--30);padding-left:var(--wp--preset--spacing--30)\">Chaque r\u00e9gion propose un cadre unique, de la M\u00e9diterran\u00e9e au d\u00e9sert des <strong>Bardenas Reales<\/strong>, offrant aux visiteurs une diversit\u00e9 exceptionnelle \u00e0 explorer.<\/p>\n\n\n\n<p class=\"has-text-align-center\"><a href=\"https:\/\/maps.app.goo.gl\/REcGjKs8N13ubjok6\" data-type=\"link\" data-id=\"https:\/\/maps.app.goo.gl\/gJPx13JeJX7RMQwL7\" target=\"_blank\" rel=\"noreferrer noopener\">Google Map \/ L&rsquo;Espagne<\/a><\/p>\n<\/div>\n\n\n\n<div id=\"wp-block-themeisle-blocks-advanced-column-6f1a5b3b\" class=\"wp-block-themeisle-blocks-advanced-column\">\n<h3 class=\"wp-block-heading\">Religions<\/h3>\n\n\n\n<p style=\"padding-right:var(--wp--preset--spacing--30);padding-left:var(--wp--preset--spacing--30)\">La religion, profond\u00e9ment ancr\u00e9e en Espagne, joue un r\u00f4le majeur dans son attractivit\u00e9 touristique. <\/p>\n\n\n\n<p style=\"padding-right:var(--wp--preset--spacing--30);padding-left:var(--wp--preset--spacing--30)\">Les p\u00e8lerinages, comme <strong>le c\u00e9l\u00e8bre Chemin de Saint-Jacques-de-Compostelle<\/strong>, attirent des millions de visiteurs. <\/p>\n\n\n\n<p style=\"padding-right:var(--wp--preset--spacing--30);padding-left:var(--wp--preset--spacing--30)\">Les monuments religieux, tels que la <strong>Sagrada Fam\u00edlia, l&rsquo;Alhambra<\/strong> et <strong>la cath\u00e9drale de S\u00e9ville<\/strong>, t\u00e9moignent de l\u2019h\u00e9ritage chr\u00e9tien et musulman. <\/p>\n\n\n\n<p style=\"padding-right:var(--wp--preset--spacing--30);padding-left:var(--wp--preset--spacing--30)\">Les festivit\u00e9s religieuses, comme <strong>la Semaine Sainte<\/strong>, offrent une immersion culturelle unique, m\u00ealant foi et traditions dans des spectacles \u00e9mouvants et color\u00e9s.<\/p>\n<\/div>\n\n\n\n<div id=\"wp-block-themeisle-blocks-advanced-column-ddc62680\" class=\"wp-block-themeisle-blocks-advanced-column\">\n<h3 class=\"wp-block-heading\">Langues <\/h3>\n\n\n\n<p style=\"padding-right:var(--wp--preset--spacing--30);padding-left:var(--wp--preset--spacing--30)\">En Espagne, si l&rsquo;espagnol (<strong>castillan<\/strong>) est la langue officielle nationale, d&rsquo;autres langues cohabitent et sont largement utilis\u00e9es. <\/p>\n\n\n\n<p style=\"padding-right:var(--wp--preset--spacing--30);padding-left:var(--wp--preset--spacing--30)\"><strong>Le catalan <\/strong>en Catalogne, <strong>le basque<\/strong> au Pays Basque, <strong>le galicien<\/strong> en Galice et <strong>le valencien<\/strong> dans la Communaut\u00e9 valencienne refl\u00e8tent la diversit\u00e9 culturelle du pays. <\/p>\n\n\n\n<p style=\"padding-right:var(--wp--preset--spacing--30);padding-left:var(--wp--preset--spacing--30)\">Ces langues r\u00e9gionales, prot\u00e9g\u00e9es par la constitution, enrichissent l\u2019identit\u00e9 espagnole et offrent aux visiteurs une exp\u00e9rience authentique, au-del\u00e0 de l&rsquo;id\u00e9e re\u00e7ue d&rsquo;une Espagne uniquement hispanophone.<\/p>\n\n\n<div class=\"aligncenter wp-block-site-logo\"><a href=\"https:\/\/horizonaventures.net\/\" class=\"custom-logo-link\" rel=\"home\"><img loading=\"lazy\" decoding=\"async\" width=\"85\" height=\"60\" src=\"https:\/\/horizonaventures.net\/wp-content\/uploads\/2024\/02\/cropped-Envie_d_horizonLogo.png\" class=\"custom-logo\" alt=\"Logo Envie d&#039;horizon\" srcset=\"https:\/\/horizonaventures.net\/wp-content\/uploads\/2024\/02\/cropped-Envie_d_horizonLogo.png 500w, https:\/\/horizonaventures.net\/wp-content\/uploads\/2024\/02\/cropped-Envie_d_horizonLogo-300x212.png 300w\" sizes=\"auto, (max-width: 85px) 100vw, 85px\" \/><\/a><\/div><\/div>\n<\/div><\/div>\n\n\n\n<div id=\"wp-block-themeisle-blocks-advanced-columns-3e9cb56f\" class=\"wp-block-themeisle-blocks-advanced-columns has-3-columns has-desktop-equal-layout has-tablet-equal-layout has-mobile-collapsedRows-layout has-vertical-unset\"><div class=\"wp-block-themeisle-blocks-advanced-columns-overlay\"><\/div><div class=\"innerblocks-wrap\">\n<div id=\"wp-block-themeisle-blocks-advanced-column-0bc1b536\" class=\"wp-block-themeisle-blocks-advanced-column\">\n<h3 class=\"wp-block-heading\">Se rendre en Espagne<\/h3>\n\n\n\n<p style=\"padding-right:var(--wp--preset--spacing--30);padding-left:0\">L\u2019Espagne est<strong> facilement accessible<\/strong> depuis la France gr\u00e2ce \u00e0 divers moyens de transport. <\/p>\n\n\n\n<p style=\"padding-right:var(--wp--preset--spacing--30);padding-left:0\"><strong>En avion<\/strong>, des vols relient les principales villes fran\u00e7aises aux grandes destinations espagnoles. <\/p>\n\n\n\n<p style=\"padding-right:var(--wp--preset--spacing--30);padding-left:0\"><strong>En train<\/strong>, le TGV relie Paris \u00e0 Barcelone ou Madrid en quelques heures. <\/p>\n\n\n\n<p style=\"padding-right:var(--wp--preset--spacing--30);padding-left:0\">Les routes offrent un acc\u00e8s pratique <strong>en voiture ou en bus<\/strong>, via les Pyr\u00e9n\u00e9es. <\/p>\n\n\n\n<p style=\"padding-right:var(--wp--preset--spacing--30);padding-left:0\">Enfin, <strong>des ferries <\/strong>permettent de rejoindre les \u00eeles Bal\u00e9ares depuis le sud de la France, offrant flexibilit\u00e9 et choix.<\/p>\n<\/div>\n\n\n\n<div id=\"wp-block-themeisle-blocks-advanced-column-66f4f1fd\" class=\"wp-block-themeisle-blocks-advanced-column\"><div class=\"wp-block-image\">\n<figure class=\"aligncenter size-full is-resized has-custom-border\"><img alt=\"\" loading=\"lazy\" decoding=\"async\" width=\"576\" height=\"1024\" src=\"https:\/\/horizonaventures.net\/wp-content\/uploads\/2025\/01\/23f99f22-98e9-4a79-a608-4f84cca29802-edited.png\" alt=\"\" class=\"wp-image-2182\" style=\"border-width:1px;border-radius:10px;width:298px;height:auto\" srcset=\"https:\/\/horizonaventures.net\/wp-content\/uploads\/2025\/01\/23f99f22-98e9-4a79-a608-4f84cca29802-edited.png 576w, https:\/\/horizonaventures.net\/wp-content\/uploads\/2025\/01\/23f99f22-98e9-4a79-a608-4f84cca29802-edited-169x300.png 169w\" sizes=\"auto, (max-width: 576px) 100vw, 576px\" \/><\/figure>\n<\/div><\/div>\n\n\n\n<div id=\"wp-block-themeisle-blocks-advanced-column-edb278fa\" class=\"wp-block-themeisle-blocks-advanced-column\">\n<h3 class=\"wp-block-heading\" style=\"padding-right:var(--wp--preset--spacing--30);padding-left:var(--wp--preset--spacing--30)\">Meilleur p\u00e9riode<\/h3>\n\n\n\n<p style=\"padding-right:0;padding-left:var(--wp--preset--spacing--30)\">Les meilleures p\u00e9riodes pour visiter l&rsquo;Espagne varient selon les r\u00e9gions et activit\u00e9s. <\/p>\n\n\n\n<p style=\"padding-right:0;padding-left:var(--wp--preset--spacing--30)\">Le printemps (<strong>avril-juin<\/strong>) et l\u2019automne (<strong>septembre-octobre<\/strong>) offrent un climat agr\u00e9able pour explorer Madrid, l\u2019Andalousie ou les villes du nord. <\/p>\n\n\n\n<p style=\"padding-right:0;padding-left:var(--wp--preset--spacing--30)\">L\u2019\u00e9t\u00e9 (<strong>juillet-ao\u00fbt<\/strong>) est id\u00e9al pour les plages m\u00e9diterran\u00e9ennes et les \u00eeles. <\/p>\n\n\n\n<p style=\"padding-right:0;padding-left:var(--wp--preset--spacing--30)\">L\u2019hiver convient aux stations de ski des Pyr\u00e9n\u00e9es ou \u00e0 la douceur des Canaries. <\/p>\n\n\n\n<p style=\"padding-right:0;padding-left:var(--wp--preset--spacing--30)\">Chaque saison r\u00e9v\u00e8le un aspect unique de l\u2019Espagne, entre nature, culture et d\u00e9tente.<\/p>\n<\/div>\n<\/div><\/div>\n\n\n\n<div id=\"wp-block-themeisle-blocks-advanced-columns-674d90e0\" class=\"wp-block-themeisle-blocks-advanced-columns has-2-columns has-desktop-equal-layout has-tablet-equal-layout has-mobile-collapsedRows-layout has-vertical-unset\"><div class=\"wp-block-themeisle-blocks-advanced-columns-overlay\"><\/div><div class=\"innerblocks-wrap\">\n<div id=\"wp-block-themeisle-blocks-advanced-column-07007b8c\" class=\"wp-block-themeisle-blocks-advanced-column\">\n<h3 class=\"wp-block-heading\">Formalit\u00e9s d&rsquo;entr\u00e9e <\/h3>\n\n\n\n<p style=\"padding-right:var(--wp--preset--spacing--30);padding-left:var(--wp--preset--spacing--30)\">Pour un Fran\u00e7ais, entrer en Espagne n\u00e9cessite <strong>une carte d\u2019identit\u00e9 ou un passeport valide<\/strong>. <\/p>\n\n\n\n<p style=\"padding-right:var(--wp--preset--spacing--30);padding-left:var(--wp--preset--spacing--30)\">Pour un non-Europ\u00e9en, <strong>un visa Schengen<\/strong> est souvent requis, sauf exemption. <\/p>\n\n\n\n<p style=\"padding-right:var(--wp--preset--spacing--30);padding-left:var(--wp--preset--spacing--30)\">Les voyageurs doivent \u00e9galement avoir une assurance sant\u00e9 couvrant le s\u00e9jour. <\/p>\n\n\n\n<p style=\"padding-right:var(--wp--preset--spacing--30);padding-left:var(--wp--preset--spacing--30)\">C\u00f4t\u00e9 sanitaire, aucune vaccination sp\u00e9cifique n\u2019est exig\u00e9e, mais il est recommand\u00e9 d\u2019avoir un carnet de vaccination \u00e0 jour. Les formalit\u00e9s sont simples, facilitant l\u2019acc\u00e8s \u00e0 cette destination pris\u00e9e.<\/p>\n\n\n\n<p class=\"has-text-align-center\"><a href=\"https:\/\/www.diplomatie.gouv.fr\/fr\/conseils-aux-voyageurs\/conseils-par-pays-destination\/espagne\/\" data-type=\"link\" data-id=\"https:\/\/www.diplomatie.gouv.fr\/fr\/conseils-aux-voyageurs\/conseils-par-pays-destination\/egypte\/\" target=\"_blank\" rel=\"noreferrer noopener\">Diplomatie.gov \/Conseils aux Voyageurs \/Espagne<\/a><\/p>\n<\/div>\n\n\n\n<div id=\"wp-block-themeisle-blocks-advanced-column-f9b13965\" class=\"wp-block-themeisle-blocks-advanced-column\">\n<h3 class=\"wp-block-heading\">Bref historique<\/h3>\n\n\n\n<p style=\"padding-right:var(--wp--preset--spacing--30);padding-left:var(--wp--preset--spacing--30)\">L\u2019histoire de l\u2019Espagne est riche et complexe, marqu\u00e9e par l\u2019influence de nombreuses civilisations : <strong>Celtes, Romains, Wisigoths et Maures<\/strong>. <\/p>\n\n\n\n<p style=\"padding-right:var(--wp--preset--spacing--30);padding-left:var(--wp--preset--spacing--30)\">L\u2019\u00e2ge d\u2019or andalou a vu un floril\u00e8ge culturel et scientifique sous domination musulmane. <\/p>\n\n\n\n<p style=\"padding-right:var(--wp--preset--spacing--30);padding-left:var(--wp--preset--spacing--30)\">La Reconquista chr\u00e9tienne (711-1492) a conduit \u00e0 l\u2019unification des royaumes. L\u2019Espagne devient une puissance mondiale avec les Grandes D\u00e9couvertes, avant de d\u00e9cliner. <\/p>\n\n\n\n<p style=\"padding-right:var(--wp--preset--spacing--30);padding-left:var(--wp--preset--spacing--30)\">Aujourd\u2019hui, elle conserve un patrimoine diversifi\u00e9, reflet de son pass\u00e9 fascinant.<\/p>\n\n\n\n<p class=\"has-text-align-center\"><a href=\"https:\/\/www.spain.info\/fr\/decouvrir-espagne\/histoire-grandes-civilisations-espagne\/\" data-type=\"link\" data-id=\"https:\/\/fr.wikipedia.org\/wiki\/Histoire_de_la_Transnistrie\" target=\"_blank\" rel=\"noreferrer noopener\">Office du tourisme \/ Histoire d&rsquo;Espagne<\/a><\/p>\n<\/div>\n<\/div><\/div>\n\n\n\n<div id=\"wp-block-themeisle-blocks-advanced-columns-882bac18\" class=\"wp-block-themeisle-blocks-advanced-columns has-2-columns has-desktop-equal-layout has-tablet-equal-layout has-mobile-collapsedRows-layout has-vertical-unset\"><div class=\"wp-block-themeisle-blocks-advanced-columns-overlay\"><\/div><div class=\"innerblocks-wrap\">\n<div id=\"wp-block-themeisle-blocks-advanced-column-1b0f933d\" class=\"wp-block-themeisle-blocks-advanced-column\"><div class=\"wp-block-image\">\n<figure class=\"aligncenter size-full is-resized has-custom-border\"><img alt=\"\" loading=\"lazy\" decoding=\"async\" width=\"1024\" height=\"1024\" src=\"https:\/\/horizonaventures.net\/wp-content\/uploads\/2025\/01\/e0ebf8b6-bb85-409f-95f2-af42ee15f32e.png\" alt=\"\" class=\"wp-image-2183\" style=\"border-width:1px;border-radius:10px;width:512px;height:auto\" srcset=\"https:\/\/horizonaventures.net\/wp-content\/uploads\/2025\/01\/e0ebf8b6-bb85-409f-95f2-af42ee15f32e.png 1024w, https:\/\/horizonaventures.net\/wp-content\/uploads\/2025\/01\/e0ebf8b6-bb85-409f-95f2-af42ee15f32e-300x300.png 300w, https:\/\/horizonaventures.net\/wp-content\/uploads\/2025\/01\/e0ebf8b6-bb85-409f-95f2-af42ee15f32e-150x150.png 150w, https:\/\/horizonaventures.net\/wp-content\/uploads\/2025\/01\/e0ebf8b6-bb85-409f-95f2-af42ee15f32e-768x768.png 768w\" sizes=\"auto, (max-width: 1024px) 100vw, 1024px\" \/><\/figure>\n<\/div><\/div>\n\n\n\n<div id=\"wp-block-themeisle-blocks-advanced-column-95f150b0\" class=\"wp-block-themeisle-blocks-advanced-column\">\n<h3 class=\"wp-block-heading\">La Catalogne<\/h3>\n\n\n\n<p><strong>La Catalogne<\/strong>, r\u00e9gion dynamique du nord-est de l\u2019Espagne, s\u00e9duit par sa diversit\u00e9. <\/p>\n\n\n\n<p><strong>Barcelone<\/strong>, son c\u0153ur culturel et \u00e9conomique, fascine avec l\u2019architecture de <strong>Gaud\u00ed <\/strong>et ses quartiers anim\u00e9s. <\/p>\n\n\n\n<p>Les plages ensoleill\u00e9es de <strong>la Costa Brava<\/strong>, les paysages majestueux des <strong>Pyr\u00e9n\u00e9es <\/strong>et le <strong>monast\u00e8re de Montserrat <\/strong>enrichissent l\u2019exp\u00e9rience. <\/p>\n\n\n\n<p><strong>G\u00e9rone<\/strong>, avec son charme m\u00e9di\u00e9val, et le Th\u00e9\u00e2tre-mus\u00e9e Dal\u00ed de Figueras compl\u00e8te une destination alliant nature, culture et loisirs, id\u00e9ale pour tous types de voyageurs. <\/p>\n<\/div>\n<\/div><\/div>\n\n\n\n<div id=\"wp-block-themeisle-blocks-advanced-columns-f076f1a0\" class=\"wp-block-themeisle-blocks-advanced-columns has-2-columns has-desktop-equal-layout has-tablet-equal-layout has-mobile-collapsedRows-layout has-vertical-unset\"><div class=\"wp-block-themeisle-blocks-advanced-columns-overlay\"><\/div><div class=\"innerblocks-wrap\">\n<div id=\"wp-block-themeisle-blocks-advanced-column-7051840c\" class=\"wp-block-themeisle-blocks-advanced-column\">\n<h3 class=\"wp-block-heading\">Communaut\u00e9 Valencienne et Murcie<\/h3>\n\n\n\n<p style=\"padding-right:var(--wp--preset--spacing--30);padding-left:var(--wp--preset--spacing--30)\">La Communaut\u00e9 Valencienne et Murcie, situ\u00e9es sur la c\u00f4te m\u00e9diterran\u00e9enne, attirent pour leurs<strong> plages ensoleill\u00e9es<\/strong>, leur patrimoine historique et leur gastronomie, notamment la c\u00e9l\u00e8bre paella. <\/p>\n\n\n\n<p style=\"padding-right:var(--wp--preset--spacing--30);padding-left:var(--wp--preset--spacing--30)\"><strong>Valence<\/strong> charme par sa <strong>Cit\u00e9 des Arts et des Sciences<\/strong>, tandis qu\u2019<strong>Alicante<\/strong> et ses plages offrent d\u00e9tente et loisirs. <\/p>\n\n\n\n<p style=\"padding-right:var(--wp--preset--spacing--30);padding-left:var(--wp--preset--spacing--30)\"><strong>Carthag\u00e8ne<\/strong> d\u00e9voile son riche pass\u00e9 romain, et <strong>La Manga del Mar Menor<\/strong> s\u00e9duit par son lagon unique, parfait pour des vacances baln\u00e9aires.<\/p>\n<\/div>\n\n\n\n<div id=\"wp-block-themeisle-blocks-advanced-column-22b52942\" class=\"wp-block-themeisle-blocks-advanced-column\">\n<h3 class=\"wp-block-heading\">l&rsquo;Andalousie<\/h3>\n\n\n\n<p style=\"padding-right:var(--wp--preset--spacing--30);padding-left:var(--wp--preset--spacing--30)\">L\u2019Andalousie, symbole de l\u2019Espagne, fascine par son <strong>h\u00e9ritage mauresque<\/strong>, ses paysages vari\u00e9s et <strong>ses traditions festives<\/strong> comme la Semaine Sainte et la Feria. <\/p>\n\n\n\n<p style=\"padding-right:var(--wp--preset--spacing--30);padding-left:var(--wp--preset--spacing--30)\">Baign\u00e9e de <strong>soleil toute l\u2019ann\u00e9e<\/strong>, elle abrite des joyaux comme <strong>S\u00e9ville<\/strong> et sa cath\u00e9drale, <strong>l\u2019Alhambra de Grenade<\/strong>, et <strong>la mosqu\u00e9e-cath\u00e9drale de Cordoue<\/strong>. <\/p>\n\n\n\n<p style=\"padding-right:var(--wp--preset--spacing--30);padding-left:var(--wp--preset--spacing--30)\"><strong>La Costa del Sol<\/strong> offre des plages idylliques, tandis que <strong>la Sierra Nevada <\/strong>attire les amateurs de randonn\u00e9e et de ski. Une r\u00e9gion captivante et authentique.<\/p>\n<\/div>\n<\/div><\/div>\n\n\n\n<div id=\"wp-block-themeisle-blocks-advanced-columns-66e9d595\" class=\"wp-block-themeisle-blocks-advanced-columns has-3-columns has-desktop-equal-layout has-tablet-equal-layout has-mobile-collapsedRows-layout has-vertical-unset\"><div class=\"wp-block-themeisle-blocks-advanced-columns-overlay\"><\/div><div class=\"innerblocks-wrap\">\n<div id=\"wp-block-themeisle-blocks-advanced-column-606136a1\" class=\"wp-block-themeisle-blocks-advanced-column\">\n<h3 class=\"wp-block-heading\">Madrid et le Centre historique<\/h3>\n\n\n\n<p style=\"padding-right:var(--wp--preset--spacing--30);padding-left:var(--wp--preset--spacing--30)\">Madrid et le centre historique de l&rsquo;Espagne forment le c\u0153ur culturel et politique du pays. <\/p>\n\n\n\n<p style=\"padding-right:var(--wp--preset--spacing--30);padding-left:var(--wp--preset--spacing--30)\"><strong>Madrid, capitale vibrante<\/strong>, offre mus\u00e9es prestigieux <strong>(Prado, Reina Sof\u00eda)<\/strong> et vie nocturne anim\u00e9e. <\/p>\n\n\n\n<p style=\"padding-right:var(--wp--preset--spacing--30);padding-left:var(--wp--preset--spacing--30)\">La r\u00e9gion d\u00e9voile des joyaux historiques comme <strong>Tol\u00e8de<\/strong>, cit\u00e9 m\u00e9di\u00e9vale, <strong>S\u00e9govie<\/strong> et son aqueduc romain, ou <strong>Avila<\/strong>, entour\u00e9e de remparts. <\/p>\n\n\n\n<p style=\"padding-right:var(--wp--preset--spacing--30);padding-left:var(--wp--preset--spacing--30)\"><strong>El Escorial<\/strong>, palais-monast\u00e8re royal, compl\u00e8te ce patrimoine, nich\u00e9 dans les paysages majestueux de la Castille. Une immersion au c\u0153ur de l&rsquo;histoire espagnole.<\/p>\n<\/div>\n\n\n\n<div id=\"wp-block-themeisle-blocks-advanced-column-1e8ccb9a\" class=\"wp-block-themeisle-blocks-advanced-column\">\n<figure class=\"wp-block-image size-full has-custom-border\"><img alt=\"\" loading=\"lazy\" decoding=\"async\" width=\"576\" height=\"1024\" src=\"https:\/\/horizonaventures.net\/wp-content\/uploads\/2025\/01\/ce897241-7cef-44d2-82e8-8a99967b69d3-edited.png\" alt=\"\" class=\"wp-image-2185\" style=\"border-width:1px;border-radius:10px\" srcset=\"https:\/\/horizonaventures.net\/wp-content\/uploads\/2025\/01\/ce897241-7cef-44d2-82e8-8a99967b69d3-edited.png 576w, https:\/\/horizonaventures.net\/wp-content\/uploads\/2025\/01\/ce897241-7cef-44d2-82e8-8a99967b69d3-edited-169x300.png 169w\" sizes=\"auto, (max-width: 576px) 100vw, 576px\" \/><\/figure>\n<\/div>\n\n\n\n<div id=\"wp-block-themeisle-blocks-advanced-column-d3a048b0\" class=\"wp-block-themeisle-blocks-advanced-column\">\n<h3 class=\"wp-block-heading\" style=\"padding-right:var(--wp--preset--spacing--30);padding-left:var(--wp--preset--spacing--30)\">Pays Basque, Cantabrie, Asturies et Galice (Nord-Ouest)<\/h3>\n\n\n\n<p style=\"padding-right:var(--wp--preset--spacing--30);padding-left:var(--wp--preset--spacing--30)\">Le Nord-Ouest de l\u2019Espagne, avec <strong>le Pays Basque,<\/strong> <strong>la Cantabrie, les Asturies et la Galice,<\/strong> s\u00e9duit par sa nature verdoyante, ses c\u00f4tes sauvages et sa gastronomie renomm\u00e9e. <\/p>\n\n\n\n<p style=\"padding-right:var(--wp--preset--spacing--30);padding-left:var(--wp--preset--spacing--30)\">Cette r\u00e9gion authentique m\u00eale montagnes et oc\u00e9an, offrant des exp\u00e9riences uniques. <\/p>\n\n\n\n<p style=\"padding-right:var(--wp--preset--spacing--30);padding-left:var(--wp--preset--spacing--30)\"><strong>Saint-Jacques-de-Compostelle<\/strong> attire les p\u00e8lerins, tandis que <strong>Bilbao <\/strong>et son <strong>Mus\u00e9e Guggenheim<\/strong> impressionnent. <\/p>\n\n\n\n<p style=\"padding-right:var(--wp--preset--spacing--30);padding-left:var(--wp--preset--spacing--30)\"><strong>Saint-S\u00e9bastien <\/strong>enchante par ses plages et sa cuisine, et <strong>les Picos de Europa<\/strong> ravissent les amoureux de randonn\u00e9e.<\/p>\n<\/div>\n<\/div><\/div>\n\n\n\n<div id=\"wp-block-themeisle-blocks-advanced-columns-6227b991\" class=\"wp-block-themeisle-blocks-advanced-columns has-3-columns has-desktop-equal-layout has-tablet-equal-layout has-mobile-collapsedRows-layout has-vertical-unset\"><div class=\"wp-block-themeisle-blocks-advanced-columns-overlay\"><\/div><div class=\"innerblocks-wrap\">\n<div id=\"wp-block-themeisle-blocks-advanced-column-ea8e9bc6\" class=\"wp-block-themeisle-blocks-advanced-column\">\n<h3 class=\"wp-block-heading\">Castille-et-Le\u00f3n et La Rioja<\/h3>\n\n\n\n<p style=\"padding-right:var(--wp--preset--spacing--30);padding-left:var(--wp--preset--spacing--30)\">La Castille-et-Le\u00f3n et La Rioja, berceau historique de l\u2019Espagne, offrent un riche patrimoine culturel et des paysages ruraux pittoresques. <\/p>\n\n\n\n<p style=\"padding-right:var(--wp--preset--spacing--30);padding-left:var(--wp--preset--spacing--30)\"><strong>Burgos et Salamanque<\/strong> s\u00e9duisent par leurs cath\u00e9drales et universit\u00e9s historiques, tandis que <strong>Valladolid<\/strong> incarne l&rsquo;\u00e9l\u00e9gance castillane. <\/p>\n\n\n\n<p style=\"padding-right:var(--wp--preset--spacing--30);padding-left:var(--wp--preset--spacing--30)\"><strong>Logro\u00f1o,<\/strong> capitale de La Rioja, invite \u00e0 d\u00e9couvrir <strong>une tradition viticole d\u2019exception<\/strong>. <\/p>\n\n\n\n<p style=\"padding-right:var(--wp--preset--spacing--30);padding-left:var(--wp--preset--spacing--30)\">Entre monast\u00e8res, ch\u00e2teaux m\u00e9di\u00e9vaux et vignobles r\u00e9put\u00e9s, cette r\u00e9gion ravit les amateurs d\u2019histoire, de culture et de gastronomie.<\/p>\n<\/div>\n\n\n\n<div id=\"wp-block-themeisle-blocks-advanced-column-09fc5516\" class=\"wp-block-themeisle-blocks-advanced-column\">\n<h3 class=\"wp-block-heading has-neve-link-color-color has-text-color has-link-color wp-elements-66ce7085239cbfc569a73c4183f8ddb2\">Aragon et Navarre<\/h3>\n\n\n\n<p style=\"padding-right:var(--wp--preset--spacing--30);padding-left:var(--wp--preset--spacing--30)\">Aragon et Navarre, r\u00e9gions discr\u00e8tes mais captivantes, m\u00ealent histoire m\u00e9di\u00e9vale et paysages grandioses. <\/p>\n\n\n\n<p style=\"padding-right:var(--wp--preset--spacing--30);padding-left:var(--wp--preset--spacing--30)\"><strong>Saragosse<\/strong>, avec sa<strong> basilique du Pilar<\/strong>, fascine les amateurs de patrimoine. <\/p>\n\n\n\n<p style=\"padding-right:var(--wp--preset--spacing--30);padding-left:var(--wp--preset--spacing--30)\"><strong>Les Pyr\u00e9n\u00e9es aragonaises<\/strong> offrent des panoramas spectaculaires, parfaits pour la randonn\u00e9e. <\/p>\n\n\n\n<p style=\"padding-right:var(--wp--preset--spacing--30);padding-left:var(--wp--preset--spacing--30)\">Navarre d\u00e9voile <strong>le d\u00e9sert des Bardenas Reales<\/strong>, d\u00e9cor unique et insolite. <\/p>\n\n\n\n<p style=\"padding-right:var(--wp--preset--spacing--30);padding-left:var(--wp--preset--spacing--30)\">Ces terres authentiques s\u00e9duisent les voyageurs en qu\u00eate de nature, culture et tranquillit\u00e9, loin des sentiers touristiques classiques.<\/p>\n<\/div>\n\n\n\n<div id=\"wp-block-themeisle-blocks-advanced-column-2b90f083\" class=\"wp-block-themeisle-blocks-advanced-column\">\n<h3 class=\"wp-block-heading\">Les \u00eeles Bal\u00e9ares<\/h3>\n\n\n\n<p>Les \u00eeles Bal\u00e9ares, <strong>situ\u00e9es en M\u00e9diterran\u00e9e<\/strong>, fascinent par leurs plages paradisiaques, leur ambiance festive \u00e0 Ibiza et leur riche patrimoine culturel, m\u00ealant sites romains et m\u00e9di\u00e9vaux. <\/p>\n\n\n\n<p><strong>Majorque<\/strong>, avec <strong>Palma<\/strong> et sa cath\u00e9drale, allie histoire et modernit\u00e9, tandis que <strong>Minorque<\/strong> charme par sa tranquillit\u00e9. <\/p>\n\n\n\n<p><strong>Formentera<\/strong> s\u00e9duit avec ses eaux cristallines et <strong>Ibiza<\/strong> pour sa vie nocturne.<\/p>\n\n\n\n<p>Bien que parfois confondues avec d&rsquo;autres territoires, elles sont une perle espagnole unique, id\u00e9ale pour le farniente et la d\u00e9couverte.<\/p>\n<\/div>\n<\/div><\/div>\n\n\n\n<div id=\"wp-block-themeisle-blocks-advanced-columns-27429f28\" class=\"wp-block-themeisle-blocks-advanced-columns has-2-columns has-desktop-equal-layout has-tablet-equal-layout has-mobile-collapsedRows-layout has-vertical-unset\"><div class=\"wp-block-themeisle-blocks-advanced-columns-overlay\"><\/div><div class=\"innerblocks-wrap\">\n<div id=\"wp-block-themeisle-blocks-advanced-column-123dd03b\" class=\"wp-block-themeisle-blocks-advanced-column\"><div class=\"wp-block-image\">\n<figure class=\"aligncenter size-full is-resized has-custom-border\"><img alt=\"\" loading=\"lazy\" decoding=\"async\" width=\"1024\" height=\"1024\" src=\"https:\/\/horizonaventures.net\/wp-content\/uploads\/2025\/01\/68982218-f9b8-482d-bd45-50ecc9b6ff4e.png\" alt=\"\" class=\"wp-image-2187\" style=\"border-width:1px;border-radius:10px;width:442px;height:auto\" srcset=\"https:\/\/horizonaventures.net\/wp-content\/uploads\/2025\/01\/68982218-f9b8-482d-bd45-50ecc9b6ff4e.png 1024w, https:\/\/horizonaventures.net\/wp-content\/uploads\/2025\/01\/68982218-f9b8-482d-bd45-50ecc9b6ff4e-300x300.png 300w, https:\/\/horizonaventures.net\/wp-content\/uploads\/2025\/01\/68982218-f9b8-482d-bd45-50ecc9b6ff4e-150x150.png 150w, https:\/\/horizonaventures.net\/wp-content\/uploads\/2025\/01\/68982218-f9b8-482d-bd45-50ecc9b6ff4e-768x768.png 768w\" sizes=\"auto, (max-width: 1024px) 100vw, 1024px\" \/><\/figure>\n<\/div><\/div>\n\n\n\n<div id=\"wp-block-themeisle-blocks-advanced-column-865cad4c\" class=\"wp-block-themeisle-blocks-advanced-column\">\n<h3 class=\"wp-block-heading\">Les \u00eeles Canaries<\/h3>\n\n\n\n<p>Les \u00eeles Canaries, <strong>archipel volcanique de l&rsquo;Atlantique<\/strong>, s\u00e9duisent par leur climat doux toute l\u2019ann\u00e9e et leur nature spectaculaire. <\/p>\n\n\n\n<p><strong>T\u00e9n\u00e9rife<\/strong> abrite le majestueux <strong>volcan El Teide<\/strong>, tandis que <strong>Lanzarote<\/strong> impressionne par ses paysages lunaires. <\/p>\n\n\n\n<p><strong>Grande Canarie<\/strong> offre des plages vari\u00e9es et <strong>La Gomera <\/strong>attire les randonneurs avec ses for\u00eats luxuriantes. <\/p>\n\n\n\n<p>Id\u00e9ales pour la d\u00e9tente ou l\u2019aventure, les Canaries combinent plages, volcans et traditions dans une destination unique et inoubliable.<\/p>\n<\/div>\n<\/div><\/div>\n\n\n\n<div id=\"wp-block-themeisle-blocks-advanced-columns-93924741\" class=\"wp-block-themeisle-blocks-advanced-columns has-3-columns has-desktop-equal-layout has-tablet-equal-layout has-mobile-collapsedRows-layout has-vertical-unset\"><div class=\"wp-block-themeisle-blocks-advanced-columns-overlay\"><\/div><div class=\"innerblocks-wrap\">\n<div id=\"wp-block-themeisle-blocks-advanced-column-4b7b6fb9\" class=\"wp-block-themeisle-blocks-advanced-column\">\n<h3 class=\"wp-block-heading\">Festivals<\/h3>\n\n\n\n<p>L\u2019Espagne, <strong>terre de festivit\u00e9s uniques<\/strong>, \u00e9blouit par ses traditions. <\/p>\n\n\n\n<p><strong>La Tomatina de Bu\u00f1ol <\/strong>transforme les rues en bataille g\u00e9ante de tomates, tandis que <strong>les Fallas de Valence <\/strong>illuminent la ville avec leurs sculptures br\u00fblantes. <\/p>\n\n\n\n<p><strong>\u00c0 Pampelune<\/strong>, <strong>les c\u00e9l\u00e8bres encierros de San Ferm\u00edn<\/strong> font monter l\u2019adr\u00e9naline. <\/p>\n\n\n\n<p>Les processions de <strong>la Semaine Sainte<\/strong>, \u00e9mouvantes et solennelles, contrastent avec <strong>la Feria de S\u00e9ville<\/strong>, une explosion de danse et de couleurs. <\/p>\n\n\n\n<p><strong>Une c\u00e9l\u00e9bration continue !<\/strong><\/p>\n\n\n\n<h3 class=\"wp-block-heading\">Quelques Chiffres<\/h3>\n\n\n\n<p>L&rsquo;Espagne est <strong>l&rsquo;une des principales destinations touristiques mondiales<\/strong>, attirant plus de 80 millions de visiteurs par an. <\/p>\n\n\n\n<p>En 2023, le pays a enregistr\u00e9 des recettes touristiques sup\u00e9rieures \u00e0 80 milliards d&rsquo;euros, <strong>consolidant sa place parmi les trois premiers march\u00e9s touristiques mondiaux<\/strong>. <\/p>\n\n\n\n<p><strong>Barcelone et Madrid<\/strong> figurent parmi les villes les plus visit\u00e9es, tandis que les plages m\u00e9diterran\u00e9ennes, les sites culturels et les \u00e9v\u00e9nements populaires restent des attraits majeurs pour les voyageurs internationaux.<\/p>\n<\/div>\n\n\n\n<div id=\"wp-block-themeisle-blocks-advanced-column-1e7ee8ea\" class=\"wp-block-themeisle-blocks-advanced-column\">\n<h3 class=\"wp-block-heading has-neve-link-color-color has-text-color has-link-color wp-elements-97f6475d486a59dcf4c116e9e6e9e1e3\"><a href=\"https:\/\/horizonaventures.net\/index.php\/582c1-blogger-gb-news\/explorez-et-reservez\/#CarnetVoyage\" data-type=\"link\" data-id=\"https:\/\/horizonaventures.net\/index.php\/582c1-blogger-gb-news\/explorez-et-reservez\/#CarnetVoyage\">Carnet de voya<\/a><a href=\"https:\/\/horizonaventures.net\/index.php\/2024\/12\/09\/carnets-de-voyage-canada\/\" data-type=\"link\" data-id=\"https:\/\/horizonaventures.net\/index.php\/2024\/12\/09\/carnets-de-voyage-canada\/\">ge<\/a><\/h3>\n\n\n\n<p class=\"has-text-align-center\" style=\"padding-right:var(--wp--preset--spacing--30);padding-left:var(--wp--preset--spacing--30)\"><strong>Madrid: city break<\/strong><\/p>\n\n\n\n<p>D\u00e9couvrez Madrid en 4 jours avec un programme riche m\u00ealant culture, gastronomie et exp\u00e9riences uniques. <\/p>\n\n\n\n<p>Fl\u00e2nez dans le centre historique, explorez le Palais Royal, les mus\u00e9es du Prado et Reina Sof\u00eda, et d\u00e9tendez-vous au parc du Retiro. <\/p>\n\n\n<div class=\"wp-block-image\">\n<figure class=\"aligncenter size-full has-custom-border\"><img alt=\"\" loading=\"lazy\" decoding=\"async\" width=\"332\" height=\"480\" src=\"https:\/\/horizonaventures.net\/wp-content\/uploads\/2025\/01\/Madrid-4-jour.gif\" alt=\"\" class=\"wp-image-2189\" style=\"border-width:2px;border-radius:0px\"\/><\/figure>\n<\/div>\n\n\n<p>Savourez la cuisine locale, assistez \u00e0 un spectacle de flamenco et d\u00e9couvrez l\u2019ambiance nocturne madril\u00e8ne. <\/p>\n\n\n\n<p>H\u00e9bergements vari\u00e9s et options d\u2019excursions (Tol\u00e8de, S\u00e9govie ou Parque Warner) compl\u00e8tent ce s\u00e9jour inoubliable.<br><\/p>\n\n\n<div class=\"is-default-size aligncenter wp-block-site-logo\"><a href=\"https:\/\/horizonaventures.net\/\" class=\"custom-logo-link\" rel=\"home\"><img loading=\"lazy\" decoding=\"async\" width=\"500\" height=\"353\" src=\"https:\/\/horizonaventures.net\/wp-content\/uploads\/2024\/02\/cropped-Envie_d_horizonLogo.png\" class=\"custom-logo\" alt=\"Logo Envie d&#039;horizon\" srcset=\"https:\/\/horizonaventures.net\/wp-content\/uploads\/2024\/02\/cropped-Envie_d_horizonLogo.png 500w, https:\/\/horizonaventures.net\/wp-content\/uploads\/2024\/02\/cropped-Envie_d_horizonLogo-300x212.png 300w\" sizes=\"auto, (max-width: 500px) 100vw, 500px\" \/><\/a><\/div><\/div>\n\n\n\n<div id=\"wp-block-themeisle-blocks-advanced-column-88778da4\" class=\"wp-block-themeisle-blocks-advanced-column\">\n<h4 class=\"wp-block-heading has-text-align-center\">Envisagez-vous de voyager en Espagne ?<\/h4>\n\n\n\n<p style=\"padding-right:var(--wp--preset--spacing--30);padding-left:var(--wp--preset--spacing--30)\">Rejoignez la Communaut\u00e9 Envie d&rsquo;Horizon ! Abonnez-vous \u00e0 <a href=\"https:\/\/www.youtube.com\/@EnviedHorizon\" data-type=\"link\" data-id=\"https:\/\/www.youtube.com\/@EnviedHorizon\" target=\"_blank\" rel=\"noreferrer noopener\"><strong>notre cha\u00eene YouTube <\/strong><\/a>pour d\u00e9couvrir des vid\u00e9os captivantes sur des destinations du monde entier. Ne manquez aucune des derni\u00e8res actualit\u00e9s en nous suivant sur <a href=\"https:\/\/horizonaventures.net\/index.php\/582c1-blogger-gb-contact\/\" data-type=\"link\" data-id=\"https:\/\/horizonaventures.net\/index.php\/582c1-blogger-gb-contact\/\" target=\"_blank\" rel=\"noreferrer noopener\"><strong>nos r\u00e9seaux sociaux<\/strong><\/a>. Votre avis est important pour nous ! N&rsquo;h\u00e9sitez pas \u00e0 laisser un commentaire ou \u00e0 nous contacter directement via notre<strong> <a href=\"https:\/\/horizonaventures.net\/index.php\/582c1-blogger-gb-contact\/\" data-type=\"link\" data-id=\"https:\/\/horizonaventures.net\/index.php\/582c1-blogger-gb-contact\/\" target=\"_blank\" rel=\"noreferrer noopener\">page de contact.<\/a><\/strong><\/p>\n\n\n\n<p style=\"padding-right:var(--wp--preset--spacing--30);padding-left:var(--wp--preset--spacing--30)\">Le carnet de voyage, intitul\u00e9<strong> Madrid: city break<\/strong>, est actuellement en cours de \u00e9criture et n\u2019est donc pas disponible pour le moment.<\/p>\n\n\n\n<p style=\"padding-right:var(--wp--preset--spacing--30);padding-left:var(--wp--preset--spacing--30)\">Toutefois, si vous \u00eates int\u00e9ress\u00e9 par sa publication ult\u00e9rieure, n\u2019h\u00e9sitez pas \u00e0 nous le faire savoir.<\/p>\n\n\n<div class=\"wp-block-image\">\n<figure class=\"aligncenter size-full is-resized has-custom-border\"><img alt=\"\" loading=\"lazy\" decoding=\"async\" width=\"683\" height=\"1024\" src=\"https:\/\/horizonaventures.net\/wp-content\/uploads\/2025\/01\/97aefe09-38fb-4806-b4f6-618cfd73de01-edited.png\" alt=\"\" class=\"wp-image-2191\" style=\"border-width:1px;border-radius:10px;width:275px;height:auto\" srcset=\"https:\/\/horizonaventures.net\/wp-content\/uploads\/2025\/01\/97aefe09-38fb-4806-b4f6-618cfd73de01-edited.png 683w, https:\/\/horizonaventures.net\/wp-content\/uploads\/2025\/01\/97aefe09-38fb-4806-b4f6-618cfd73de01-edited-200x300.png 200w\" sizes=\"auto, (max-width: 683px) 100vw, 683px\" \/><\/figure>\n<\/div>\n\n\n<p class=\"has-text-align-center has-small-font-size\"><a href=\"https:\/\/horizonaventures.net\/index.php\/582c1-blogger-gb-news\/explorez-et-reservez\/#CarnetVoyage\" data-type=\"link\" data-id=\"https:\/\/horizonaventures.net\/index.php\/582c1-blogger-gb-news\/explorez-et-reservez\/#CarnetVoyage\">Page d\u00e9di\u00e9e au carnet de voyage sur l\u2019Espagne<\/a><\/p>\n<\/div>\n<\/div><\/div>\n\n\n\n<h4 class=\"wp-block-heading has-text-align-center\" style=\"padding-top:var(--wp--preset--spacing--40);padding-bottom:var(--wp--preset--spacing--40)\">Partons ensemble \u00e0 la d\u00e9couverte de La p\u00e9ninsule ib\u00e9rique et cr\u00e9ons des souvenirs inoubliables !<\/h4>\n","protected":false},"excerpt":{"rendered":"<p>L\u2019Espagne, terre de contrastes, s\u00e9duit par sa richesse culturelle, ses plages ensoleill\u00e9es, ses villes vibrantes comme Barcelone et Madrid, et son patrimoine historique unique, de l&rsquo;Alhambra \u00e0 Saint-Jacques-de-Compostelle. D\u00e9couvrez ses paysages vari\u00e9s, des Pyr\u00e9n\u00e9es aux \u00eeles Canaries volcaniques, sans oublier sa gastronomie r\u00e9put\u00e9e (paella, tapas). Une destination id\u00e9ale pour l&rsquo;art, la f\u00eate, la nature et la d\u00e9tente, offrant des exp\u00e9riences authentiques et inoubliables.<\/p>\n","protected":false},"author":1,"featured_media":2176,"comment_status":"closed","ping_status":"open","sticky":false,"template":"","format":"standard","meta":{"_seopress_robots_primary_cat":"none","_seopress_titles_title":"","_seopress_titles_desc":"","_seopress_robots_index":"","neve_meta_sidebar":"","neve_meta_container":"","neve_meta_enable_content_width":"","neve_meta_content_width":0,"neve_meta_title_alignment":"","neve_meta_author_avatar":"","neve_post_elements_order":"","neve_meta_disable_header":"","neve_meta_disable_footer":"","neve_meta_disable_title":"","_themeisle_gutenberg_block_has_review":false,"footnotes":""},"categories":[38,3,2],"tags":[39,33,11],"class_list":["post-2175","post","type-post","status-publish","format-standard","has-post-thumbnail","hentry","category-europe","category-geographie","category-le-monde","tag-europe","tag-tourisme","tag-voyage"],"_links":{"self":[{"href":"https:\/\/horizonaventures.net\/index.php\/wp-json\/wp\/v2\/posts\/2175","targetHints":{"allow":["GET"]}}],"collection":[{"href":"https:\/\/horizonaventures.net\/index.php\/wp-json\/wp\/v2\/posts"}],"about":[{"href":"https:\/\/horizonaventures.net\/index.php\/wp-json\/wp\/v2\/types\/post"}],"author":[{"embeddable":true,"href":"https:\/\/horizonaventures.net\/index.php\/wp-json\/wp\/v2\/users\/1"}],"replies":[{"embeddable":true,"href":"https:\/\/horizonaventures.net\/index.php\/wp-json\/wp\/v2\/comments?post=2175"}],"version-history":[{"count":5,"href":"https:\/\/horizonaventures.net\/index.php\/wp-json\/wp\/v2\/posts\/2175\/revisions"}],"predecessor-version":[{"id":2192,"href":"https:\/\/horizonaventures.net\/index.php\/wp-json\/wp\/v2\/posts\/2175\/revisions\/2192"}],"wp:featuredmedia":[{"embeddable":true,"href":"https:\/\/horizonaventures.net\/index.php\/wp-json\/wp\/v2\/media\/2176"}],"wp:attachment":[{"href":"https:\/\/horizonaventures.net\/index.php\/wp-json\/wp\/v2\/media?parent=2175"}],"wp:term":[{"taxonomy":"category","embeddable":true,"href":"https:\/\/horizonaventures.net\/index.php\/wp-json\/wp\/v2\/categories?post=2175"},{"taxonomy":"post_tag","embeddable":true,"href":"https:\/\/horizonaventures.net\/index.php\/wp-json\/wp\/v2\/tags?post=2175"}],"curies":[{"name":"wp","href":"https:\/\/api.w.org\/{rel}","templated":true}]}}