{"id":2275,"date":"2025-02-17T12:01:22","date_gmt":"2025-02-17T11:01:22","guid":{"rendered":"https:\/\/horizonaventures.net\/?p=2275"},"modified":"2025-02-17T12:01:22","modified_gmt":"2025-02-17T11:01:22","slug":"le-perou","status":"publish","type":"post","link":"https:\/\/horizonaventures.net\/index.php\/2025\/02\/17\/le-perou\/","title":{"rendered":"Le P\u00e9rou"},"content":{"rendered":"\n<div id=\"wp-block-themeisle-blocks-advanced-columns-3d41d521\" class=\"wp-block-themeisle-blocks-advanced-columns has-3-columns has-desktop-equal-layout has-tablet-equal-layout has-mobile-collapsedRows-layout has-vertical-unset\"><div class=\"wp-block-themeisle-blocks-advanced-columns-overlay\"><\/div><div class=\"innerblocks-wrap\">\n<div id=\"wp-block-themeisle-blocks-advanced-column-0484565e\" class=\"wp-block-themeisle-blocks-advanced-column\">\n<h2 class=\"wp-block-heading has-text-align-center\">La r\u00e9publique du P\u00e9rou<\/h2>\n\n\n\n<p style=\"padding-right:var(--wp--preset--spacing--30);padding-left:var(--wp--preset--spacing--30)\"><strong>Le P\u00e9rou, terre de myst\u00e8res et de contrastes, vous invite \u00e0 explorer ses paysages \u00e9poustouflants : des sommets des Andes au c\u0153ur de l&rsquo;Amazonie, en passant par le d\u00e9sert c\u00f4tier. <\/strong><\/p>\n\n\n\n<p style=\"padding-right:var(--wp--preset--spacing--30);padding-left:var(--wp--preset--spacing--30)\"><strong>D\u00e9couvrez le l\u00e9gendaire Machu Picchu, les \u00e9nigmes des lignes de Nazca, et l&rsquo;effervescence de Lima. Plongez dans une culture mill\u00e9naire, go\u00fbtez \u00e0 une gastronomie renomm\u00e9e et vivez une aventure inoubliable au c\u0153ur d&rsquo;un patrimoine unique.<\/strong><\/p>\n\n\n\n<p class=\"has-text-align-center\"><sup><sub>Derni\u00e8re mise \u00e0 jour : 17\/02\/2025<\/sub><\/sup><\/p>\n<\/div>\n\n\n\n<div id=\"wp-block-themeisle-blocks-advanced-column-e304bd52\" class=\"wp-block-themeisle-blocks-advanced-column\"><div class=\"wp-block-image\">\n<figure class=\"aligncenter size-full is-resized has-custom-border\"><img alt=\"\" loading=\"lazy\" decoding=\"async\" width=\"576\" height=\"1024\" src=\"https:\/\/horizonaventures.net\/wp-content\/uploads\/2025\/02\/23881bb7-f02f-4fbc-b1d8-a37e8eb8e22d-edited.png\" alt=\"\" class=\"wp-image-2277\" style=\"border-width:1px;border-radius:10px;width:333px;height:auto\" srcset=\"https:\/\/horizonaventures.net\/wp-content\/uploads\/2025\/02\/23881bb7-f02f-4fbc-b1d8-a37e8eb8e22d-edited.png 576w, https:\/\/horizonaventures.net\/wp-content\/uploads\/2025\/02\/23881bb7-f02f-4fbc-b1d8-a37e8eb8e22d-edited-169x300.png 169w\" sizes=\"auto, (max-width: 576px) 100vw, 576px\" \/><\/figure>\n<\/div><\/div>\n\n\n\n<div id=\"wp-block-themeisle-blocks-advanced-column-c35dfe14\" class=\"wp-block-themeisle-blocks-advanced-column\">\n<hr class=\"wp-block-separator has-alpha-channel-opacity\"\/>\n\n\n\n<p class=\"has-text-align-center\"><strong>Pays :<\/strong> R\u00e9publique du P\u00e9rou<br><strong>Region :<\/strong> <a href=\"https:\/\/horizonaventures.net\/index.php\/2024\/07\/09\/amerique-du-sud-2\/\" data-type=\"link\" data-id=\"https:\/\/horizonaventures.net\/index.php\/2024\/07\/09\/amerique-du-sud-2\/\" target=\"_blank\" rel=\"noreferrer noopener\">Pays de la c\u00f4te pacifique et l\u2019int\u00e9rieur d\u2019Am\u00e9rique du Sud<\/a><\/p>\n\n\n\n<figure class=\"wp-block-gallery aligncenter has-nested-images columns-default is-cropped wp-block-gallery-1 is-layout-flex wp-block-gallery-is-layout-flex\"><div class=\"wp-block-image\">\n<figure class=\"aligncenter size-large is-resized has-custom-border\"><img decoding=\"async\" src=\"https:\/\/www.welt-flaggen.de\/data\/flags\/w580\/pe.webp\" alt=\"\" style=\"border-width:1px;border-radius:10px;width:122px;height:auto\"\/><\/figure>\n<\/div><\/figure>\n\n\n\n<p class=\"has-text-align-center\">Office du tourisme : <br><a href=\"https:\/\/www.peru.travel\/fr\">https:\/\/www.peru.travel\/fr<\/a><\/p>\n\n\n\n<hr class=\"wp-block-separator has-alpha-channel-opacity\"\/>\n\n\n\n<figure class=\"wp-block-embed aligncenter is-type-video is-provider-youtube wp-block-embed-youtube wp-embed-aspect-16-9 wp-has-aspect-ratio\"><div class=\"wp-block-embed__wrapper\">\n<div class=\"nv-iframe-embed\"><iframe loading=\"lazy\" title=\"L\u2019Am\u00e9rique\" width=\"1200\" height=\"675\" src=\"https:\/\/www.youtube.com\/embed\/NFiCo3gpBDs?feature=oembed\" frameborder=\"0\" allow=\"accelerometer; autoplay; clipboard-write; encrypted-media; gyroscope; picture-in-picture; web-share\" referrerpolicy=\"strict-origin-when-cross-origin\" allowfullscreen><\/iframe><\/div>\n<\/div><figcaption class=\"wp-element-caption\">L\u2019article n&rsquo;est pas disponible en video<\/figcaption><\/figure>\n\n\n\n<hr class=\"wp-block-separator has-alpha-channel-opacity\"\/>\n<\/div>\n<\/div><\/div>\n\n\n\n<div id=\"wp-block-themeisle-blocks-advanced-columns-36922587\" class=\"wp-block-themeisle-blocks-advanced-columns has-3-columns has-desktop-equal-layout has-tablet-equal-layout has-mobile-collapsedRows-layout has-vertical-unset\"><div class=\"wp-block-themeisle-blocks-advanced-columns-overlay\"><\/div><div class=\"innerblocks-wrap\">\n<div id=\"wp-block-themeisle-blocks-advanced-column-316d9744\" class=\"wp-block-themeisle-blocks-advanced-column\">\n<h3 class=\"wp-block-heading\">G\u00e9ographie <\/h3>\n\n\n\n<p style=\"padding-right:var(--wp--preset--spacing--30);padding-left:var(--wp--preset--spacing--30)\">Situ\u00e9 en <strong>Am\u00e9rique du Sud<\/strong>, le P\u00e9rou s&rsquo;\u00e9tend sur environ 1,28 million de km\u00b2, <strong>soit deux fois la taille de la France<\/strong>. <\/p>\n\n\n\n<p style=\"padding-right:var(--wp--preset--spacing--30);padding-left:var(--wp--preset--spacing--30)\">Bord\u00e9 par l&rsquo;oc\u00e9an Pacifique \u00e0 l&rsquo;ouest, il partage ses fronti\u00e8res avec <strong>l&rsquo;\u00c9quateur, la Colombie, le Br\u00e9sil, la Bolivie et le Chili<\/strong>. <\/p>\n\n\n\n<p style=\"padding-right:var(--wp--preset--spacing--30);padding-left:var(--wp--preset--spacing--30)\">Son territoire diversifi\u00e9 comprend la c\u00f4te aride, la majestueuse cordill\u00e8re des Andes et l&rsquo;Amazonie luxuriante, offrant <strong>une richesse de paysages et de climats uniques<\/strong>.<\/p>\n\n\n\n<p class=\"has-text-align-center\"><a href=\"https:\/\/maps.app.goo.gl\/MGmDepvX5GCMXGTb7\" data-type=\"link\" data-id=\"https:\/\/maps.app.goo.gl\/SY2v8zEaQHCZLei99\" target=\"_blank\" rel=\"noreferrer noopener\">Google Map \/ P\u00e9rou<\/a><\/p>\n\n\n<div class=\"is-default-size aligncenter wp-block-site-logo\"><a href=\"https:\/\/horizonaventures.net\/\" class=\"custom-logo-link\" rel=\"home\"><img loading=\"lazy\" decoding=\"async\" width=\"500\" height=\"353\" src=\"https:\/\/horizonaventures.net\/wp-content\/uploads\/2024\/02\/cropped-Envie_d_horizonLogo.png\" class=\"custom-logo\" alt=\"Logo Envie d&#039;horizon\" srcset=\"https:\/\/horizonaventures.net\/wp-content\/uploads\/2024\/02\/cropped-Envie_d_horizonLogo.png 500w, https:\/\/horizonaventures.net\/wp-content\/uploads\/2024\/02\/cropped-Envie_d_horizonLogo-300x212.png 300w\" sizes=\"auto, (max-width: 500px) 100vw, 500px\" \/><\/a><\/div><\/div>\n\n\n\n<div id=\"wp-block-themeisle-blocks-advanced-column-6f1a5b3b\" class=\"wp-block-themeisle-blocks-advanced-column\">\n<h3 class=\"wp-block-heading\">La majestueuse cordill\u00e8re des Andes p\u00e9ruvienne<\/h3>\n\n\n\n<p style=\"padding-right:var(--wp--preset--spacing--30);padding-left:var(--wp--preset--spacing--30)\"><strong>La cordill\u00e8re des Andes<\/strong> p\u00e9ruvienne d\u00e9ploie ses sommets spectaculaires sur plus de 7 000 km, offrant des panoramas \u00e0 couper le souffle.<\/p>\n\n\n\n<p style=\"padding-right:var(--wp--preset--spacing--30);padding-left:var(--wp--preset--spacing--30)\">Abritant <strong>le majestueux Huascar\u00e1n <\/strong>(6 768 m), point culminant du P\u00e9rou, elle attire les amateurs de randonn\u00e9e et d\u2019alpinisme. <\/p>\n\n\n\n<p style=\"padding-right:var(--wp--preset--spacing--30);padding-left:var(--wp--preset--spacing--30)\">Ses vall\u00e9es fertiles abritent des villages traditionnels o\u00f9 perdurent les cultures andines. <\/p>\n\n\n\n<p style=\"padding-right:var(--wp--preset--spacing--30);padding-left:var(--wp--preset--spacing--30)\">Entre glaciers \u00e9tincelants et lagunes turquoise, cette cha\u00eene montagneuse d\u00e9voile des paysages d&rsquo;une beaut\u00e9 inoubliable.<\/p>\n<\/div>\n\n\n\n<div id=\"wp-block-themeisle-blocks-advanced-column-ddc62680\" class=\"wp-block-themeisle-blocks-advanced-column\">\n<h3 class=\"wp-block-heading\">Religion<\/h3>\n\n\n\n<p style=\"padding-right:var(--wp--preset--spacing--30);padding-left:var(--wp--preset--spacing--30)\">La religion occupe une place centrale au P\u00e9rou, o\u00f9 environ <strong>80 % de la population se d\u00e9clare catholique<\/strong>. <\/p>\n\n\n\n<p style=\"padding-right:var(--wp--preset--spacing--30);padding-left:var(--wp--preset--spacing--30)\">H\u00e9ritage de la colonisation espagnole, le catholicisme coexiste avec des croyances ancestrales andines. <\/p>\n\n\n\n<p style=\"padding-right:var(--wp--preset--spacing--30);padding-left:var(--wp--preset--spacing--30)\">Les f\u00eates religieuses, comme la <strong>Semaine Sainte \u00e0 Ayacucho<\/strong>, m\u00e9langent rites chr\u00e9tiens et traditions indig\u00e8nes. <\/p>\n\n\n\n<p style=\"padding-right:var(--wp--preset--spacing--30);padding-left:var(--wp--preset--spacing--30)\">Le syncr\u00e9tisme religieux se manifeste dans les offrandes \u00e0 la Pachamama (Terre-M\u00e8re), montrant une spiritualit\u00e9 vivante et profond\u00e9ment enracin\u00e9e dans la culture p\u00e9ruvienne.<\/p>\n<\/div>\n<\/div><\/div>\n\n\n\n<div id=\"wp-block-themeisle-blocks-advanced-columns-3e9cb56f\" class=\"wp-block-themeisle-blocks-advanced-columns has-3-columns has-desktop-equal-layout has-tablet-equal-layout has-mobile-collapsedRows-layout has-vertical-unset\"><div class=\"wp-block-themeisle-blocks-advanced-columns-overlay\"><\/div><div class=\"innerblocks-wrap\">\n<div id=\"wp-block-themeisle-blocks-advanced-column-0bc1b536\" class=\"wp-block-themeisle-blocks-advanced-column\">\n<h3 class=\"wp-block-heading\">Langue<\/h3>\n\n\n\n<p style=\"padding-right:var(--wp--preset--spacing--30);padding-left:0\">Au P\u00e9rou, <strong>l&rsquo;espagnol est la langue officielle et la plus parl\u00e9e<\/strong>, h\u00e9ritage de la colonisation espagnole. <\/p>\n\n\n\n<p style=\"padding-right:var(--wp--preset--spacing--30);padding-left:0\">Cependant, le pays est riche en diversit\u00e9 linguistique avec le <strong>quechua<\/strong> et l&rsquo;<strong>aymara<\/strong>, langues ancestrales reconnues officiellement dans les Andes et l&rsquo;Altiplano. <\/p>\n\n\n\n<p style=\"padding-right:var(--wp--preset--spacing--30);padding-left:0\">Plus de 40 langues indig\u00e8nes sont \u00e9galement parl\u00e9es en Amazonie. <\/p>\n\n\n\n<p style=\"padding-right:var(--wp--preset--spacing--30);padding-left:0\">Cette richesse linguistique refl\u00e8te l&rsquo;histoire mill\u00e9naire et la diversit\u00e9 culturelle du pays, o\u00f9 traditions orales et modernit\u00e9 cohabitent harmonieusement.<\/p>\n<\/div>\n\n\n\n<div id=\"wp-block-themeisle-blocks-advanced-column-66f4f1fd\" class=\"wp-block-themeisle-blocks-advanced-column\"><div class=\"wp-block-image\">\n<figure class=\"aligncenter size-full is-resized has-custom-border\"><img alt=\"\" loading=\"lazy\" decoding=\"async\" width=\"576\" height=\"1024\" src=\"https:\/\/horizonaventures.net\/wp-content\/uploads\/2025\/02\/c9a803d7-fa1a-4599-8d64-13ba500bfc29-edited.png\" alt=\"\" class=\"wp-image-2286\" style=\"border-width:1px;border-radius:10px;width:298px;height:auto\" srcset=\"https:\/\/horizonaventures.net\/wp-content\/uploads\/2025\/02\/c9a803d7-fa1a-4599-8d64-13ba500bfc29-edited.png 576w, https:\/\/horizonaventures.net\/wp-content\/uploads\/2025\/02\/c9a803d7-fa1a-4599-8d64-13ba500bfc29-edited-169x300.png 169w\" sizes=\"auto, (max-width: 576px) 100vw, 576px\" \/><\/figure>\n<\/div><\/div>\n\n\n\n<div id=\"wp-block-themeisle-blocks-advanced-column-edb278fa\" class=\"wp-block-themeisle-blocks-advanced-column\">\n<h3 class=\"wp-block-heading\" style=\"padding-right:var(--wp--preset--spacing--30);padding-left:var(--wp--preset--spacing--30)\">Se rendre au P\u00e9rou<\/h3>\n\n\n\n<p style=\"padding-right:0;padding-left:var(--wp--preset--spacing--30)\">Pour se rendre au P\u00e9rou depuis la France, <strong>des vols directs relient Paris \u00e0 Lima en environ 12 heures<\/strong>. <\/p>\n\n\n\n<p style=\"padding-right:0;padding-left:var(--wp--preset--spacing--30)\">D&rsquo;autres options incluent des escales en Europe ou en Am\u00e9rique latine. <\/p>\n\n\n\n<p style=\"padding-right:0;padding-left:var(--wp--preset--spacing--30)\"><strong>L\u2019a\u00e9roport international Jorge Ch\u00e1vez de Lima<\/strong> est le principal hub du pays, offrant des correspondances vers les grandes villes p\u00e9ruviennes. <\/p>\n\n\n\n<p style=\"padding-right:0;padding-left:var(--wp--preset--spacing--30)\">Planifiez votre itin\u00e9raire \u00e0 l&rsquo;avance pour profiter pleinement des merveilles culturelles et naturelles de cette destination fascinante.&nbsp;<\/p>\n<\/div>\n<\/div><\/div>\n\n\n\n<div id=\"wp-block-themeisle-blocks-advanced-columns-674d90e0\" class=\"wp-block-themeisle-blocks-advanced-columns has-2-columns has-desktop-equal-layout has-tablet-equal-layout has-mobile-collapsedRows-layout has-vertical-unset\"><div class=\"wp-block-themeisle-blocks-advanced-columns-overlay\"><\/div><div class=\"innerblocks-wrap\">\n<div id=\"wp-block-themeisle-blocks-advanced-column-07007b8c\" class=\"wp-block-themeisle-blocks-advanced-column\">\n<h3 class=\"wp-block-heading\">La Meilleure P\u00e9riode pour Visiter le P\u00e9rou<\/h3>\n\n\n\n<p style=\"padding-right:var(--wp--preset--spacing--30);padding-left:var(--wp--preset--spacing--30)\">La meilleure p\u00e9riode pour visiter le P\u00e9rou d\u00e9pend des r\u00e9gions. <\/p>\n\n\n\n<p style=\"padding-right:var(--wp--preset--spacing--30);padding-left:var(--wp--preset--spacing--30)\"><strong>Dans les Andes<\/strong> et \u00e0 Machu Picchu, la saison s\u00e8che <strong>d\u2019avril \u00e0 octobre<\/strong> offre un ciel d\u00e9gag\u00e9, id\u00e9al pour la randonn\u00e9e. <\/p>\n\n\n\n<p style=\"padding-right:var(--wp--preset--spacing--30);padding-left:var(--wp--preset--spacing--30)\">Sur la c\u00f4te, de <strong>d\u00e9cembre \u00e0 mars<\/strong>, le climat est chaud et ensoleill\u00e9. <\/p>\n\n\n\n<p style=\"padding-right:var(--wp--preset--spacing--30);padding-left:var(--wp--preset--spacing--30)\">En Amazonie, pr\u00e9f\u00e9rez <strong>mai \u00e0 septembre<\/strong> pour \u00e9viter les pluies intenses. <\/p>\n\n\n\n<p style=\"padding-right:var(--wp--preset--spacing--30);padding-left:var(--wp--preset--spacing--30)\"><strong>Chaque saison d\u00e9voile une facette unique de ce pays aux mille contrastes<\/strong>.<\/p>\n<\/div>\n\n\n\n<div id=\"wp-block-themeisle-blocks-advanced-column-f9b13965\" class=\"wp-block-themeisle-blocks-advanced-column\">\n<h3 class=\"wp-block-heading\">Formalit\u00e9s d&rsquo;entr\u00e9e et sanitaire<\/h3>\n\n\n\n<p style=\"padding-right:var(--wp--preset--spacing--30);padding-left:var(--wp--preset--spacing--30)\"><strong>Pour un touriste fran\u00e7ais <\/strong>visitant le P\u00e9rou, aucun visa n\u2019est requis pour un s\u00e9jour de moins de 90 jours. <\/p>\n\n\n\n<p style=\"padding-right:var(--wp--preset--spacing--30);padding-left:var(--wp--preset--spacing--30)\">Un passeport valide six mois apr\u00e8s la date d&rsquo;entr\u00e9e est obligatoire. <\/p>\n\n\n\n<p style=\"padding-right:var(--wp--preset--spacing--30);padding-left:var(--wp--preset--spacing--30)\">C\u00f4t\u00e9 sant\u00e9, <strong>aucun vaccin n\u2019est exig\u00e9<\/strong>, mais la vaccination contre la fi\u00e8vre jaune est recommand\u00e9e pour l&rsquo;Amazonie. <\/p>\n\n\n\n<p style=\"padding-right:var(--wp--preset--spacing--30);padding-left:var(--wp--preset--spacing--30)\">Pensez \u00e0 vous prot\u00e9ger contre le paludisme et \u00e0 emporter une trousse m\u00e9dicale de base. <\/p>\n\n\n\n<p style=\"padding-right:var(--wp--preset--spacing--30);padding-left:var(--wp--preset--spacing--30)\">L&rsquo;eau du robinet n&rsquo;est pas potable.<\/p>\n\n\n\n<p class=\"has-text-align-center\"><a href=\"https:\/\/www.diplomatie.gouv.fr\/fr\/conseils-aux-voyageurs\/conseils-par-pays-destination\/perou\/\" data-type=\"link\" data-id=\"https:\/\/www.diplomatie.gouv.fr\/fr\/conseils-aux-voyageurs\/conseils-par-pays-destination\/perou\/\" target=\"_blank\" rel=\"noreferrer noopener\">Diplomatie.gov \/Conseils aux Voyageurs \/P\u00e9rou<\/a><\/p>\n<\/div>\n<\/div><\/div>\n\n\n\n<div id=\"wp-block-themeisle-blocks-advanced-columns-882bac18\" class=\"wp-block-themeisle-blocks-advanced-columns has-2-columns has-desktop-equal-layout has-tablet-equal-layout has-mobile-collapsedRows-layout has-vertical-unset\"><div class=\"wp-block-themeisle-blocks-advanced-columns-overlay\"><\/div><div class=\"innerblocks-wrap\">\n<div id=\"wp-block-themeisle-blocks-advanced-column-1b0f933d\" class=\"wp-block-themeisle-blocks-advanced-column\"><div class=\"wp-block-image\">\n<figure class=\"aligncenter size-full is-resized has-custom-border\"><img alt=\"\" loading=\"lazy\" decoding=\"async\" width=\"1024\" height=\"1024\" src=\"https:\/\/horizonaventures.net\/wp-content\/uploads\/2025\/02\/cb3bb7ba-e383-40cd-b945-dfa7b2351f63.png\" alt=\"\" class=\"wp-image-2287\" style=\"border-width:1px;border-radius:10px;width:512px;height:auto\" srcset=\"https:\/\/horizonaventures.net\/wp-content\/uploads\/2025\/02\/cb3bb7ba-e383-40cd-b945-dfa7b2351f63.png 1024w, https:\/\/horizonaventures.net\/wp-content\/uploads\/2025\/02\/cb3bb7ba-e383-40cd-b945-dfa7b2351f63-300x300.png 300w, https:\/\/horizonaventures.net\/wp-content\/uploads\/2025\/02\/cb3bb7ba-e383-40cd-b945-dfa7b2351f63-150x150.png 150w, https:\/\/horizonaventures.net\/wp-content\/uploads\/2025\/02\/cb3bb7ba-e383-40cd-b945-dfa7b2351f63-768x768.png 768w\" sizes=\"auto, (max-width: 1024px) 100vw, 1024px\" \/><\/figure>\n<\/div><\/div>\n\n\n\n<div id=\"wp-block-themeisle-blocks-advanced-column-95f150b0\" class=\"wp-block-themeisle-blocks-advanced-column\">\n<h3 class=\"wp-block-heading\">Bref aper\u00e7u de l&rsquo;histoire<\/h3>\n\n\n\n<p>L\u2019histoire du P\u00e9rou est marqu\u00e9e par des civilisations embl\u00e9matiques, comme les <strong>Chav\u00edn<\/strong>, <strong>Mochica<\/strong> et <strong>Nazca<\/strong>, avant l&rsquo;essor des <strong>Incas<\/strong>, dont l&#8217;empire s&rsquo;\u00e9tendait des Andes \u00e0 l&rsquo;oc\u00e9an Pacifique. <\/p>\n\n\n\n<p>En 1532, la conqu\u00eate espagnole men\u00e9e par <strong>Francisco Pizarro<\/strong> renversa l&#8217;empereur <strong>Atahualpa<\/strong>, inaugurant trois si\u00e8cles de colonisation. <\/p>\n\n\n\n<p>Le P\u00e9rou obtint son ind\u00e9pendance en <strong>1821<\/strong>, sous l&rsquo;impulsion de <strong>Jos\u00e9 de San Mart\u00edn<\/strong>. <\/p>\n\n\n\n<p>Aujourd&rsquo;hui, son riche pass\u00e9 impr\u00e8gne encore sa culture et ses traditions.<\/p>\n\n\n\n<p class=\"has-text-align-center\"><a href=\"https:\/\/fr.wikipedia.org\/wiki\/Histoire_du_P%C3%A9rou\" data-type=\"link\" data-id=\"https:\/\/fr.wikipedia.org\/wiki\/Histoire_du_P%C3%A9rou\" target=\"_blank\" rel=\"noreferrer noopener\">Wikip\u00e9dia \/ Histoire du P\u00e9rou<\/a><\/p>\n<\/div>\n<\/div><\/div>\n\n\n\n<div id=\"wp-block-themeisle-blocks-advanced-columns-66e9d595\" class=\"wp-block-themeisle-blocks-advanced-columns has-3-columns has-desktop-equal-layout has-tablet-equal-layout has-mobile-collapsedRows-layout has-vertical-unset\"><div class=\"wp-block-themeisle-blocks-advanced-columns-overlay\"><\/div><div class=\"innerblocks-wrap\">\n<div id=\"wp-block-themeisle-blocks-advanced-column-606136a1\" class=\"wp-block-themeisle-blocks-advanced-column\">\n<h3 class=\"wp-block-heading\">Le Machu Picchu<\/h3>\n\n\n\n<p style=\"padding-right:var(--wp--preset--spacing--30);padding-left:var(--wp--preset--spacing--30)\">Class\u00e9 au patrimoine mondial de l&rsquo;UNESCO, le <strong>Machu Picchu<\/strong> est l&rsquo;une des merveilles arch\u00e9ologiques les plus embl\u00e9matiques du monde. <\/p>\n\n\n\n<p style=\"padding-right:var(--wp--preset--spacing--30);padding-left:var(--wp--preset--spacing--30)\">Perch\u00e9e \u00e0 2 430 m\u00e8tres d&rsquo;altitude dans les Andes, cette ancienne cit\u00e9 Inca fascine par ses terrasses vertigineuses et son architecture myst\u00e9rieuse. <\/p>\n\n\n\n<p style=\"padding-right:var(--wp--preset--spacing--30);padding-left:var(--wp--preset--spacing--30)\">D\u00e9couverte en 1911 par <strong>Hiram Bingham<\/strong>, elle demeure un lieu sacr\u00e9 impr\u00e9gn\u00e9 de spiritualit\u00e9. <\/p>\n\n\n\n<p style=\"padding-right:var(--wp--preset--spacing--30);padding-left:var(--wp--preset--spacing--30)\">Accessible en train depuis <strong>Cusco<\/strong> ou par le c\u00e9l\u00e8bre <strong>Chemin de l&rsquo;Inca<\/strong>, elle offre une exp\u00e9rience inoubliable.<\/p>\n\n\n<div class=\"wp-block-image\">\n<figure class=\"aligncenter size-full is-resized has-custom-border\"><img alt=\"\" loading=\"lazy\" decoding=\"async\" width=\"1024\" height=\"1024\" src=\"https:\/\/horizonaventures.net\/wp-content\/uploads\/2025\/02\/ed8ce5f9-1400-4d14-83b7-13d0779286c3.png\" alt=\"\" class=\"wp-image-2291\" style=\"border-width:1px;border-radius:10px;width:229px;height:auto\" srcset=\"https:\/\/horizonaventures.net\/wp-content\/uploads\/2025\/02\/ed8ce5f9-1400-4d14-83b7-13d0779286c3.png 1024w, https:\/\/horizonaventures.net\/wp-content\/uploads\/2025\/02\/ed8ce5f9-1400-4d14-83b7-13d0779286c3-300x300.png 300w, https:\/\/horizonaventures.net\/wp-content\/uploads\/2025\/02\/ed8ce5f9-1400-4d14-83b7-13d0779286c3-150x150.png 150w, https:\/\/horizonaventures.net\/wp-content\/uploads\/2025\/02\/ed8ce5f9-1400-4d14-83b7-13d0779286c3-768x768.png 768w\" sizes=\"auto, (max-width: 1024px) 100vw, 1024px\" \/><\/figure>\n<\/div><\/div>\n\n\n\n<div id=\"wp-block-themeisle-blocks-advanced-column-1e8ccb9a\" class=\"wp-block-themeisle-blocks-advanced-column\"><div class=\"wp-block-image\">\n<figure class=\"aligncenter size-full is-resized has-custom-border\"><img alt=\"\" loading=\"lazy\" decoding=\"async\" width=\"576\" height=\"1024\" src=\"https:\/\/horizonaventures.net\/wp-content\/uploads\/2025\/02\/c7135042-eae2-4955-b4c5-e903b397bcdc-edited.png\" alt=\"\" class=\"wp-image-2289\" style=\"border-width:1px;border-radius:10px;width:307px;height:auto\" srcset=\"https:\/\/horizonaventures.net\/wp-content\/uploads\/2025\/02\/c7135042-eae2-4955-b4c5-e903b397bcdc-edited.png 576w, https:\/\/horizonaventures.net\/wp-content\/uploads\/2025\/02\/c7135042-eae2-4955-b4c5-e903b397bcdc-edited-169x300.png 169w\" sizes=\"auto, (max-width: 576px) 100vw, 576px\" \/><\/figure>\n<\/div>\n\n<div class=\"wp-block-image\">\n<figure class=\"aligncenter size-full is-resized has-custom-border\"><img alt=\"\" loading=\"lazy\" decoding=\"async\" width=\"1024\" height=\"1024\" src=\"https:\/\/horizonaventures.net\/wp-content\/uploads\/2025\/02\/9df88f4f-98c9-4048-af96-c76b69b3d3aa.png\" alt=\"\" class=\"wp-image-2292\" style=\"border-width:1px;border-radius:10px;width:298px;height:auto\" srcset=\"https:\/\/horizonaventures.net\/wp-content\/uploads\/2025\/02\/9df88f4f-98c9-4048-af96-c76b69b3d3aa.png 1024w, https:\/\/horizonaventures.net\/wp-content\/uploads\/2025\/02\/9df88f4f-98c9-4048-af96-c76b69b3d3aa-300x300.png 300w, https:\/\/horizonaventures.net\/wp-content\/uploads\/2025\/02\/9df88f4f-98c9-4048-af96-c76b69b3d3aa-150x150.png 150w, https:\/\/horizonaventures.net\/wp-content\/uploads\/2025\/02\/9df88f4f-98c9-4048-af96-c76b69b3d3aa-768x768.png 768w\" sizes=\"auto, (max-width: 1024px) 100vw, 1024px\" \/><\/figure>\n<\/div><\/div>\n\n\n\n<div id=\"wp-block-themeisle-blocks-advanced-column-d3a048b0\" class=\"wp-block-themeisle-blocks-advanced-column\">\n<h3 class=\"wp-block-heading\" style=\"padding-right:var(--wp--preset--spacing--30);padding-left:var(--wp--preset--spacing--30)\">Les Tr\u00e9sors Cach\u00e9s du P\u00e9rou : <\/h3>\n\n\n\n<h4 class=\"wp-block-heading\">Sites Incontournables au-del\u00e0 du Machu Picchu<\/h4>\n\n\n\n<p style=\"padding-right:var(--wp--preset--spacing--30);padding-left:var(--wp--preset--spacing--30)\">Le P\u00e9rou regorge de sites touristiques incontournables au-del\u00e0 du Machu Picchu. <\/p>\n\n\n\n<p style=\"padding-right:var(--wp--preset--spacing--30);padding-left:var(--wp--preset--spacing--30)\">D\u00e9couvrez <strong>Cusco<\/strong>, ancienne capitale inca, et la <strong>Vall\u00e9e Sacr\u00e9e<\/strong> avec ses villages pittoresques. <\/p>\n\n\n\n<p style=\"padding-right:var(--wp--preset--spacing--30);padding-left:var(--wp--preset--spacing--30)\">Admirez les myst\u00e9rieuses <strong>lignes de Nazca<\/strong> depuis le ciel. <\/p>\n\n\n\n<p style=\"padding-right:var(--wp--preset--spacing--30);padding-left:var(--wp--preset--spacing--30)\">Explorez le <strong>Lac Titicaca<\/strong>, le plus haut lac navigable du monde, et ses \u00eeles traditionnelles. <\/p>\n\n\n\n<p style=\"padding-right:var(--wp--preset--spacing--30);padding-left:var(--wp--preset--spacing--30)\">Ne manquez pas <strong>Arequipa<\/strong> et le <strong>Canyon de Colca<\/strong>, ainsi que l\u2019<strong>Amazonie p\u00e9ruvienne<\/strong>, v\u00e9ritable tr\u00e9sor de biodiversit\u00e9 et d&rsquo;aventure.<\/p>\n<\/div>\n<\/div><\/div>\n\n\n\n<div id=\"wp-block-themeisle-blocks-advanced-columns-1439fbe2\" class=\"wp-block-themeisle-blocks-advanced-columns has-2-columns has-desktop-equal-layout has-tablet-equal-layout has-mobile-collapsedRows-layout has-vertical-unset\"><div class=\"wp-block-themeisle-blocks-advanced-columns-overlay\"><\/div><div class=\"innerblocks-wrap\">\n<div id=\"wp-block-themeisle-blocks-advanced-column-357417bb\" class=\"wp-block-themeisle-blocks-advanced-column\">\n<h3 class=\"wp-block-heading\">Lima et la C\u00f4te Centrale<\/h3>\n\n\n\n<p><strong>Lima et la C\u00f4te Centrale<\/strong> offrent un m\u00e9lange captivant de culture et de d\u00e9tente. <\/p>\n\n\n\n<p><strong>Lima<\/strong>, la capitale dynamique, s\u00e9duit par son centre historique colonial, ses mus\u00e9es fascinants et sa gastronomie mondialement reconnue. <\/p>\n\n\n\n<p>Plus au sud, <strong>Paracas<\/strong> d\u00e9voile des paysages c\u00f4tiers \u00e9poustouflants et la <strong>r\u00e9serve nationale de Paracas<\/strong>, paradis pour les amoureux de la nature. <\/p>\n\n\n\n<p>\u00c0 <strong>Ica<\/strong>, d\u00e9couvrez les myst\u00e9rieuses <strong>lignes de Nazca<\/strong> et l&rsquo;oasis spectaculaire de <strong>Huacachina<\/strong>, id\u00e9ale pour le sandboard.<\/p>\n<\/div>\n\n\n\n<div id=\"wp-block-themeisle-blocks-advanced-column-e9f739e6\" class=\"wp-block-themeisle-blocks-advanced-column\"><div class=\"wp-block-image\">\n<figure class=\"aligncenter size-full is-resized has-custom-border\"><img alt=\"\" loading=\"lazy\" decoding=\"async\" width=\"1024\" height=\"1024\" src=\"https:\/\/horizonaventures.net\/wp-content\/uploads\/2025\/02\/4cd0bd36-7e74-4ced-ba3e-e09d7ee05a89.png\" alt=\"\" class=\"wp-image-2293\" style=\"border-width:1px;border-radius:10px;width:446px;height:auto\" srcset=\"https:\/\/horizonaventures.net\/wp-content\/uploads\/2025\/02\/4cd0bd36-7e74-4ced-ba3e-e09d7ee05a89.png 1024w, https:\/\/horizonaventures.net\/wp-content\/uploads\/2025\/02\/4cd0bd36-7e74-4ced-ba3e-e09d7ee05a89-300x300.png 300w, https:\/\/horizonaventures.net\/wp-content\/uploads\/2025\/02\/4cd0bd36-7e74-4ced-ba3e-e09d7ee05a89-150x150.png 150w, https:\/\/horizonaventures.net\/wp-content\/uploads\/2025\/02\/4cd0bd36-7e74-4ced-ba3e-e09d7ee05a89-768x768.png 768w\" sizes=\"auto, (max-width: 1024px) 100vw, 1024px\" \/><\/figure>\n<\/div><\/div>\n<\/div><\/div>\n\n\n\n<div id=\"wp-block-themeisle-blocks-advanced-columns-6227b991\" class=\"wp-block-themeisle-blocks-advanced-columns has-2-columns has-desktop-equal-layout has-tablet-equal-layout has-mobile-collapsedRows-layout has-vertical-unset\"><div class=\"wp-block-themeisle-blocks-advanced-columns-overlay\"><\/div><div class=\"innerblocks-wrap\">\n<div id=\"wp-block-themeisle-blocks-advanced-column-ea8e9bc6\" class=\"wp-block-themeisle-blocks-advanced-column\">\n<h3 class=\"wp-block-heading\">Sud P\u00e9ruvien<\/h3>\n\n\n\n<p style=\"padding-right:var(--wp--preset--spacing--30);padding-left:var(--wp--preset--spacing--30)\">Le Sud P\u00e9ruvien est une terre de contrastes et de merveilles arch\u00e9ologiques. <\/p>\n\n\n\n<p style=\"padding-right:var(--wp--preset--spacing--30);padding-left:var(--wp--preset--spacing--30)\"><strong>Cusco, ancienne capitale inca<\/strong>, \u00e9blouit par son architecture coloniale et ses ruines mystiques. <\/p>\n\n\n\n<p style=\"padding-right:var(--wp--preset--spacing--30);padding-left:var(--wp--preset--spacing--30)\"><strong>La Vall\u00e9e Sacr\u00e9e<\/strong> et <strong>le l\u00e9gendaire Machu Picchu<\/strong> plongent les visiteurs dans l\u2019histoire fascinante des Incas. <\/p>\n\n\n\n<p style=\"padding-right:var(--wp--preset--spacing--30);padding-left:var(--wp--preset--spacing--30)\">Plus au sud, <strong>Arequipa<\/strong> charme par son architecture en sillar et ses paysages volcaniques, tandis que <strong>le Canyon de Colca <\/strong>offre des panoramas vertigineux et l&rsquo;observation des majestueux condors.<\/p>\n<\/div>\n\n\n\n<div id=\"wp-block-themeisle-blocks-advanced-column-09fc5516\" class=\"wp-block-themeisle-blocks-advanced-column\">\n<h3 class=\"wp-block-heading has-neve-link-color-color has-text-color has-link-color wp-elements-5f375f3ebe565d128a3ebc16a7b5755a\">Altiplano et Lac Titicaca<\/h3>\n\n\n\n<p style=\"padding-right:var(--wp--preset--spacing--30);padding-left:var(--wp--preset--spacing--30)\"><strong>L&rsquo;Altiplano et le Lac Titicaca<\/strong> d\u00e9voilent des paysages enchanteurs et une richesse culturelle unique. <\/p>\n\n\n\n<p style=\"padding-right:var(--wp--preset--spacing--30);padding-left:var(--wp--preset--spacing--30)\">\u00c0 <strong>Puno<\/strong>, au c\u0153ur des traditions andines, assistez \u00e0 des festivals color\u00e9s et d\u00e9couvrez l&rsquo;artisanat local. <\/p>\n\n\n\n<p style=\"padding-right:var(--wp--preset--spacing--30);padding-left:var(--wp--preset--spacing--30)\">Sur le majestueux <strong>Lac Titicaca<\/strong>, les \u00eeles flottantes des <strong>Uros<\/strong>, construites en roseaux, \u00e9tonnent par leur ing\u00e9niosit\u00e9. Plus loin, <strong>Taquile<\/strong> et <strong>Amantani<\/strong> offrent un accueil chaleureux et une immersion authentique dans les modes de vie ancestraux des communaut\u00e9s quechuas et aymaras.<\/p>\n<\/div>\n<\/div><\/div>\n\n\n\n<div id=\"wp-block-themeisle-blocks-advanced-columns-27429f28\" class=\"wp-block-themeisle-blocks-advanced-columns has-3-columns has-desktop-equal-layout has-tablet-equal-layout has-mobile-collapsedRows-layout has-vertical-unset\"><div class=\"wp-block-themeisle-blocks-advanced-columns-overlay\"><\/div><div class=\"innerblocks-wrap\">\n<div id=\"wp-block-themeisle-blocks-advanced-column-865cad4c\" class=\"wp-block-themeisle-blocks-advanced-column\">\n<h3 class=\"wp-block-heading\">Nord P\u00e9ruvien<\/h3>\n\n\n\n<p><strong>Le Nord P\u00e9ruvien<\/strong> offre un voyage fascinant entre histoire antique et plages paradisiaques. <\/p>\n\n\n\n<p><strong>Trujillo<\/strong> d\u00e9voile les vestiges des civilisations <strong>Mochica<\/strong> et <strong>Chim\u00fa<\/strong>, avec l\u2019impressionnante cit\u00e9 de <strong>Chan Chan<\/strong>. <\/p>\n\n\n\n<p>\u00c0 <strong>Chiclayo<\/strong>, explorez les myst\u00e9rieuses tombes royales de <strong>Sip\u00e1n<\/strong>. <\/p>\n\n\n\n<p>C\u00f4t\u00e9 c\u00f4te, <strong>Huanchaco<\/strong> s\u00e9duit par ses vagues et ses p\u00eacheurs en <strong>caballitos de totora<\/strong>. <\/p>\n\n\n\n<p>Plus au nord, <strong>Piura<\/strong> et <strong>M\u00e1ncora<\/strong> invitent \u00e0 la d\u00e9tente sur leurs plages ensoleill\u00e9es et sauvages.<\/p>\n<\/div>\n\n\n\n<div id=\"wp-block-themeisle-blocks-advanced-column-123dd03b\" class=\"wp-block-themeisle-blocks-advanced-column\"><div class=\"wp-block-image\">\n<figure class=\"aligncenter size-full is-resized has-custom-border\"><img alt=\"\" loading=\"lazy\" decoding=\"async\" width=\"576\" height=\"1024\" src=\"https:\/\/horizonaventures.net\/wp-content\/uploads\/2025\/02\/c522e9c4-a239-4a1b-9739-458225721b03-edited.png\" alt=\"\" class=\"wp-image-2296\" style=\"border-width:1px;border-radius:10px;width:293px;height:auto\" srcset=\"https:\/\/horizonaventures.net\/wp-content\/uploads\/2025\/02\/c522e9c4-a239-4a1b-9739-458225721b03-edited.png 576w, https:\/\/horizonaventures.net\/wp-content\/uploads\/2025\/02\/c522e9c4-a239-4a1b-9739-458225721b03-edited-169x300.png 169w\" sizes=\"auto, (max-width: 576px) 100vw, 576px\" \/><\/figure>\n<\/div><\/div>\n\n\n\n<div id=\"wp-block-themeisle-blocks-advanced-column-470bc5c4\" class=\"wp-block-themeisle-blocks-advanced-column\">\n<h3 class=\"wp-block-heading\">Amazonie P\u00e9ruvienne<\/h3>\n\n\n\n<p><strong>L&rsquo;Amazonie P\u00e9ruvienne<\/strong> est un paradis de biodiversit\u00e9 et d&rsquo;aventure. <\/p>\n\n\n\n<p>Depuis <strong>Iquitos<\/strong>, la plus grande ville accessible uniquement par avion ou bateau, partez explorer l\u2019immense <strong>r\u00e9serve de Pacaya-Samiria<\/strong>, peupl\u00e9e de dauphins roses et de faune exotique. <\/p>\n\n\n\n<p>Plus au sud, <strong>Puerto Maldonado<\/strong> est la porte d&rsquo;entr\u00e9e de la <strong>r\u00e9serve de Tambopata<\/strong>, r\u00e9put\u00e9e pour ses perroquets color\u00e9s et sa jungle luxuriante. <\/p>\n\n\n\n<p>Une immersion inoubliable au c\u0153ur de la for\u00eat amazonienne vous attend.<\/p>\n<\/div>\n<\/div><\/div>\n\n\n\n<div id=\"wp-block-themeisle-blocks-advanced-columns-e4629709\" class=\"wp-block-themeisle-blocks-advanced-columns has-2-columns has-desktop-equal-layout has-tablet-equal-layout has-mobile-collapsedRows-layout has-vertical-unset\"><div class=\"wp-block-themeisle-blocks-advanced-columns-overlay\"><\/div><div class=\"innerblocks-wrap\">\n<div id=\"wp-block-themeisle-blocks-advanced-column-da730d35\" class=\"wp-block-themeisle-blocks-advanced-column\">\n<h3 class=\"wp-block-heading\">Cordill\u00e8re Blanche et Centre Andin<\/h3>\n\n\n\n<p><strong>La Cordill\u00e8re Blanche et le Centre Andin<\/strong> offrent des panoramas \u00e0 couper le souffle et des aventures inoubliables. <\/p>\n\n\n\n<p>Depuis <strong>Huaraz<\/strong>, capitale du trekking au P\u00e9rou, explorez le <strong>parc national de Huascar\u00e1n<\/strong>, abritant les plus hauts sommets tropicaux du monde et des lagunes turquoise. <\/p>\n\n\n\n<p>Les randonneurs aguerris trouveront un d\u00e9fi \u00e9pique dans la <strong>Cordill\u00e8re Huayhuash<\/strong>, r\u00e9put\u00e9e pour ses paysages spectaculaires. <\/p>\n\n\n\n<p>Un paradis pour les amoureux de la montagne et de la nature sauvage.<\/p>\n<\/div>\n\n\n\n<div id=\"wp-block-themeisle-blocks-advanced-column-c41b3b16\" class=\"wp-block-themeisle-blocks-advanced-column\">\n<h3 class=\"wp-block-heading\">Les Populations Am\u00e9rindiennes du P\u00e9rou : H\u00e9riti\u00e8res d&rsquo;un Patrimoine Mill\u00e9naire<\/h3>\n\n\n\n<p>Le P\u00e9rou abrite une riche diversit\u00e9 de populations am\u00e9rindiennes, repr\u00e9sentant environ 25 % de la population. <\/p>\n\n\n\n<p>Les <strong>Quechuas<\/strong> et <strong>Aymaras<\/strong> des Andes perp\u00e9tuent leurs langues et traditions ancestrales. <\/p>\n\n\n\n<p>En Amazonie, plus de 40 groupes ethniques, comme les <strong>Ash\u00e1ninkas<\/strong> et <strong>Shipibos<\/strong>, vivent en harmonie avec la nature. <\/p>\n\n\n\n<p>Leurs cultures vibrantes, impr\u00e9gn\u00e9es de spiritualit\u00e9 et de savoirs ancestraux, fa\u00e7onnent l&rsquo;identit\u00e9 culturelle unique du P\u00e9rou.<\/p>\n<\/div>\n<\/div><\/div>\n\n\n\n<div id=\"wp-block-themeisle-blocks-advanced-columns-93924741\" class=\"wp-block-themeisle-blocks-advanced-columns has-3-columns has-desktop-equal-layout has-tablet-equal-layout has-mobile-collapsedRows-layout has-vertical-unset\"><div class=\"wp-block-themeisle-blocks-advanced-columns-overlay\"><\/div><div class=\"innerblocks-wrap\">\n<div id=\"wp-block-themeisle-blocks-advanced-column-4b7b6fb9\" class=\"wp-block-themeisle-blocks-advanced-column\">\n<h3 class=\"wp-block-heading\">&nbsp;Quelques Chiffres<\/h3>\n\n\n\n<p>En 2023, le P\u00e9rou a accueilli environ 2,5 millions de touristes internationaux, enregistrant <strong>une augmentation de 20 %<\/strong> par rapport \u00e0 2022. <\/p>\n\n\n\n<p>Bien que ces chiffres soient encourageants, ils repr\u00e9sentent encore une baisse de 44 % par rapport aux niveaux pr\u00e9-pand\u00e9miques de 2019. <\/p>\n\n\n\n<p>N\u00e9anmoins, <strong>le pays reste une destination phare pour les touristes fran\u00e7ais en Am\u00e9rique du Sud<\/strong>, attirant de nombreux visiteurs par ses richesses culturelles et naturelles.<\/p>\n\n\n<div class=\"wp-block-image\">\n<figure class=\"aligncenter size-full has-custom-border\"><img alt=\"\" loading=\"lazy\" decoding=\"async\" width=\"332\" height=\"480\" src=\"https:\/\/horizonaventures.net\/wp-content\/uploads\/2025\/02\/Le-Perou-du-Nord-au-Sud-.gif\" alt=\"\" class=\"wp-image-2299\" style=\"border-width:2px;border-radius:0px\"\/><\/figure>\n<\/div>\n\n\n<h4 class=\"wp-block-heading has-text-align-center\"><strong>\u00ab Ce n\u2019est pas le P\u00e9rou \u00bb :<\/strong><\/h4>\n\n\n\n<p>L\u2019expression fran\u00e7aise <strong>\u00ab ce n\u2019est pas le P\u00e9rou \u00bb <\/strong>signifie que quelque chose n\u2019est pas tr\u00e8s lucratif. <\/p>\n\n\n\n<p>Son origine remonte au <strong>XVI\u1d49 si\u00e8cle<\/strong>, lorsque les conquistadors espagnols d\u00e9couvrirent les immenses richesses de l&#8217;empire inca au P\u00e9rou. <\/p>\n\n\n\n<p>L\u2019or et l\u2019argent affluant en Europe symbolisaient une fortune colossale. <\/p>\n\n\n\n<p>Par contraste, l\u2019expression est devenue synonyme de modestie financi\u00e8re, <strong>rappelant l\u2019opulence l\u00e9gendaire du P\u00e9rou d&rsquo;autrefois<\/strong>.<\/p>\n<\/div>\n\n\n\n<div id=\"wp-block-themeisle-blocks-advanced-column-1e7ee8ea\" class=\"wp-block-themeisle-blocks-advanced-column\">\n<h3 class=\"wp-block-heading has-neve-link-color-color has-text-color has-link-color wp-elements-cf854238d2be1a3164fbb7f064e37437\"><a href=\"https:\/\/horizonaventures.net\/index.php\/582c1-blogger-gb-news\/explorez-et-reservez\/#CarnetVoyage\" data-type=\"link\" data-id=\"https:\/\/horizonaventures.net\/index.php\/582c1-blogger-gb-news\/explorez-et-reservez\/#CarnetVoyage\" target=\"_blank\" rel=\"noreferrer noopener\">Carnet de voyage<\/a><\/h3>\n\n\n\n<p class=\"has-text-align-center\" style=\"padding-right:var(--wp--preset--spacing--30);padding-left:var(--wp--preset--spacing--30)\"><strong>Le P\u00e9rou du Nord au Sud<\/strong><br>Un road trip sur les sites plus embl\u00e9matiques du P\u00e9rou<\/p>\n\n\n\n<p>Le P\u00e9rou offre <strong>une richesse incroyable<\/strong>, alliant paysages \u00e9poustouflants de la for\u00eat tropicale luxuriante aux sommets enneig\u00e9s des Andes et un h\u00e9ritage culturel vibrant.<\/p>\n\n\n\n<p>L\u2019aventure commence dans la <strong>r\u00e9gion de Cajamarca<\/strong>, surnomm\u00e9e la <strong>\u201cCusco du Nord\u201d<\/strong> pour son authenticit\u00e9 et son charme.<\/p>\n\n\n\n<p> <strong>\u00c0 Trujillo<\/strong>, explorez <strong>la culture Chimu<\/strong> en visitant <strong>l\u2019impressionnante cit\u00e9 de Chan-Chan<\/strong>. <\/p>\n\n\n\n<p>Poursuivez votre p\u00e9riple \u00e0 <strong>Chachapoyas<\/strong>, o\u00f9 vous d\u00e9couvrirez la <strong>forteresse pr\u00e9-inca de Kuelap<\/strong>, perch\u00e9e majestueusement sur une montagne, rappelant la grandeur du Machu Picchu. <\/p>\n\n\n\n<p>Vous serez \u00e9galement \u00e9merveill\u00e9 par les cascades spectaculaires de cette r\u00e9gion, dont la plus haute du pays, plongeant de plus de 770 m\u00e8tres.<\/p>\n\n\n\n<p>Apr\u00e8s la d\u00e9couverte du nord, cap sur le sud du P\u00e9rou. Depuis<strong> Lima<\/strong>, vous rejoindrez <strong>Paracas<\/strong>, <strong>les \u00eeles Ballestas,<\/strong> puis <strong>Nasca <\/strong>et <strong>Arequipa<\/strong>, la \u201c<strong>ville blanche<\/strong>\u201d au charme colonial unique. <\/p>\n\n\n\n<p>Le p\u00e9riple se poursuit jusqu\u2019au <strong>Lac Titicaca<\/strong>, o\u00f9 traditions ancestrales et paysages uniques se rencontrent.<\/p>\n\n\n\n<p>Enfin, direction <strong>Cusco <\/strong>et <strong>la Vall\u00e9e Sacr\u00e9e<\/strong>, o\u00f9 vous traverserez villages typiques et sites historiques avant de vivre le point culminant du voyage :<strong> la d\u00e9couverte du Machu Picchu<\/strong>, merveille inca nich\u00e9e au sommet des Andes.<\/p>\n\n\n\n<p>Un itin\u00e9raire inoubliable \u00e0 travers les sites embl\u00e9matiques et les tr\u00e9sors cach\u00e9s du P\u00e9rou, pour une immersion compl\u00e8te au c\u0153ur de la culture andine.<\/p>\n<\/div>\n\n\n\n<div id=\"wp-block-themeisle-blocks-advanced-column-88778da4\" class=\"wp-block-themeisle-blocks-advanced-column\">\n<h4 class=\"wp-block-heading has-text-align-center\">Envisagez-vous de voyager au P\u00e9rou ?<\/h4>\n\n\n\n<p style=\"padding-right:var(--wp--preset--spacing--30);padding-left:var(--wp--preset--spacing--30)\">Rejoignez la Communaut\u00e9 Envie d&rsquo;Horizon ! Abonnez-vous \u00e0 <a href=\"https:\/\/www.youtube.com\/@EnviedHorizon\" data-type=\"link\" data-id=\"https:\/\/www.youtube.com\/@EnviedHorizon\" target=\"_blank\" rel=\"noreferrer noopener\"><strong>notre cha\u00eene YouTube <\/strong><\/a>pour d\u00e9couvrir des vid\u00e9os captivantes sur des destinations du monde entier. Ne manquez aucune des derni\u00e8res actualit\u00e9s en nous suivant sur <a href=\"https:\/\/horizonaventures.net\/index.php\/582c1-blogger-gb-contact\/\" data-type=\"link\" data-id=\"https:\/\/horizonaventures.net\/index.php\/582c1-blogger-gb-contact\/\" target=\"_blank\" rel=\"noreferrer noopener\"><strong>nos r\u00e9seaux sociaux<\/strong><\/a>. Votre avis est important pour nous ! N&rsquo;h\u00e9sitez pas \u00e0 laisser un commentaire ou \u00e0 nous contacter directement via notre<strong> <a href=\"https:\/\/horizonaventures.net\/index.php\/582c1-blogger-gb-contact\/\" data-type=\"link\" data-id=\"https:\/\/horizonaventures.net\/index.php\/582c1-blogger-gb-contact\/\" target=\"_blank\" rel=\"noreferrer noopener\">page de contact.<\/a><\/strong><\/p>\n\n\n<div class=\"wp-block-image\">\n<figure class=\"aligncenter size-full is-resized has-custom-border\"><img alt=\"\" loading=\"lazy\" decoding=\"async\" width=\"1024\" height=\"1024\" src=\"https:\/\/horizonaventures.net\/wp-content\/uploads\/2025\/02\/f4e11347-146f-4d35-801b-95a206ff3d48.png\" alt=\"\" class=\"wp-image-2300\" style=\"border-width:1px;border-radius:10px;width:319px;height:auto\" srcset=\"https:\/\/horizonaventures.net\/wp-content\/uploads\/2025\/02\/f4e11347-146f-4d35-801b-95a206ff3d48.png 1024w, https:\/\/horizonaventures.net\/wp-content\/uploads\/2025\/02\/f4e11347-146f-4d35-801b-95a206ff3d48-300x300.png 300w, https:\/\/horizonaventures.net\/wp-content\/uploads\/2025\/02\/f4e11347-146f-4d35-801b-95a206ff3d48-150x150.png 150w, https:\/\/horizonaventures.net\/wp-content\/uploads\/2025\/02\/f4e11347-146f-4d35-801b-95a206ff3d48-768x768.png 768w\" sizes=\"auto, (max-width: 1024px) 100vw, 1024px\" \/><\/figure>\n<\/div>\n\n\n<p style=\"padding-right:var(--wp--preset--spacing--30);padding-left:var(--wp--preset--spacing--30)\">Le carnet de voyage, intitul\u00e9 <strong><strong>Le P\u00e9rou du Nord au Sud<\/strong><\/strong>, est actuellement en cours de \u00e9criture et n\u2019est donc pas disponible pour le moment.<\/p>\n\n\n\n<p style=\"padding-right:var(--wp--preset--spacing--30);padding-left:var(--wp--preset--spacing--30)\">Toutefois, si vous \u00eates int\u00e9ress\u00e9 par sa publication ult\u00e9rieure, n\u2019h\u00e9sitez pas \u00e0 nous le faire savoir.<\/p>\n\n\n<div class=\"wp-block-image\">\n<figure class=\"aligncenter size-full is-resized has-custom-border\"><img alt=\"\" loading=\"lazy\" decoding=\"async\" width=\"1024\" height=\"1024\" src=\"https:\/\/horizonaventures.net\/wp-content\/uploads\/2025\/02\/ca67ed0f-3b62-4be4-83e2-bea43c6571db.png\" alt=\"\" class=\"wp-image-2301\" style=\"border-width:1px;border-radius:10px;width:275px;height:auto\" srcset=\"https:\/\/horizonaventures.net\/wp-content\/uploads\/2025\/02\/ca67ed0f-3b62-4be4-83e2-bea43c6571db.png 1024w, https:\/\/horizonaventures.net\/wp-content\/uploads\/2025\/02\/ca67ed0f-3b62-4be4-83e2-bea43c6571db-300x300.png 300w, https:\/\/horizonaventures.net\/wp-content\/uploads\/2025\/02\/ca67ed0f-3b62-4be4-83e2-bea43c6571db-150x150.png 150w, https:\/\/horizonaventures.net\/wp-content\/uploads\/2025\/02\/ca67ed0f-3b62-4be4-83e2-bea43c6571db-768x768.png 768w\" sizes=\"auto, (max-width: 1024px) 100vw, 1024px\" \/><\/figure>\n<\/div>\n\n\n<p class=\"has-text-align-center has-small-font-size\"><a href=\"https:\/\/horizonaventures.net\/index.php\/582c1-blogger-gb-news\/explorez-et-reservez\/#CarnetVoyage\" data-type=\"link\" data-id=\"https:\/\/horizonaventures.net\/index.php\/582c1-blogger-gb-news\/explorez-et-reservez\/#CarnetVoyage\">Page d\u00e9di\u00e9e au carnet de voyage sur Le P\u00e9rou<\/a><\/p>\n\n\n<div class=\"aligncenter wp-block-site-logo\"><a href=\"https:\/\/horizonaventures.net\/\" class=\"custom-logo-link\" rel=\"home\"><img loading=\"lazy\" decoding=\"async\" width=\"162\" height=\"114\" src=\"https:\/\/horizonaventures.net\/wp-content\/uploads\/2024\/02\/cropped-Envie_d_horizonLogo.png\" class=\"custom-logo\" alt=\"Logo Envie d&#039;horizon\" srcset=\"https:\/\/horizonaventures.net\/wp-content\/uploads\/2024\/02\/cropped-Envie_d_horizonLogo.png 500w, https:\/\/horizonaventures.net\/wp-content\/uploads\/2024\/02\/cropped-Envie_d_horizonLogo-300x212.png 300w\" sizes=\"auto, (max-width: 162px) 100vw, 162px\" \/><\/a><\/div><\/div>\n<\/div><\/div>\n\n\n\n<h4 class=\"wp-block-heading has-text-align-center\" style=\"padding-top:var(--wp--preset--spacing--40);padding-bottom:var(--wp--preset--spacing--40)\">Partons ensemble \u00e0 la d\u00e9couverte du Pays des Incas et cr\u00e9ons des souvenirs inoubliables !<\/h4>\n","protected":false},"excerpt":{"rendered":"<p>Le P\u00e9rou, terre de myst\u00e8res et de contrastes, vous invite \u00e0 explorer ses paysages \u00e9poustouflants : des sommets des Andes au c\u0153ur de l&rsquo;Amazonie, en passant par le d\u00e9sert c\u00f4tier. D\u00e9couvrez le l\u00e9gendaire Machu Picchu, les \u00e9nigmes des lignes de Nazca, et l&rsquo;effervescence de Lima. Plongez dans une culture mill\u00e9naire, go\u00fbtez \u00e0 une gastronomie renomm\u00e9e et vivez une aventure inoubliable au c\u0153ur d&rsquo;un patrimoine unique.<\/p>\n","protected":false},"author":1,"featured_media":2276,"comment_status":"closed","ping_status":"open","sticky":false,"template":"","format":"standard","meta":{"_seopress_robots_primary_cat":"none","_seopress_titles_title":"","_seopress_titles_desc":"","_seopress_robots_index":"","neve_meta_sidebar":"","neve_meta_container":"","neve_meta_enable_content_width":"","neve_meta_content_width":0,"neve_meta_title_alignment":"","neve_meta_author_avatar":"","neve_post_elements_order":"","neve_meta_disable_header":"","neve_meta_disable_footer":"","neve_meta_disable_title":"","_themeisle_gutenberg_block_has_review":false,"footnotes":""},"categories":[31,3,2],"tags":[32,54,33,11],"class_list":["post-2275","post","type-post","status-publish","format-standard","has-post-thumbnail","hentry","category-amerique-le-monde","category-geographie","category-le-monde","tag-amerique","tag-amerique-du-sud","tag-tourisme","tag-voyage"],"_links":{"self":[{"href":"https:\/\/horizonaventures.net\/index.php\/wp-json\/wp\/v2\/posts\/2275","targetHints":{"allow":["GET"]}}],"collection":[{"href":"https:\/\/horizonaventures.net\/index.php\/wp-json\/wp\/v2\/posts"}],"about":[{"href":"https:\/\/horizonaventures.net\/index.php\/wp-json\/wp\/v2\/types\/post"}],"author":[{"embeddable":true,"href":"https:\/\/horizonaventures.net\/index.php\/wp-json\/wp\/v2\/users\/1"}],"replies":[{"embeddable":true,"href":"https:\/\/horizonaventures.net\/index.php\/wp-json\/wp\/v2\/comments?post=2275"}],"version-history":[{"count":12,"href":"https:\/\/horizonaventures.net\/index.php\/wp-json\/wp\/v2\/posts\/2275\/revisions"}],"predecessor-version":[{"id":2303,"href":"https:\/\/horizonaventures.net\/index.php\/wp-json\/wp\/v2\/posts\/2275\/revisions\/2303"}],"wp:featuredmedia":[{"embeddable":true,"href":"https:\/\/horizonaventures.net\/index.php\/wp-json\/wp\/v2\/media\/2276"}],"wp:attachment":[{"href":"https:\/\/horizonaventures.net\/index.php\/wp-json\/wp\/v2\/media?parent=2275"}],"wp:term":[{"taxonomy":"category","embeddable":true,"href":"https:\/\/horizonaventures.net\/index.php\/wp-json\/wp\/v2\/categories?post=2275"},{"taxonomy":"post_tag","embeddable":true,"href":"https:\/\/horizonaventures.net\/index.php\/wp-json\/wp\/v2\/tags?post=2275"}],"curies":[{"name":"wp","href":"https:\/\/api.w.org\/{rel}","templated":true}]}}