{"id":2352,"date":"2025-03-09T19:22:22","date_gmt":"2025-03-09T18:22:22","guid":{"rendered":"https:\/\/horizonaventures.net\/?p=2352"},"modified":"2025-03-09T19:22:22","modified_gmt":"2025-03-09T18:22:22","slug":"la-colombie","status":"publish","type":"post","link":"https:\/\/horizonaventures.net\/index.php\/2025\/03\/09\/la-colombie\/","title":{"rendered":"La Colombie"},"content":{"rendered":"\n<div id=\"wp-block-themeisle-blocks-advanced-columns-3d41d521\" class=\"wp-block-themeisle-blocks-advanced-columns has-3-columns has-desktop-equal-layout has-tablet-equal-layout has-mobile-collapsedRows-layout has-vertical-unset\"><div class=\"wp-block-themeisle-blocks-advanced-columns-overlay\"><\/div><div class=\"innerblocks-wrap\">\n<div id=\"wp-block-themeisle-blocks-advanced-column-0484565e\" class=\"wp-block-themeisle-blocks-advanced-column\">\n<h2 class=\"wp-block-heading has-text-align-center\">La r\u00e9publique de Colombie<\/h2>\n\n\n\n<p style=\"padding-right:var(--wp--preset--spacing--30);padding-left:var(--wp--preset--spacing--30)\"><strong>Entre montagnes andines, plages carib\u00e9ennes, for\u00eats amazoniennes et villes coloniales, la Colombie \u00e9merveille par sa diversit\u00e9. <\/strong><\/p>\n\n\n\n<p style=\"padding-right:var(--wp--preset--spacing--30);padding-left:var(--wp--preset--spacing--30)\"><strong>D\u00e9couvrez Bogot\u00e1, vibrante et culturelle, Carthag\u00e8ne, perle coloniale, et le Quind\u00edo, c\u0153ur du caf\u00e9. Randonnez dans la vall\u00e9e du Cocora, d\u00e9tendez-vous sur les plages du Tayrona et explorez l\u2019Amazonie sauvage. <\/strong><\/p>\n\n\n\n<p style=\"padding-right:var(--wp--preset--spacing--30);padding-left:var(--wp--preset--spacing--30)\"><strong>Pays chaleureux et festif, la Colombie s\u00e9duit par sa gastronomie, sa musique et son incroyable biodiversit\u00e9. Une aventure inoubliable !<\/strong><\/p>\n\n\n\n<p class=\"has-text-align-center\"><sup><sub>Derni\u00e8re mise \u00e0 jour : 07\/03\/2025<\/sub><\/sup><\/p>\n<\/div>\n\n\n\n<div id=\"wp-block-themeisle-blocks-advanced-column-e304bd52\" class=\"wp-block-themeisle-blocks-advanced-column\"><div class=\"wp-block-image\">\n<figure class=\"aligncenter size-full is-resized\"><img alt=\"\" loading=\"lazy\" decoding=\"async\" width=\"250\" height=\"200\" src=\"https:\/\/horizonaventures.net\/wp-content\/uploads\/2025\/03\/v_597.jpg\" alt=\"\" class=\"wp-image-2354\" style=\"width:130px;height:auto\"\/><\/figure>\n<\/div>\n\n<div class=\"wp-block-image\">\n<figure class=\"aligncenter size-full is-resized has-custom-border\"><img alt=\"\" loading=\"lazy\" decoding=\"async\" width=\"576\" height=\"1024\" src=\"https:\/\/horizonaventures.net\/wp-content\/uploads\/2025\/03\/6acf184d-f319-4562-aeca-07060f8e3539-edited.png\" alt=\"\" class=\"wp-image-2357\" style=\"border-width:1px;border-radius:10px;width:333px;height:auto\" srcset=\"https:\/\/horizonaventures.net\/wp-content\/uploads\/2025\/03\/6acf184d-f319-4562-aeca-07060f8e3539-edited.png 576w, https:\/\/horizonaventures.net\/wp-content\/uploads\/2025\/03\/6acf184d-f319-4562-aeca-07060f8e3539-edited-169x300.png 169w\" sizes=\"auto, (max-width: 576px) 100vw, 576px\" \/><\/figure>\n<\/div><\/div>\n\n\n\n<div id=\"wp-block-themeisle-blocks-advanced-column-c35dfe14\" class=\"wp-block-themeisle-blocks-advanced-column\">\n<hr class=\"wp-block-separator has-alpha-channel-opacity\"\/>\n\n\n\n<p class=\"has-text-align-center\"><strong>Pays :<\/strong> La r\u00e9publique de Colombie<br><strong>Region :<\/strong> <a href=\"https:\/\/horizonaventures.net\/index.php\/2024\/07\/09\/amerique-du-sud-2\/\" data-type=\"link\" data-id=\"https:\/\/horizonaventures.net\/index.php\/2024\/07\/09\/amerique-du-sud-2\/\" target=\"_blank\" rel=\"noreferrer noopener\">Am\u00e9rique du Sud &#8211; Pays de la c\u00f4te pacifique et l\u2019int\u00e9rieur<\/a><\/p>\n\n\n<div class=\"wp-block-image\">\n<figure class=\"aligncenter size-large is-resized has-custom-border\"><img decoding=\"async\" src=\"https:\/\/www.welt-flaggen.de\/data\/flags\/w580\/co.webp\" alt=\"\" style=\"border-width:1px;border-radius:10px;width:122px;height:auto\"\/><\/figure>\n<\/div>\n\n\n<p class=\"has-text-align-center\">Office du tourisme : <br><a href=\"https:\/\/colombia.travel\/fr\" target=\"_blank\" rel=\"noreferrer noopener\">https:\/\/colombia.travel\/fr<\/a><\/p>\n\n\n\n<hr class=\"wp-block-separator has-alpha-channel-opacity\"\/>\n\n\n\n<figure class=\"wp-block-embed aligncenter is-type-video is-provider-youtube wp-block-embed-youtube wp-embed-aspect-16-9 wp-has-aspect-ratio\"><div class=\"wp-block-embed__wrapper\">\n<div class=\"nv-iframe-embed\"><iframe loading=\"lazy\" title=\"L\u2019Am\u00e9rique\" width=\"1200\" height=\"675\" src=\"https:\/\/www.youtube.com\/embed\/NFiCo3gpBDs?feature=oembed\" frameborder=\"0\" allow=\"accelerometer; autoplay; clipboard-write; encrypted-media; gyroscope; picture-in-picture; web-share\" referrerpolicy=\"strict-origin-when-cross-origin\" allowfullscreen><\/iframe><\/div>\n<\/div><figcaption class=\"wp-element-caption\">L\u2019article n&rsquo;est pas disponible en video<\/figcaption><\/figure>\n\n\n\n<hr class=\"wp-block-separator has-alpha-channel-opacity\"\/>\n<\/div>\n<\/div><\/div>\n\n\n\n<div id=\"wp-block-themeisle-blocks-advanced-columns-36922587\" class=\"wp-block-themeisle-blocks-advanced-columns has-3-columns has-desktop-equal-layout has-tablet-equal-layout has-mobile-collapsedRows-layout has-vertical-unset\"><div class=\"wp-block-themeisle-blocks-advanced-columns-overlay\"><\/div><div class=\"innerblocks-wrap\">\n<div id=\"wp-block-themeisle-blocks-advanced-column-316d9744\" class=\"wp-block-themeisle-blocks-advanced-column\">\n<h3 class=\"wp-block-heading\">G\u00e9ographie <\/h3>\n\n\n\n<p style=\"padding-right:var(--wp--preset--spacing--30);padding-left:var(--wp--preset--spacing--30)\">La Colombie, situ\u00e9e au nord-ouest de l&rsquo;Am\u00e9rique du Sud, est <strong>bord\u00e9e par deux oc\u00e9ans<\/strong> : l&rsquo;Atlantique et le Pacifique. <\/p>\n\n\n\n<p style=\"padding-right:var(--wp--preset--spacing--30);padding-left:var(--wp--preset--spacing--30)\">Ce pays, <strong>quatri\u00e8me plus grand d&rsquo;Am\u00e9rique du Sud<\/strong>, se divise en cinq r\u00e9gions distinctes : la Cara\u00efbe, le Pacifique, les Andes, l&rsquo;Or\u00e9noquie et l&rsquo;Amazonie. <\/p>\n\n\n\n<p style=\"padding-right:var(--wp--preset--spacing--30);padding-left:var(--wp--preset--spacing--30)\">Sa g\u00e9ographie vari\u00e9e comprend des d\u00e9serts, des plaines, des for\u00eats tropicales et des sommets enneig\u00e9s, dont <strong>le Pico San Cristobal Colon <\/strong>culminant \u00e0 5 776 m\u00e8tres. <\/p>\n\n\n\n<p style=\"padding-right:var(--wp--preset--spacing--30);padding-left:var(--wp--preset--spacing--30)\">Cette diversit\u00e9 offre un climat agr\u00e9able avec une temp\u00e9rature moyenne de 25\u00b0C <\/p>\n\n\n\n<p class=\"has-text-align-center\"><a href=\"https:\/\/maps.app.goo.gl\/Ey4StqMHoyrE41777\" data-type=\"link\" data-id=\"https:\/\/maps.app.goo.gl\/Ey4StqMHoyrE41777\" target=\"_blank\" rel=\"noreferrer noopener\">Google Map \/ Colombie<\/a><\/p>\n<\/div>\n\n\n\n<div id=\"wp-block-themeisle-blocks-advanced-column-6f1a5b3b\" class=\"wp-block-themeisle-blocks-advanced-column\">\n<h3 class=\"wp-block-heading\">Religions<\/h3>\n\n\n\n<p style=\"padding-right:var(--wp--preset--spacing--30);padding-left:var(--wp--preset--spacing--30)\">La Colombie est un pays <strong>majoritairement chr\u00e9tien<\/strong>, avec une forte pr\u00e9dominance du catholicisme. <\/p>\n\n\n\n<p style=\"padding-right:var(--wp--preset--spacing--30);padding-left:var(--wp--preset--spacing--30)\">Environ 64% des Colombiens se d\u00e9clarent catholiques, tandis que 15,7% sont \u00e9vang\u00e9liques. <\/p>\n\n\n\n<p style=\"padding-right:var(--wp--preset--spacing--30);padding-left:var(--wp--preset--spacing--30)\">Bien que la Constitution de 1991 ait \u00e9tabli la libert\u00e9 de culte, <strong>le catholicisme reste profond\u00e9ment ancr\u00e9 dans la culture et la soci\u00e9t\u00e9 colombiennes<\/strong>. <\/p>\n\n\n\n<p style=\"padding-right:var(--wp--preset--spacing--30);padding-left:var(--wp--preset--spacing--30)\">La religion influence le langage quotidien, les traditions et m\u00eame la politique. <\/p>\n\n\n\n<p style=\"padding-right:var(--wp--preset--spacing--30);padding-left:var(--wp--preset--spacing--30)\">Cependant, on observe une diversification croissante des croyances.<\/p>\n<\/div>\n\n\n\n<div id=\"wp-block-themeisle-blocks-advanced-column-ddc62680\" class=\"wp-block-themeisle-blocks-advanced-column\">\n<h3 class=\"wp-block-heading\">Langues <\/h3>\n\n\n\n<p style=\"padding-right:var(--wp--preset--spacing--30);padding-left:var(--wp--preset--spacing--30)\">L&rsquo;espagnol, ou <strong>castillan, est la langue officielle de la Colombie<\/strong>, parl\u00e9e par plus de 99% de la population. <\/p>\n\n\n\n<p style=\"padding-right:var(--wp--preset--spacing--30);padding-left:var(--wp--preset--spacing--30)\">Cependant, le pays reconna\u00eet \u00e9galement pr\u00e8s de <strong>65 langues indig\u00e8nes comme co-officielles<\/strong> dans leurs territoires respectifs. <\/p>\n\n\n\n<p style=\"padding-right:var(--wp--preset--spacing--30);padding-left:var(--wp--preset--spacing--30)\">L&rsquo;espagnol colombien se caract\u00e9rise par sa diversit\u00e9 dialectale, influenc\u00e9e par les r\u00e9gions g\u00e9ographiques et l&rsquo;histoire du pays. <\/p>\n\n\n\n<p style=\"padding-right:var(--wp--preset--spacing--30);padding-left:var(--wp--preset--spacing--30)\">Dans les zones touristiques, l&rsquo;anglais est parfois parl\u00e9, mais le <strong>fran\u00e7ais reste rare<\/strong><\/p>\n\n\n<div class=\"is-default-size aligncenter wp-block-site-logo\"><a href=\"https:\/\/horizonaventures.net\/\" class=\"custom-logo-link\" rel=\"home\"><img loading=\"lazy\" decoding=\"async\" width=\"500\" height=\"353\" src=\"https:\/\/horizonaventures.net\/wp-content\/uploads\/2024\/02\/cropped-Envie_d_horizonLogo.png\" class=\"custom-logo\" alt=\"Logo Envie d&#039;horizon\" srcset=\"https:\/\/horizonaventures.net\/wp-content\/uploads\/2024\/02\/cropped-Envie_d_horizonLogo.png 500w, https:\/\/horizonaventures.net\/wp-content\/uploads\/2024\/02\/cropped-Envie_d_horizonLogo-300x212.png 300w\" sizes=\"auto, (max-width: 500px) 100vw, 500px\" \/><\/a><\/div><\/div>\n<\/div><\/div>\n\n\n\n<div id=\"wp-block-themeisle-blocks-advanced-columns-3e9cb56f\" class=\"wp-block-themeisle-blocks-advanced-columns has-3-columns has-desktop-equal-layout has-tablet-equal-layout has-mobile-collapsedRows-layout has-vertical-unset\"><div class=\"wp-block-themeisle-blocks-advanced-columns-overlay\"><\/div><div class=\"innerblocks-wrap\">\n<div id=\"wp-block-themeisle-blocks-advanced-column-0bc1b536\" class=\"wp-block-themeisle-blocks-advanced-column\">\n<h3 class=\"wp-block-heading\">Se rendre en Colombie<\/h3>\n\n\n\n<p style=\"padding-right:var(--wp--preset--spacing--30);padding-left:0\">Se rendre en Colombie depuis la France est d\u00e9sormais tr\u00e8s simple. <\/p>\n\n\n\n<p style=\"padding-right:var(--wp--preset--spacing--30);padding-left:0\">Les <strong>vols directs<\/strong> entre <strong>Paris<\/strong> et <strong>Bogot\u00e1<\/strong> durent environ <strong>12 heures<\/strong>, avec un <strong>prix moyen de 1 200 \u20ac aller-retour<\/strong>. <\/p>\n\n\n<div class=\"wp-block-image\">\n<figure class=\"aligncenter size-full is-resized has-custom-border\"><img alt=\"\" loading=\"lazy\" decoding=\"async\" width=\"1024\" height=\"576\" src=\"https:\/\/horizonaventures.net\/wp-content\/uploads\/2025\/03\/66e5513b-6c7a-4c57-836e-20f523791acc-edited.png\" alt=\"\" class=\"wp-image-2363\" style=\"border-width:1px;border-radius:10px;width:244px;height:auto\" srcset=\"https:\/\/horizonaventures.net\/wp-content\/uploads\/2025\/03\/66e5513b-6c7a-4c57-836e-20f523791acc-edited.png 1024w, https:\/\/horizonaventures.net\/wp-content\/uploads\/2025\/03\/66e5513b-6c7a-4c57-836e-20f523791acc-edited-300x169.png 300w, https:\/\/horizonaventures.net\/wp-content\/uploads\/2025\/03\/66e5513b-6c7a-4c57-836e-20f523791acc-edited-768x432.png 768w\" sizes=\"auto, (max-width: 1024px) 100vw, 1024px\" \/><\/figure>\n<\/div>\n\n\n<p style=\"padding-right:var(--wp--preset--spacing--30);padding-left:0\">Des compagnies comme <strong>Air France<\/strong> ou <strong>Avianca <\/strong>depuis l\u2019Espagne offrent des liaisons directes, rendant l&rsquo;acc\u00e8s \u00e0 la Colombie rapide et pratique. <\/p>\n\n\n\n<p style=\"padding-right:var(--wp--preset--spacing--30);padding-left:0\">Une fois sur place, un <strong>r\u00e9seau de bus<\/strong> et de <strong>vols int\u00e9rieurs<\/strong> permet d&rsquo;explorer facilement ce pays.<\/p>\n<\/div>\n\n\n\n<div id=\"wp-block-themeisle-blocks-advanced-column-66f4f1fd\" class=\"wp-block-themeisle-blocks-advanced-column\"><div class=\"wp-block-image\">\n<figure class=\"aligncenter size-full is-resized has-custom-border\"><img alt=\"\" loading=\"lazy\" decoding=\"async\" width=\"576\" height=\"1024\" src=\"https:\/\/horizonaventures.net\/wp-content\/uploads\/2025\/03\/49377a21-b221-4eb7-a7d5-1589e9a89c7f-edited.png\" alt=\"\" class=\"wp-image-2361\" style=\"border-width:1px;border-radius:10px;width:333px;height:auto\" srcset=\"https:\/\/horizonaventures.net\/wp-content\/uploads\/2025\/03\/49377a21-b221-4eb7-a7d5-1589e9a89c7f-edited.png 576w, https:\/\/horizonaventures.net\/wp-content\/uploads\/2025\/03\/49377a21-b221-4eb7-a7d5-1589e9a89c7f-edited-169x300.png 169w\" sizes=\"auto, (max-width: 576px) 100vw, 576px\" \/><\/figure>\n<\/div><\/div>\n\n\n\n<div id=\"wp-block-themeisle-blocks-advanced-column-edb278fa\" class=\"wp-block-themeisle-blocks-advanced-column\">\n<h3 class=\"wp-block-heading\" style=\"padding-right:var(--wp--preset--spacing--30);padding-left:var(--wp--preset--spacing--30)\">La Colombie : Un Paradis Tropical Toute l&rsquo;Ann\u00e9e<\/h3>\n\n\n\n<p style=\"padding-right:0;padding-left:var(--wp--preset--spacing--30)\">La meilleure p\u00e9riode pour visiter la Colombie s&rsquo;\u00e9tend de <strong>d\u00e9cembre \u00e0 mars<\/strong>, durant la saison s\u00e8che. <\/p>\n\n\n\n<p style=\"padding-right:0;padding-left:var(--wp--preset--spacing--30)\">Ces mois offrent un climat id\u00e9al pour explorer les plages carib\u00e9ennes, les Andes et la r\u00e9gion du caf\u00e9. <\/p>\n\n\n\n<p style=\"padding-right:0;padding-left:var(--wp--preset--spacing--30)\"><strong>Juillet et ao\u00fbt<\/strong> constituent \u00e9galement une excellente option. <\/p>\n\n\n\n<p style=\"padding-right:0;padding-left:var(--wp--preset--spacing--30)\">Cependant, gr\u00e2ce \u00e0 sa diversit\u00e9 g\u00e9ographique et sa proximit\u00e9 de l&rsquo;\u00e9quateur, la Colombie reste <strong>une destination attrayante toute l&rsquo;ann\u00e9e<\/strong>, chaque saison offrant des exp\u00e9riences uniques aux voyageurs.<\/p>\n<\/div>\n<\/div><\/div>\n\n\n\n<div id=\"wp-block-themeisle-blocks-advanced-columns-674d90e0\" class=\"wp-block-themeisle-blocks-advanced-columns has-2-columns has-desktop-equal-layout has-tablet-equal-layout has-mobile-collapsedRows-layout has-vertical-unset\"><div class=\"wp-block-themeisle-blocks-advanced-columns-overlay\"><\/div><div class=\"innerblocks-wrap\">\n<div id=\"wp-block-themeisle-blocks-advanced-column-07007b8c\" class=\"wp-block-themeisle-blocks-advanced-column\">\n<h3 class=\"wp-block-heading\">Formalit\u00e9s d&rsquo;entr\u00e9e et sanitaire<\/h3>\n\n\n\n<p style=\"padding-right:var(--wp--preset--spacing--30);padding-left:var(--wp--preset--spacing--30)\">Un <strong>touriste fran\u00e7ais<\/strong> doit avoir un <strong>passeport valide<\/strong>, remplir le formulaire <strong><a href=\"https:\/\/apps.migracioncolombia.gov.co\/pre-registro\/fr\" data-type=\"link\" data-id=\"https:\/\/apps.migracioncolombia.gov.co\/pre-registro\/fr\">Check-Mig<\/a><\/strong> en ligne avant l\u2019arriv\u00e9e et pr\u00e9senter un <strong>billet retour<\/strong>. <\/p>\n\n\n\n<p style=\"padding-right:var(--wp--preset--spacing--30);padding-left:var(--wp--preset--spacing--30)\">Aucun <strong>visa<\/strong> n\u2019est requis pour un s\u00e9jour de <strong>moins de 90 jours<\/strong>. <\/p>\n\n\n\n<p style=\"padding-right:var(--wp--preset--spacing--30);padding-left:var(--wp--preset--spacing--30)\">C\u00f4t\u00e9 sant\u00e9, aucun <strong>vaccin obligatoire<\/strong>, mais ceux contre l\u2019<strong>h\u00e9patite A\/B<\/strong>, la <strong>fi\u00e8vre jaune<\/strong> et la <strong>typho\u00efde<\/strong> sont recommand\u00e9s. <\/p>\n\n\n\n<p style=\"padding-right:var(--wp--preset--spacing--30);padding-left:var(--wp--preset--spacing--30)\">Un <strong>traitement antipalud\u00e9en<\/strong> peut \u00eatre conseill\u00e9 selon les r\u00e9gions visit\u00e9es.<\/p>\n\n\n\n<p class=\"has-text-align-center\"><a href=\"https:\/\/www.diplomatie.gouv.fr\/fr\/conseils-aux-voyageurs\/conseils-par-pays-destination\/colombie\/\" data-type=\"link\" data-id=\"https:\/\/www.diplomatie.gouv.fr\/fr\/conseils-aux-voyageurs\/conseils-par-pays-destination\/colombie\/\" target=\"_blank\" rel=\"noreferrer noopener\">Diplomatie.gov \/Conseils aux Voyageurs \/La Colombie<\/a><\/p>\n<\/div>\n\n\n\n<div id=\"wp-block-themeisle-blocks-advanced-column-f9b13965\" class=\"wp-block-themeisle-blocks-advanced-column\">\n<h3 class=\"wp-block-heading\">Bref aper\u00e7u de l&rsquo;histoire<\/h3>\n\n\n\n<p style=\"padding-right:var(--wp--preset--spacing--30);padding-left:var(--wp--preset--spacing--30)\">La Colombie, <strong>habit\u00e9e depuis au moins 12 000 ans<\/strong>, a connu une histoire tumultueuse. <\/p>\n\n\n\n<p style=\"padding-right:var(--wp--preset--spacing--30);padding-left:var(--wp--preset--spacing--30)\"><strong>Conquise par l&rsquo;Espagne en 1525<\/strong>, elle devient <strong>ind\u00e9pendante en 1819<\/strong> sous l&rsquo;impulsion de Sim\u00f3n Bol\u00edvar. <\/p>\n\n\n\n<p style=\"padding-right:var(--wp--preset--spacing--30);padding-left:var(--wp--preset--spacing--30)\">D&rsquo;abord partie de la Grande Colombie, elle se s\u00e9pare en 1830 pour former la Nouvelle-Grenade. <\/p>\n\n\n\n<p style=\"padding-right:var(--wp--preset--spacing--30);padding-left:var(--wp--preset--spacing--30)\">Le 19e si\u00e8cle est marqu\u00e9 par des conflits internes, notamment <strong>la Guerre des Mille Jours<\/strong> (1899-1902). <\/p>\n\n\n\n<p style=\"padding-right:var(--wp--preset--spacing--30);padding-left:var(--wp--preset--spacing--30)\">Malgr\u00e9 ces troubles, la Colombie s&rsquo;est progressivement d\u00e9velopp\u00e9e, devenant aujourd&rsquo;hui une nation diverse et dynamique<\/p>\n\n\n\n<p class=\"has-text-align-center\"><a href=\"https:\/\/ici.radio-canada.ca\/nouvelles\/dossiers\/colombie\/hist.html\" data-type=\"link\" data-id=\"https:\/\/ici.radio-canada.ca\/nouvelles\/dossiers\/colombie\/hist.html\" target=\"_blank\" rel=\"noreferrer noopener\">Radio Canada \/ Histoire De La Colombie<\/a><\/p>\n<\/div>\n<\/div><\/div>\n\n\n\n<div id=\"wp-block-themeisle-blocks-advanced-columns-882bac18\" class=\"wp-block-themeisle-blocks-advanced-columns has-2-columns has-desktop-equal-layout has-tablet-equal-layout has-mobile-collapsedRows-layout has-vertical-unset\"><div class=\"wp-block-themeisle-blocks-advanced-columns-overlay\"><\/div><div class=\"innerblocks-wrap\">\n<div id=\"wp-block-themeisle-blocks-advanced-column-1b0f933d\" class=\"wp-block-themeisle-blocks-advanced-column\"><div class=\"wp-block-image\">\n<figure class=\"aligncenter size-full is-resized has-custom-border\"><img alt=\"\" loading=\"lazy\" decoding=\"async\" width=\"1024\" height=\"1024\" src=\"https:\/\/horizonaventures.net\/wp-content\/uploads\/2025\/03\/c3a42f72-5e42-45b3-ae50-84d8e84ad045.png\" alt=\"\" class=\"wp-image-2367\" style=\"border-width:1px;border-radius:10px;width:464px;height:auto\" srcset=\"https:\/\/horizonaventures.net\/wp-content\/uploads\/2025\/03\/c3a42f72-5e42-45b3-ae50-84d8e84ad045.png 1024w, https:\/\/horizonaventures.net\/wp-content\/uploads\/2025\/03\/c3a42f72-5e42-45b3-ae50-84d8e84ad045-300x300.png 300w, https:\/\/horizonaventures.net\/wp-content\/uploads\/2025\/03\/c3a42f72-5e42-45b3-ae50-84d8e84ad045-150x150.png 150w, https:\/\/horizonaventures.net\/wp-content\/uploads\/2025\/03\/c3a42f72-5e42-45b3-ae50-84d8e84ad045-768x768.png 768w\" sizes=\"auto, (max-width: 1024px) 100vw, 1024px\" \/><\/figure>\n<\/div><\/div>\n\n\n\n<div id=\"wp-block-themeisle-blocks-advanced-column-95f150b0\" class=\"wp-block-themeisle-blocks-advanced-column\">\n<h3 class=\"wp-block-heading\"><a href=\"https:\/\/horizonaventures.net\/?p=2352&amp;preview=true&amp;_thumbnail_id=2355#:~:text=R%C3%A9gion%20de%20Riyad%20%3A%20Entre%20Modernit%C3%A9%20et%20Histoire%20du%20Najd\">De pays des Narcos et de la Gu\u00e9rilla \u00e0 Paradis Touristique<\/a><\/h3>\n\n\n\n<p>La Colombie a <strong>consid\u00e9rablement \u00e9volu\u00e9 ces derni\u00e8res ann\u00e9es<\/strong>. <\/p>\n\n\n\n<p>Autrefois associ\u00e9e au <strong>narcotrafic et \u00e0 la violence<\/strong>, elle est devenue <strong>une destination touristique pris\u00e9e<\/strong>. Cette transformation s&rsquo;explique par l&rsquo;am\u00e9lioration de la s\u00e9curit\u00e9, le d\u00e9veloppement des infrastructures touristiques et la promotion d&rsquo;un tourisme durable. <\/p>\n\n\n\n<p>La Colombie offre d\u00e9sormais<strong> une exp\u00e9rience riche en culture, nature et hospitalit\u00e9<\/strong>, attirant des voyageurs du monde entier.<\/p>\n<\/div>\n<\/div><\/div>\n\n\n\n<div id=\"wp-block-themeisle-blocks-advanced-columns-6227b991\" class=\"wp-block-themeisle-blocks-advanced-columns has-3-columns has-desktop-equal-layout has-tablet-equal-layout has-mobile-collapsedRows-layout has-vertical-unset\"><div class=\"wp-block-themeisle-blocks-advanced-columns-overlay\"><\/div><div class=\"innerblocks-wrap\">\n<div id=\"wp-block-themeisle-blocks-advanced-column-ea8e9bc6\" class=\"wp-block-themeisle-blocks-advanced-column\">\n<h3 class=\"wp-block-heading\">Les Incontournables de la Colombie<\/h3>\n\n\n\n<p style=\"padding-right:var(--wp--preset--spacing--30);padding-left:var(--wp--preset--spacing--30)\">La Colombie offre une richesse de sites <strong>impressionnants et vari\u00e9s<\/strong>. <\/p>\n\n\n\n<p style=\"padding-right:var(--wp--preset--spacing--30);padding-left:var(--wp--preset--spacing--30)\">Explorez <strong>Cartagena<\/strong>, joyau colonial aux ruelles color\u00e9es, et d\u00e9tendez-vous dans le <strong>Parc Tayrona<\/strong>, entre mer et jungle. <\/p>\n\n\n\n<p style=\"padding-right:var(--wp--preset--spacing--30);padding-left:var(--wp--preset--spacing--30)\">D\u00e9couvrez <strong>Bogot\u00e1<\/strong> et son quartier historique, ainsi que <strong>Medell\u00edn<\/strong>, ville d\u2019innovation. <\/p>\n\n\n\n<p style=\"padding-right:var(--wp--preset--spacing--30);padding-left:var(--wp--preset--spacing--30)\">Randonnez dans la <strong>vall\u00e9e de Cocora<\/strong> et vers la <strong>Ciudad Perdida<\/strong>. A<\/p>\n\n\n\n<p style=\"padding-right:var(--wp--preset--spacing--30);padding-left:var(--wp--preset--spacing--30)\">dmirez les <strong>statues de San Agust\u00edn<\/strong> et les couleurs de <strong>Ca\u00f1o Cristales<\/strong>. Une destination aux mille facettes !<\/p>\n<\/div>\n\n\n\n<div id=\"wp-block-themeisle-blocks-advanced-column-09fc5516\" class=\"wp-block-themeisle-blocks-advanced-column\">\n<h3 class=\"wp-block-heading has-neve-link-color-color has-text-color has-link-color wp-elements-ef004f0dca3cebe0934d5dd66091f869\">Tr\u00e9sors du littoral carib\u00e9en<\/h3>\n\n\n\n<p style=\"padding-right:var(--wp--preset--spacing--30);padding-left:var(--wp--preset--spacing--30)\">La c\u00f4te cara\u00efbe colombienne enchante par ses <strong>plages de r\u00eave<\/strong>, son <strong>histoire coloniale<\/strong> et son <strong>m\u00e9lange culturel afro-carib\u00e9en<\/strong>. <\/p>\n\n\n\n<p style=\"padding-right:var(--wp--preset--spacing--30);padding-left:var(--wp--preset--spacing--30)\">D\u00e9couvrez <strong>Carthag\u00e8ne<\/strong>, joyau historique, <strong>Santa Marta<\/strong> et le <strong>Parc Tayrona<\/strong>, o\u00f9 la jungle rencontre la mer. <\/p>\n\n\n\n<p style=\"padding-right:var(--wp--preset--spacing--30);padding-left:var(--wp--preset--spacing--30)\">Vivez l\u2019ambiance festive de <strong>Barranquilla<\/strong>, explorez les paysages d\u00e9sertiques de <strong>La Guajira<\/strong> et plongez dans les eaux cristallines des <strong>\u00eeles du Rosaire<\/strong>. <\/p>\n\n\n\n<p style=\"padding-right:var(--wp--preset--spacing--30);padding-left:var(--wp--preset--spacing--30)\">Une r\u00e9gion haute en couleurs et en \u00e9motions !<\/p>\n<\/div>\n\n\n\n<div id=\"wp-block-themeisle-blocks-advanced-column-2b90f083\" class=\"wp-block-themeisle-blocks-advanced-column\">\n<h3 class=\"wp-block-heading has-neve-link-color-color has-text-color has-link-color wp-elements-940f80ec71455220386b99685d311e15\" style=\"padding-right:var(--wp--preset--spacing--30);padding-left:var(--wp--preset--spacing--30)\">La Colombie andine, entre nature et histoire<\/h3>\n\n\n\n<p>C\u0153ur battant du pays, la r\u00e9gion andine offre un m\u00e9lange captivant de <strong>montagnes majestueuses<\/strong>, de <strong>villes historiques<\/strong> et de <strong>plantations de caf\u00e9<\/strong>. <\/p>\n\n\n\n<p>De <strong>Bogot\u00e1<\/strong>, capitale culturelle, \u00e0 <strong>Medell\u00edn<\/strong>, ville de l\u2019\u00e9ternel printemps, en passant par <strong>Villa de Leyva<\/strong> et les paysages verdoyants de l\u2019<strong>Eje Cafetero<\/strong>, chaque \u00e9tape est une immersion unique. <\/p>\n\n\n\n<p>Randonnez dans le <strong>parc Los Nevados<\/strong> et explorez les tr\u00e9sors coloniaux de <strong>Boyac\u00e1<\/strong>.<\/p>\n\n\n<div class=\"is-default-size aligncenter wp-block-site-logo\"><a href=\"https:\/\/horizonaventures.net\/\" class=\"custom-logo-link\" rel=\"home\"><img loading=\"lazy\" decoding=\"async\" width=\"500\" height=\"353\" src=\"https:\/\/horizonaventures.net\/wp-content\/uploads\/2024\/02\/cropped-Envie_d_horizonLogo.png\" class=\"custom-logo\" alt=\"Logo Envie d&#039;horizon\" srcset=\"https:\/\/horizonaventures.net\/wp-content\/uploads\/2024\/02\/cropped-Envie_d_horizonLogo.png 500w, https:\/\/horizonaventures.net\/wp-content\/uploads\/2024\/02\/cropped-Envie_d_horizonLogo-300x212.png 300w\" sizes=\"auto, (max-width: 500px) 100vw, 500px\" \/><\/a><\/div><\/div>\n<\/div><\/div>\n\n\n\n<div id=\"wp-block-themeisle-blocks-advanced-columns-a681780f\" class=\"wp-block-themeisle-blocks-advanced-columns has-2-columns has-desktop-equal-layout has-tablet-equal-layout has-mobile-collapsedRows-layout has-vertical-unset\"><div class=\"wp-block-themeisle-blocks-advanced-columns-overlay\"><\/div><div class=\"innerblocks-wrap\">\n<div id=\"wp-block-themeisle-blocks-advanced-column-ba89297b\" class=\"wp-block-themeisle-blocks-advanced-column\"><div class=\"wp-block-image\">\n<figure class=\"aligncenter size-full is-resized has-custom-border\"><img alt=\"\" loading=\"lazy\" decoding=\"async\" width=\"1024\" height=\"1024\" src=\"https:\/\/horizonaventures.net\/wp-content\/uploads\/2025\/03\/8f01d135-6424-4b5b-8720-7dca2f060757.png\" alt=\"\" class=\"wp-image-2369\" style=\"border-width:1px;border-radius:10px;width:426px;height:auto\" srcset=\"https:\/\/horizonaventures.net\/wp-content\/uploads\/2025\/03\/8f01d135-6424-4b5b-8720-7dca2f060757.png 1024w, https:\/\/horizonaventures.net\/wp-content\/uploads\/2025\/03\/8f01d135-6424-4b5b-8720-7dca2f060757-300x300.png 300w, https:\/\/horizonaventures.net\/wp-content\/uploads\/2025\/03\/8f01d135-6424-4b5b-8720-7dca2f060757-150x150.png 150w, https:\/\/horizonaventures.net\/wp-content\/uploads\/2025\/03\/8f01d135-6424-4b5b-8720-7dca2f060757-768x768.png 768w\" sizes=\"auto, (max-width: 1024px) 100vw, 1024px\" \/><\/figure>\n<\/div><\/div>\n\n\n\n<div id=\"wp-block-themeisle-blocks-advanced-column-9edb120d\" class=\"wp-block-themeisle-blocks-advanced-column\">\n<h3 class=\"wp-block-heading\">Le Pacifique colombien, un paradis sauvage et pr\u00e9serv\u00e9<\/h3>\n\n\n\n<p>R\u00e9put\u00e9e pour sa <strong>biodiversit\u00e9 exceptionnelle<\/strong>, la c\u00f4te pacifique colombienne s\u00e9duit les amoureux de <strong>nature et d\u2019authenticit\u00e9<\/strong>. <\/p>\n\n\n\n<p>Entre <strong>plages isol\u00e9es<\/strong>, <strong>for\u00eats tropicales<\/strong> et <strong>observation des baleines<\/strong>, des lieux comme <strong>Nuqu\u00ed<\/strong> et <strong>Bah\u00eda Solano<\/strong> offrent une exp\u00e9rience unique. <\/p>\n\n\n\n<p>D\u00e9couvrez le <strong>Parc national Utr\u00eda<\/strong>, plongez dans la culture afro-colombienne et vibrez au rythme de la salsa \u00e0 <strong>Cali<\/strong>, capitale de la f\u00eate et de la danse.<\/p>\n<\/div>\n<\/div><\/div>\n\n\n\n<div id=\"wp-block-themeisle-blocks-advanced-columns-66e9d595\" class=\"wp-block-themeisle-blocks-advanced-columns has-3-columns has-desktop-equal-layout has-tablet-equal-layout has-mobile-collapsedRows-layout has-vertical-unset\"><div class=\"wp-block-themeisle-blocks-advanced-columns-overlay\"><\/div><div class=\"innerblocks-wrap\">\n<div id=\"wp-block-themeisle-blocks-advanced-column-606136a1\" class=\"wp-block-themeisle-blocks-advanced-column\">\n<h3 class=\"wp-block-heading\">L\u2019Amazonie colombienne, un voyage au c\u0153ur de la nature<\/h3>\n\n\n\n<p style=\"padding-right:var(--wp--preset--spacing--30);padding-left:var(--wp--preset--spacing--30)\">R\u00e9gion mystique et sauvage, l\u2019<strong>Amazonie colombienne<\/strong> est un v\u00e9ritable sanctuaire de <strong>biodiversit\u00e9<\/strong>. <\/p>\n\n\n\n<p style=\"padding-right:var(--wp--preset--spacing--30);padding-left:var(--wp--preset--spacing--30)\">Depuis <strong>Leticia<\/strong>, porte d\u2019entr\u00e9e de la jungle, embarquez pour <strong>Puerto Nari\u00f1o<\/strong> et explorez le <strong>Parc Amacayacu<\/strong>, o\u00f9 singes, dauphins roses et oiseaux exotiques \u00e9voluent librement. <\/p>\n\n\n\n<p style=\"padding-right:var(--wp--preset--spacing--30);padding-left:var(--wp--preset--spacing--30)\">Vivez une <strong>immersion unique<\/strong> aupr\u00e8s des <strong>communaut\u00e9s indig\u00e8nes<\/strong>, d\u00e9couvrez leurs traditions et laissez-vous envo\u00fbter par la magie de la for\u00eat tropicale. Une aventure inoubliable !<\/p>\n<\/div>\n\n\n\n<div id=\"wp-block-themeisle-blocks-advanced-column-1e8ccb9a\" class=\"wp-block-themeisle-blocks-advanced-column\"><div class=\"wp-block-image\">\n<figure class=\"aligncenter size-full is-resized has-custom-border\"><img alt=\"\" loading=\"lazy\" decoding=\"async\" width=\"576\" height=\"1024\" src=\"https:\/\/horizonaventures.net\/wp-content\/uploads\/2025\/03\/ca90826d-31fb-4665-90ec-3d5a67ae7210-edited.png\" alt=\"\" class=\"wp-image-2371\" style=\"border-width:1px;border-radius:10px;width:322px;height:auto\" srcset=\"https:\/\/horizonaventures.net\/wp-content\/uploads\/2025\/03\/ca90826d-31fb-4665-90ec-3d5a67ae7210-edited.png 576w, https:\/\/horizonaventures.net\/wp-content\/uploads\/2025\/03\/ca90826d-31fb-4665-90ec-3d5a67ae7210-edited-169x300.png 169w\" sizes=\"auto, (max-width: 576px) 100vw, 576px\" \/><\/figure>\n<\/div><\/div>\n\n\n\n<div id=\"wp-block-themeisle-blocks-advanced-column-d3a048b0\" class=\"wp-block-themeisle-blocks-advanced-column\">\n<h3 class=\"wp-block-heading\" style=\"padding-right:var(--wp--preset--spacing--30);padding-left:var(--wp--preset--spacing--30)\">Los Llanos, l\u2019\u00e2me sauvage de la Colombie<\/h3>\n\n\n\n<p style=\"padding-right:var(--wp--preset--spacing--30);padding-left:var(--wp--preset--spacing--30)\">Terre de <strong>grandes plaines et de traditions \u00e9questres<\/strong>, la r\u00e9gion orinoquienne est le berceau des <strong>cowboys colombiens<\/strong>. <\/p>\n\n\n\n<p style=\"padding-right:var(--wp--preset--spacing--30);padding-left:var(--wp--preset--spacing--30)\">Entre <strong>Villavicencio et Casanare<\/strong>, partez en <strong>safari animalier<\/strong> observer ca\u00efmans, anacondas et capybaras. <\/p>\n\n\n\n<p style=\"padding-right:var(--wp--preset--spacing--30);padding-left:var(--wp--preset--spacing--30)\">Explorez le <strong>Parc El Tuparro<\/strong>, joyau naturel pr\u00e9serv\u00e9, et plongez dans la culture locale au rythme des <strong>musiques llaneras<\/strong>. <\/p>\n\n\n\n<p style=\"padding-right:var(--wp--preset--spacing--30);padding-left:var(--wp--preset--spacing--30)\">Une destination authentique, id\u00e9ale pour les amoureux de <strong>nature et d\u2019aventure<\/strong>.<\/p>\n<\/div>\n<\/div><\/div>\n\n\n\n<div id=\"wp-block-themeisle-blocks-advanced-columns-27429f28\" class=\"wp-block-themeisle-blocks-advanced-columns has-2-columns has-desktop-equal-layout has-tablet-equal-layout has-mobile-collapsedRows-layout has-vertical-unset\"><div class=\"wp-block-themeisle-blocks-advanced-columns-overlay\"><\/div><div class=\"innerblocks-wrap\">\n<div id=\"wp-block-themeisle-blocks-advanced-column-123dd03b\" class=\"wp-block-themeisle-blocks-advanced-column\"><div class=\"wp-block-image\">\n<figure class=\"aligncenter size-full is-resized has-custom-border\"><img alt=\"\" loading=\"lazy\" decoding=\"async\" width=\"1024\" height=\"1024\" src=\"https:\/\/horizonaventures.net\/wp-content\/uploads\/2025\/03\/173ae142-982b-4ba7-a020-17f81356b732.png\" alt=\"\" class=\"wp-image-2372\" style=\"border-width:1px;border-radius:10px;width:389px;height:auto\" srcset=\"https:\/\/horizonaventures.net\/wp-content\/uploads\/2025\/03\/173ae142-982b-4ba7-a020-17f81356b732.png 1024w, https:\/\/horizonaventures.net\/wp-content\/uploads\/2025\/03\/173ae142-982b-4ba7-a020-17f81356b732-300x300.png 300w, https:\/\/horizonaventures.net\/wp-content\/uploads\/2025\/03\/173ae142-982b-4ba7-a020-17f81356b732-150x150.png 150w, https:\/\/horizonaventures.net\/wp-content\/uploads\/2025\/03\/173ae142-982b-4ba7-a020-17f81356b732-768x768.png 768w\" sizes=\"auto, (max-width: 1024px) 100vw, 1024px\" \/><\/figure>\n<\/div><\/div>\n\n\n\n<div id=\"wp-block-themeisle-blocks-advanced-column-865cad4c\" class=\"wp-block-themeisle-blocks-advanced-column\">\n<h3 class=\"wp-block-heading\">Le Massif Colombien et le Sud, berceau de l\u2019histoire<\/h3>\n\n\n\n<p>R\u00e9gion fascinante aux paysages montagneux, le <strong>Massif Colombien<\/strong> est le c\u0153ur historique et spirituel de la Colombie. <\/p>\n\n\n\n<p>D\u00e9couvrez les <strong>sources du fleuve Magdalena<\/strong>, explorez les myst\u00e9rieux <strong>sites arch\u00e9ologiques de San Agust\u00edn et Tierradentro<\/strong>, vestiges des civilisations pr\u00e9colombiennes. <\/p>\n\n\n\n<p>Admirez l\u2019architecture coloniale de <strong>Popay\u00e1n<\/strong>, la \u00ab\u00a0Ville Blanche\u00a0\u00bb, et aventurez-vous dans le <strong>Parc Purac\u00e9<\/strong>, sanctuaire de volcans et de condors majestueux.<\/p>\n<\/div>\n<\/div><\/div>\n\n\n\n<div id=\"wp-block-themeisle-blocks-advanced-columns-e9890834\" class=\"wp-block-themeisle-blocks-advanced-columns has-2-columns has-desktop-equal-layout has-tablet-equal-layout has-mobile-collapsedRows-layout has-vertical-unset\"><div class=\"wp-block-themeisle-blocks-advanced-columns-overlay\"><\/div><div class=\"innerblocks-wrap\">\n<div id=\"wp-block-themeisle-blocks-advanced-column-845c2715\" class=\"wp-block-themeisle-blocks-advanced-column\">\n<h3 class=\"wp-block-heading\">La Colombie insulaire, un paradis entre deux oc\u00e9ans<\/h3>\n\n\n\n<p>Entre les <strong>Cara\u00efbes et le Pacifique<\/strong>, la r\u00e9gion insulaire colombienne offre des <strong>paysages tropicaux uniques<\/strong>. <\/p>\n\n\n\n<p>Plongez dans les eaux turquoise de <strong>San Andr\u00e9s et Providencia<\/strong>, v\u00e9ritables joyaux carib\u00e9ens, ou explorez les r\u00e9cifs coralliens pr\u00e9serv\u00e9s. <\/p>\n\n\n\n<p>C\u00f4t\u00e9 Pacifique, les \u00eeles <strong>Malpelo et Gorgona<\/strong> abritent une faune marine exceptionnelle, id\u00e9ale pour la <strong>plong\u00e9e et l\u2019observation des requins<\/strong>. <\/p>\n\n\n\n<p>Un havre de paix pour les amoureux de la mer et de la nature.<\/p>\n<\/div>\n\n\n\n<div id=\"wp-block-themeisle-blocks-advanced-column-dd054a44\" class=\"wp-block-themeisle-blocks-advanced-column\"><div class=\"wp-block-image\">\n<figure class=\"aligncenter size-full is-resized has-custom-border\"><img alt=\"\" loading=\"lazy\" decoding=\"async\" width=\"1024\" height=\"1024\" src=\"https:\/\/horizonaventures.net\/wp-content\/uploads\/2025\/03\/6f59788d-52a8-4b1c-a674-73a4ea0b076d.png\" alt=\"\" class=\"wp-image-2373\" style=\"border-width:1px;border-radius:10px;width:457px;height:auto\" srcset=\"https:\/\/horizonaventures.net\/wp-content\/uploads\/2025\/03\/6f59788d-52a8-4b1c-a674-73a4ea0b076d.png 1024w, https:\/\/horizonaventures.net\/wp-content\/uploads\/2025\/03\/6f59788d-52a8-4b1c-a674-73a4ea0b076d-300x300.png 300w, https:\/\/horizonaventures.net\/wp-content\/uploads\/2025\/03\/6f59788d-52a8-4b1c-a674-73a4ea0b076d-150x150.png 150w, https:\/\/horizonaventures.net\/wp-content\/uploads\/2025\/03\/6f59788d-52a8-4b1c-a674-73a4ea0b076d-768x768.png 768w\" sizes=\"auto, (max-width: 1024px) 100vw, 1024px\" \/><\/figure>\n<\/div><\/div>\n<\/div><\/div>\n\n\n\n<div id=\"wp-block-themeisle-blocks-advanced-columns-93924741\" class=\"wp-block-themeisle-blocks-advanced-columns has-3-columns has-desktop-equal-layout has-tablet-equal-layout has-mobile-collapsedRows-layout has-vertical-unset\"><div class=\"wp-block-themeisle-blocks-advanced-columns-overlay\"><\/div><div class=\"innerblocks-wrap\">\n<div id=\"wp-block-themeisle-blocks-advanced-column-4b7b6fb9\" class=\"wp-block-themeisle-blocks-advanced-column\">\n<h3 class=\"wp-block-heading\">L&rsquo;Or Noir de Colombie<\/h3>\n\n\n\n<p>Le caf\u00e9 colombien, r\u00e9put\u00e9 mondialement, est le fruit d&rsquo;une histoire riche et d&rsquo;un terroir exceptionnel. <\/p>\n\n\n\n<p><strong>Introduit au 18e si\u00e8cle<\/strong>, il s&rsquo;est rapidement impos\u00e9 comme pilier de l&rsquo;\u00e9conomie nationale. <\/p>\n\n\n\n<p><strong>Cultiv\u00e9 principalement en altitude<\/strong>, la r\u00e9colte manuelle et le traitement soign\u00e9 garantissent une qualit\u00e9 sup\u00e9rieure. <\/p>\n\n\n\n<p>Aujourd&rsquo;hui, la Colombie reste le <strong>troisi\u00e8me producteur mondial<\/strong>, offrant un caf\u00e9 appr\u00e9ci\u00e9 pour sa constance et son go\u00fbt unique.<\/p>\n\n\n\n<h3 class=\"wp-block-heading\">Chiffres du Tourisme en Colombie<\/h3>\n\n\n\n<p>En 2024, la Colombie a accueilli un nombre record de <strong>6,7 millions de visiteurs \u00e9trangers,<\/strong> d\u00e9passant les projections initiales. <\/p>\n\n\n\n<p>Cette croissance de 8,5% par rapport \u00e0 2023 t\u00e9moigne du succ\u00e8s des strat\u00e9gies de promotion touristique du pays. <\/p>\n\n\n\n<p>Les \u00c9tats-Unis, le Mexique et l&rsquo;\u00c9quateur sont les principaux march\u00e9s \u00e9metteurs. <\/p>\n\n\n\n<p>Pour 2025, la Colombie vise \u00e0 consolider cette croissance en diversifiant son offre et en renfor\u00e7ant le tourisme durable.<\/p>\n<\/div>\n\n\n\n<div id=\"wp-block-themeisle-blocks-advanced-column-1e7ee8ea\" class=\"wp-block-themeisle-blocks-advanced-column\">\n<h3 class=\"wp-block-heading has-neve-link-color-color has-text-color has-link-color wp-elements-ea9a8666e8797ce0963f5233dc5484fc\"><a href=\"https:\/\/horizonaventures.net\/index.php\/2024\/12\/09\/carnets-de-voyage-canada\/\" data-type=\"link\" data-id=\"https:\/\/horizonaventures.net\/index.php\/2024\/12\/09\/carnets-de-voyage-canada\/\">Carnet de voyage<\/a><\/h3>\n\n\n\n<p class=\"has-text-align-center\" style=\"padding-right:var(--wp--preset--spacing--30);padding-left:var(--wp--preset--spacing--30)\"><strong>Immersion au c\u0153ur de la Colombie Authentique<\/strong><\/p>\n\n\n\n<p>Partez pour <strong>un voyage exceptionnel de 18 jours<\/strong> \u00e0 la d\u00e9couverte des multiples facettes de <strong>la Colombie<\/strong>, un pays fascinant o\u00f9 <strong>histoire, nature et traditions <\/strong>s&rsquo;entrelacent harmonieusement. Ce circuit soigneusement con\u00e7u vous offre un <strong>\u00e9quilibre parfait entre exploration culturelle, d\u00e9tente sur des plages paradisiaques et aventures inoubliables.<\/strong><\/p>\n\n\n\n<p>Commencez votre p\u00e9riple \u00e0 <strong>Bogot\u00e1<\/strong>, capitale vibrante o\u00f9 le charme colonial c\u00f4toie une modernit\u00e9 dynamique. Plongez ensuite dans <strong>l\u2019<\/strong><strong>Eje<\/strong><strong> <\/strong><strong>Cafetero<\/strong>, v\u00e9ritable \u00e9crin de verdure, o\u00f9 vous d\u00e9couvrirez les secrets du <strong>caf\u00e9 colombien <\/strong>et randonnerez parmi les majestueux <strong>palmiers de cire <\/strong>de la vall\u00e9e de Cocora. Puis, direction la c\u00f4te cara\u00efbe pour une <strong>escapade ensoleill\u00e9e <\/strong>entre les plages de <strong>Tayrona<\/strong>, la magie coloniale de <strong>Carthag\u00e8ne<\/strong> et les eaux turquoise des <strong>\u00eeles du Rosaire<\/strong>.<\/p>\n\n\n\n<p>Enfin, terminez cette aventure en <strong>Amazonie<\/strong>, territoire sauvage et myst\u00e9rieux o\u00f9 vous aurez l\u2019opportunit\u00e9 unique de naviguer sur le <strong>fleuve Amazone<\/strong>, d&rsquo;observer <strong>les dauphins roses<\/strong>, de rencontrer des <strong>communaut\u00e9s indig\u00e8nes<\/strong> et de vous immerger dans une nature luxuriante.<\/p>\n\n\n\n<p>Ce voyage est une <strong>invitation \u00e0 la d\u00e9couverte et \u00e0 l\u2019\u00e9merveillement<\/strong>, un <strong>circuit complet et vari\u00e9<\/strong>, con\u00e7u pour les <strong>voyageurs curieux <\/strong>en qu\u00eate <strong>d\u2019authenticit\u00e9 et d\u2019exp\u00e9riences uniques<\/strong>. Entre villes coloniales, paysages spectaculaires et rencontres inoubliables, laissez-vous s\u00e9duire par la <strong>Colombie<\/strong>, une destination encore pr\u00e9serv\u00e9e, qui ne demande qu\u2019\u00e0 \u00eatre explor\u00e9e.<\/p>\n<\/div>\n\n\n\n<div id=\"wp-block-themeisle-blocks-advanced-column-88778da4\" class=\"wp-block-themeisle-blocks-advanced-column\">\n<h4 class=\"wp-block-heading has-text-align-center\">Envisagez-vous de voyager en  Colombie ?<\/h4>\n\n\n\n<p style=\"padding-right:var(--wp--preset--spacing--30);padding-left:var(--wp--preset--spacing--30)\">Rejoignez la Communaut\u00e9 Envie d&rsquo;Horizon ! Abonnez-vous \u00e0 <a href=\"https:\/\/www.youtube.com\/@EnviedHorizon\" data-type=\"link\" data-id=\"https:\/\/www.youtube.com\/@EnviedHorizon\" target=\"_blank\" rel=\"noreferrer noopener\"><strong>notre cha\u00eene YouTube <\/strong><\/a>pour d\u00e9couvrir des vid\u00e9os captivantes sur des destinations du monde entier. Ne manquez aucune des derni\u00e8res actualit\u00e9s en nous suivant sur <a href=\"https:\/\/horizonaventures.net\/index.php\/582c1-blogger-gb-contact\/\" data-type=\"link\" data-id=\"https:\/\/horizonaventures.net\/index.php\/582c1-blogger-gb-contact\/\" target=\"_blank\" rel=\"noreferrer noopener\"><strong>nos r\u00e9seaux sociaux<\/strong><\/a>. Votre avis est important pour nous ! N&rsquo;h\u00e9sitez pas \u00e0 laisser un commentaire ou \u00e0 nous contacter directement via notre<strong> <a href=\"https:\/\/horizonaventures.net\/index.php\/582c1-blogger-gb-contact\/\" data-type=\"link\" data-id=\"https:\/\/horizonaventures.net\/index.php\/582c1-blogger-gb-contact\/\" target=\"_blank\" rel=\"noreferrer noopener\">page de contact.<\/a><\/strong><\/p>\n\n\n<div class=\"wp-block-image\">\n<figure class=\"aligncenter size-full is-resized has-custom-border\"><img alt=\"\" loading=\"lazy\" decoding=\"async\" width=\"332\" height=\"480\" src=\"https:\/\/horizonaventures.net\/wp-content\/uploads\/2025\/03\/Immersion-au-coeur-de-la-Colombie-Authentique.gif\" alt=\"\" class=\"wp-image-2374\" style=\"border-width:1px;border-radius:10px;width:332px;height:auto\"\/><\/figure>\n<\/div>\n\n\n<p style=\"padding-right:var(--wp--preset--spacing--30);padding-left:var(--wp--preset--spacing--30)\">Le carnet de voyage, intitul\u00e9 <strong><strong>Immersion au c\u0153ur de la Colombie Authentique<\/strong><\/strong>, est actuellement en cours de \u00e9criture et n\u2019est donc pas disponible pour le moment.<\/p>\n\n\n\n<p style=\"padding-right:var(--wp--preset--spacing--30);padding-left:var(--wp--preset--spacing--30)\">Toutefois, si vous \u00eates int\u00e9ress\u00e9 par sa publication ult\u00e9rieure, n\u2019h\u00e9sitez pas \u00e0 nous le faire savoir.<\/p>\n\n\n\n<p class=\"has-text-align-center has-small-font-size\"><a href=\"https:\/\/horizonaventures.net\/index.php\/2024\/11\/28\/carnets-de-voyage-france\/\" data-type=\"link\" data-id=\"https:\/\/horizonaventures.net\/index.php\/2024\/11\/28\/carnets-de-voyage-france\/\">Page d\u00e9di\u00e9e au carnet de voyage sur la Colombie<\/a><\/p>\n\n\n<div class=\"is-default-size aligncenter wp-block-site-logo\"><a href=\"https:\/\/horizonaventures.net\/\" class=\"custom-logo-link\" rel=\"home\"><img loading=\"lazy\" decoding=\"async\" width=\"500\" height=\"353\" src=\"https:\/\/horizonaventures.net\/wp-content\/uploads\/2024\/02\/cropped-Envie_d_horizonLogo.png\" class=\"custom-logo\" alt=\"Logo Envie d&#039;horizon\" srcset=\"https:\/\/horizonaventures.net\/wp-content\/uploads\/2024\/02\/cropped-Envie_d_horizonLogo.png 500w, https:\/\/horizonaventures.net\/wp-content\/uploads\/2024\/02\/cropped-Envie_d_horizonLogo-300x212.png 300w\" sizes=\"auto, (max-width: 500px) 100vw, 500px\" \/><\/a><\/div><\/div>\n<\/div><\/div>\n\n\n\n<h4 class=\"wp-block-heading has-text-align-center\" style=\"padding-top:var(--wp--preset--spacing--40);padding-bottom:var(--wp--preset--spacing--40)\">Partons ensemble \u00e0 la d\u00e9couverte de la <strong>Nouvelle-Grenade<\/strong> et cr\u00e9ons des souvenirs inoubliables !<\/h4>\n","protected":false},"excerpt":{"rendered":"<p>Entre montagnes andines, plages carib\u00e9ennes, for\u00eats amazoniennes et villes coloniales, la Colombie \u00e9merveille par sa diversit\u00e9. D\u00e9couvrez Bogot\u00e1, vibrante et culturelle, Carthag\u00e8ne, perle coloniale, et le Quind\u00edo, c\u0153ur du caf\u00e9. Randonnez dans la vall\u00e9e du Cocora, d\u00e9tendez-vous sur les plages du Tayrona et explorez l\u2019Amazonie sauvage. Pays chaleureux et festif, la Colombie s\u00e9duit par sa gastronomie, sa musique et son incroyable biodiversit\u00e9. Une aventure inoubliable !<\/p>\n","protected":false},"author":1,"featured_media":2355,"comment_status":"closed","ping_status":"open","sticky":false,"template":"","format":"standard","meta":{"_seopress_robots_primary_cat":"","_seopress_titles_title":"","_seopress_titles_desc":"","_seopress_robots_index":"","neve_meta_sidebar":"","neve_meta_container":"","neve_meta_enable_content_width":"","neve_meta_content_width":0,"neve_meta_title_alignment":"","neve_meta_author_avatar":"","neve_post_elements_order":"","neve_meta_disable_header":"","neve_meta_disable_footer":"","neve_meta_disable_title":"","_themeisle_gutenberg_block_has_review":false,"footnotes":""},"categories":[31,3,2],"tags":[32,54,33,11],"class_list":["post-2352","post","type-post","status-publish","format-standard","has-post-thumbnail","hentry","category-amerique-le-monde","category-geographie","category-le-monde","tag-amerique","tag-amerique-du-sud","tag-tourisme","tag-voyage"],"_links":{"self":[{"href":"https:\/\/horizonaventures.net\/index.php\/wp-json\/wp\/v2\/posts\/2352","targetHints":{"allow":["GET"]}}],"collection":[{"href":"https:\/\/horizonaventures.net\/index.php\/wp-json\/wp\/v2\/posts"}],"about":[{"href":"https:\/\/horizonaventures.net\/index.php\/wp-json\/wp\/v2\/types\/post"}],"author":[{"embeddable":true,"href":"https:\/\/horizonaventures.net\/index.php\/wp-json\/wp\/v2\/users\/1"}],"replies":[{"embeddable":true,"href":"https:\/\/horizonaventures.net\/index.php\/wp-json\/wp\/v2\/comments?post=2352"}],"version-history":[{"count":8,"href":"https:\/\/horizonaventures.net\/index.php\/wp-json\/wp\/v2\/posts\/2352\/revisions"}],"predecessor-version":[{"id":2375,"href":"https:\/\/horizonaventures.net\/index.php\/wp-json\/wp\/v2\/posts\/2352\/revisions\/2375"}],"wp:featuredmedia":[{"embeddable":true,"href":"https:\/\/horizonaventures.net\/index.php\/wp-json\/wp\/v2\/media\/2355"}],"wp:attachment":[{"href":"https:\/\/horizonaventures.net\/index.php\/wp-json\/wp\/v2\/media?parent=2352"}],"wp:term":[{"taxonomy":"category","embeddable":true,"href":"https:\/\/horizonaventures.net\/index.php\/wp-json\/wp\/v2\/categories?post=2352"},{"taxonomy":"post_tag","embeddable":true,"href":"https:\/\/horizonaventures.net\/index.php\/wp-json\/wp\/v2\/tags?post=2352"}],"curies":[{"name":"wp","href":"https:\/\/api.w.org\/{rel}","templated":true}]}}