{"id":2377,"date":"2025-03-21T15:05:22","date_gmt":"2025-03-21T14:05:22","guid":{"rendered":"https:\/\/horizonaventures.net\/?p=2377"},"modified":"2025-03-21T15:06:16","modified_gmt":"2025-03-21T14:06:16","slug":"la-roumanie","status":"publish","type":"post","link":"https:\/\/horizonaventures.net\/index.php\/2025\/03\/21\/la-roumanie\/","title":{"rendered":"La Roumanie"},"content":{"rendered":"\n<div id=\"wp-block-themeisle-blocks-advanced-columns-3d41d521\" class=\"wp-block-themeisle-blocks-advanced-columns has-3-columns has-desktop-equal-layout has-tablet-equal-layout has-mobile-collapsedRows-layout has-vertical-unset\"><div class=\"wp-block-themeisle-blocks-advanced-columns-overlay\"><\/div><div class=\"innerblocks-wrap\">\n<div id=\"wp-block-themeisle-blocks-advanced-column-0484565e\" class=\"wp-block-themeisle-blocks-advanced-column\">\n<h2 class=\"wp-block-heading has-text-align-center\">La Roumanie<\/h2>\n\n\n\n<p style=\"padding-right:var(--wp--preset--spacing--30);padding-left:var(--wp--preset--spacing--30)\"><strong>La Roumanie, joyau d\u2019Europe de l\u2019Est, s\u00e9duit par ses paysages vari\u00e9s, entre les Carpates sauvages, la mer Noire et le delta du Danube. <\/strong><\/p>\n\n\n\n<p style=\"padding-right:var(--wp--preset--spacing--30);padding-left:var(--wp--preset--spacing--30)\"><strong>Son riche patrimoine m\u00eale ch\u00e2teaux m\u00e9di\u00e9vaux, monast\u00e8res peints et villes charmantes comme Brasov ou Sibiu. <\/strong><\/p>\n\n\n\n<p style=\"padding-right:var(--wp--preset--spacing--30);padding-left:var(--wp--preset--spacing--30)\"><strong>Terre de l\u00e9gendes, elle invite \u00e0 explorer la myst\u00e9rieuse Transylvanie et ses traditions vivantes. <\/strong><\/p>\n\n\n\n<p style=\"padding-right:var(--wp--preset--spacing--30);padding-left:var(--wp--preset--spacing--30)\"><strong>Gastronomie savoureuse et hospitalit\u00e9 chaleureuse compl\u00e8tent ce voyage authentique et inoubliable.<\/strong><\/p>\n\n\n\n<p class=\"has-text-align-center\"><sup><sub>Derni\u00e8re mise \u00e0 jour : 21\/03\/2025<\/sub><\/sup><\/p>\n<\/div>\n\n\n\n<div id=\"wp-block-themeisle-blocks-advanced-column-e304bd52\" class=\"wp-block-themeisle-blocks-advanced-column\"><div class=\"wp-block-image\">\n<figure class=\"aligncenter size-large is-resized\"><img decoding=\"async\" src=\"https:\/\/www.romaniatourism.com\/images\/logo.jpg\" alt=\"\" style=\"width:130px;height:auto\"\/><\/figure>\n<\/div>\n\n<div class=\"wp-block-image\">\n<figure class=\"aligncenter size-full is-resized has-custom-border\"><img alt=\"\" loading=\"lazy\" decoding=\"async\" width=\"576\" height=\"1024\" src=\"https:\/\/horizonaventures.net\/wp-content\/uploads\/2025\/03\/247dcdbc-0f96-423e-a09a-cb4b38ab0e13-edited.png\" alt=\"\" class=\"wp-image-2383\" style=\"border-width:1px;border-radius:10px;width:311px;height:auto\" srcset=\"https:\/\/horizonaventures.net\/wp-content\/uploads\/2025\/03\/247dcdbc-0f96-423e-a09a-cb4b38ab0e13-edited.png 576w, https:\/\/horizonaventures.net\/wp-content\/uploads\/2025\/03\/247dcdbc-0f96-423e-a09a-cb4b38ab0e13-edited-169x300.png 169w\" sizes=\"auto, (max-width: 576px) 100vw, 576px\" \/><\/figure>\n<\/div><\/div>\n\n\n\n<div id=\"wp-block-themeisle-blocks-advanced-column-c35dfe14\" class=\"wp-block-themeisle-blocks-advanced-column\">\n<hr class=\"wp-block-separator has-alpha-channel-opacity\"\/>\n\n\n\n<p class=\"has-text-align-center\"><strong>Pays :<\/strong> La Roumanie<br><strong>Region :<\/strong> <a href=\"https:\/\/horizonaventures.net\/index.php\/2024\/09\/29\/leurope-oriental-2\/\" data-type=\"link\" data-id=\"https:\/\/horizonaventures.net\/index.php\/2024\/07\/09\/amerique-du-sud-2\/\" target=\"_blank\" rel=\"noreferrer noopener\">L\u2019Europe Oriental \u00ab Europ\u00e9en \u00bb<\/a><\/p>\n\n\n<div class=\"wp-block-image\">\n<figure class=\"aligncenter size-large is-resized has-custom-border\"><img decoding=\"async\" src=\"https:\/\/www.welt-flaggen.de\/data\/flags\/w580\/ro.webp\" alt=\"\" style=\"border-width:1px;border-radius:10px;width:122px;height:auto\"\/><\/figure>\n<\/div>\n\n\n<p class=\"has-text-align-center\">Office du tourisme : <br><a href=\"https:\/\/www.romaniatourism.com\/\" data-type=\"link\" data-id=\"https:\/\/www.romaniatourism.com\/\" target=\"_blank\" rel=\"noreferrer noopener\">https:\/\/www.romaniatourism.com\/<\/a><\/p>\n\n\n\n<hr class=\"wp-block-separator has-alpha-channel-opacity\"\/>\n\n\n\n<figure class=\"wp-block-embed aligncenter is-type-video is-provider-youtube wp-block-embed-youtube wp-embed-aspect-16-9 wp-has-aspect-ratio\"><div class=\"wp-block-embed__wrapper\">\n<div class=\"nv-iframe-embed\"><iframe loading=\"lazy\" title=\"L\u2019Europe\" width=\"1200\" height=\"675\" src=\"https:\/\/www.youtube.com\/embed\/9x1nvREoVMM?feature=oembed\" frameborder=\"0\" allow=\"accelerometer; autoplay; clipboard-write; encrypted-media; gyroscope; picture-in-picture; web-share\" allowfullscreen><\/iframe><\/div>\n<\/div><figcaption class=\"wp-element-caption\">L\u2019article n&rsquo;est pas disponible en video<\/figcaption><\/figure>\n\n\n\n<hr class=\"wp-block-separator has-alpha-channel-opacity\"\/>\n<\/div>\n<\/div><\/div>\n\n\n\n<div id=\"wp-block-themeisle-blocks-advanced-columns-36922587\" class=\"wp-block-themeisle-blocks-advanced-columns has-3-columns has-desktop-equal-layout has-tablet-equal-layout has-mobile-collapsedRows-layout has-vertical-unset\"><div class=\"wp-block-themeisle-blocks-advanced-columns-overlay\"><\/div><div class=\"innerblocks-wrap\">\n<div id=\"wp-block-themeisle-blocks-advanced-column-316d9744\" class=\"wp-block-themeisle-blocks-advanced-column\">\n<h3 class=\"wp-block-heading\">G\u00e9ographie <\/h3>\n\n\n\n<p style=\"padding-right:var(--wp--preset--spacing--30);padding-left:var(--wp--preset--spacing--30)\">Situ\u00e9e en Europe de l&rsquo;Est, la Roumanie s&rsquo;\u00e9tend sur environ 238 000 km\u00b2. <\/p>\n\n\n\n<p style=\"padding-right:var(--wp--preset--spacing--30);padding-left:var(--wp--preset--spacing--30)\">Bord\u00e9e par <strong>la mer Noire<\/strong> \u00e0 l&rsquo;est, elle partage ses fronti\u00e8res avec <strong>la Hongrie, la Serbie, l&rsquo;Ukraine, la Moldavie <\/strong>et<strong> la Bulgarie<\/strong>. <\/p>\n\n\n\n<p style=\"padding-right:var(--wp--preset--spacing--30);padding-left:var(--wp--preset--spacing--30)\">Le pays est travers\u00e9 par <strong>les Carpates<\/strong>, offrant des paysages montagneux, tandis que <strong>le Danube<\/strong> forme sa fronti\u00e8re sud et alimente le spectaculaire delta, un \u00e9cosyst\u00e8me unique class\u00e9 \u00e0 l\u2019UNESCO.<\/p>\n\n\n\n<p class=\"has-text-align-center\"><a href=\"https:\/\/maps.app.goo.gl\/SorZomnFo4YvJDqJ6\" data-type=\"link\" data-id=\"https:\/\/maps.app.goo.gl\/SorZomnFo4YvJDqJ6\" target=\"_blank\" rel=\"noreferrer noopener\">Google Map \/ Roumanie<\/a><\/p>\n<\/div>\n\n\n\n<div id=\"wp-block-themeisle-blocks-advanced-column-6f1a5b3b\" class=\"wp-block-themeisle-blocks-advanced-column\">\n<h3 class=\"wp-block-heading\">Religions<\/h3>\n\n\n\n<p style=\"padding-right:var(--wp--preset--spacing--30);padding-left:var(--wp--preset--spacing--30)\">La Roumanie est un pays profond\u00e9ment religieux, o\u00f9 <strong>l&rsquo;orthodoxie<\/strong> joue un r\u00f4le central dans la culture et l\u2019identit\u00e9 nationale. <\/p>\n\n\n\n<p style=\"padding-right:var(--wp--preset--spacing--30);padding-left:var(--wp--preset--spacing--30)\">Environ <strong>86 % de la population est chr\u00e9tienne orthodoxe<\/strong>, avec une forte influence de l&rsquo;\u00c9glise dans la vie quotidienne. <\/p>\n\n\n\n<p style=\"padding-right:var(--wp--preset--spacing--30);padding-left:var(--wp--preset--spacing--30)\">Le pays regorge d\u2019\u00e9glises et de monast\u00e8res embl\u00e9matiques, comme ceux de <strong>Bucovine<\/strong>, class\u00e9s \u00e0 l\u2019UNESCO. <\/p>\n\n\n\n<p style=\"padding-right:var(--wp--preset--spacing--30);padding-left:var(--wp--preset--spacing--30)\">Les f\u00eates religieuses rythment les traditions, renfor\u00e7ant un attachement profond aux valeurs spirituelles.<\/p>\n<\/div>\n\n\n\n<div id=\"wp-block-themeisle-blocks-advanced-column-ddc62680\" class=\"wp-block-themeisle-blocks-advanced-column\">\n<h3 class=\"wp-block-heading\">Langues <\/h3>\n\n\n\n<p style=\"padding-right:var(--wp--preset--spacing--30);padding-left:var(--wp--preset--spacing--30)\"><strong>Le roumain<\/strong> est la langue officielle de la Roumanie, parl\u00e9e par plus de 90 % de la population. <\/p>\n\n\n\n<p style=\"padding-right:var(--wp--preset--spacing--30);padding-left:var(--wp--preset--spacing--30)\">Issue du latin, elle appartient aux langues romanes, partageant des similitudes avec l\u2019italien, le fran\u00e7ais et l\u2019espagnol. <\/p>\n\n\n\n<p style=\"padding-right:var(--wp--preset--spacing--30);padding-left:var(--wp--preset--spacing--30)\">Le pays compte aussi des minorit\u00e9s linguistiques, notamment hongroises et allemandes. <\/p>\n\n\n\n<p style=\"padding-right:var(--wp--preset--spacing--30);padding-left:var(--wp--preset--spacing--30)\">L\u2019anglais et le fran\u00e7ais sont enseign\u00e9s \u00e0 l\u2019\u00e9cole, rendant la communication accessible aux voyageurs dans les grandes villes et sites touristiques.<\/p>\n<\/div>\n<\/div><\/div>\n\n\n\n<div id=\"wp-block-themeisle-blocks-advanced-columns-3e9cb56f\" class=\"wp-block-themeisle-blocks-advanced-columns has-3-columns has-desktop-equal-layout has-tablet-equal-layout has-mobile-collapsedRows-layout has-vertical-unset\"><div class=\"wp-block-themeisle-blocks-advanced-columns-overlay\"><\/div><div class=\"innerblocks-wrap\">\n<div id=\"wp-block-themeisle-blocks-advanced-column-0bc1b536\" class=\"wp-block-themeisle-blocks-advanced-column\">\n<h3 class=\"wp-block-heading\">Se rendre en Roumanie<\/h3>\n\n\n\n<p style=\"padding-right:var(--wp--preset--spacing--30);padding-left:0\">Se rendre en Roumanie depuis la France est simple gr\u00e2ce aux <strong>vols directs<\/strong> vers <strong>Bucarest, Cluj<\/strong> ou <strong>Timisoara<\/strong>. <\/p>\n\n\n\n<p style=\"padding-right:var(--wp--preset--spacing--30);padding-left:0\">Plusieurs compagnies proposent des liaisons r\u00e9guli\u00e8res. <\/p>\n\n\n\n<p style=\"padding-right:var(--wp--preset--spacing--30);padding-left:0\">Les voyageurs peuvent aussi opter pour la route, <strong>en voiture<\/strong> ou en bus, traversant l\u2019Europe centrale. <\/p>\n\n\n\n<p style=\"padding-right:var(--wp--preset--spacing--30);padding-left:0\"><strong>Le train <\/strong>reste une option pittoresque via l\u2019Orient Express moderne. <\/p>\n\n\n\n<p style=\"padding-right:var(--wp--preset--spacing--30);padding-left:0\">Sans visa pour les citoyens europ\u00e9ens, la Roumanie est une destination facilement accessible pour un s\u00e9jour d\u00e9paysant.<\/p>\n<\/div>\n\n\n\n<div id=\"wp-block-themeisle-blocks-advanced-column-66f4f1fd\" class=\"wp-block-themeisle-blocks-advanced-column\"><div class=\"wp-block-image\">\n<figure class=\"aligncenter size-full is-resized has-custom-border\"><img alt=\"\" loading=\"lazy\" decoding=\"async\" width=\"576\" height=\"1024\" src=\"https:\/\/horizonaventures.net\/wp-content\/uploads\/2025\/03\/010de5cc-f3fe-412a-9782-54ab5fedcd02-edited.png\" alt=\"\" class=\"wp-image-2386\" style=\"border-width:1px;border-radius:10px;width:333px;height:auto\" srcset=\"https:\/\/horizonaventures.net\/wp-content\/uploads\/2025\/03\/010de5cc-f3fe-412a-9782-54ab5fedcd02-edited.png 576w, https:\/\/horizonaventures.net\/wp-content\/uploads\/2025\/03\/010de5cc-f3fe-412a-9782-54ab5fedcd02-edited-169x300.png 169w\" sizes=\"auto, (max-width: 576px) 100vw, 576px\" \/><\/figure>\n<\/div><\/div>\n\n\n\n<div id=\"wp-block-themeisle-blocks-advanced-column-edb278fa\" class=\"wp-block-themeisle-blocks-advanced-column\">\n<h3 class=\"wp-block-heading\" style=\"padding-right:var(--wp--preset--spacing--30);padding-left:var(--wp--preset--spacing--30)\">La Meilleure P\u00e9riode pour Visiter la Roumanie<\/h3>\n\n\n\n<p style=\"padding-right:0;padding-left:var(--wp--preset--spacing--30)\">La meilleure p\u00e9riode pour visiter la Roumanie d\u00e9pend de vos envies. <\/p>\n\n\n\n<p style=\"padding-right:0;padding-left:var(--wp--preset--spacing--30)\"><strong>Le printemps<\/strong> (avril-juin) enchante avec ses paysages fleuris et son climat doux. <\/p>\n\n\n\n<p style=\"padding-right:0;padding-left:var(--wp--preset--spacing--30)\"><strong>L\u2019\u00e9t\u00e9<\/strong> (juillet-ao\u00fbt) est id\u00e9al pour explorer les Carpates ou profiter de la mer Noire. <\/p>\n\n\n\n<p style=\"padding-right:0;padding-left:var(--wp--preset--spacing--30)\"><strong>L\u2019automne <\/strong>(septembre-octobre) offre des couleurs magnifiques et moins de touristes. <\/p>\n\n\n\n<p style=\"padding-right:0;padding-left:var(--wp--preset--spacing--30)\"><strong>En hiver,<\/strong> les amateurs de ski appr\u00e9cieront les stations des Carpates et l\u2019atmosph\u00e8re f\u00e9erique des march\u00e9s de No\u00ebl.<\/p>\n<\/div>\n<\/div><\/div>\n\n\n\n<div id=\"wp-block-themeisle-blocks-advanced-columns-674d90e0\" class=\"wp-block-themeisle-blocks-advanced-columns has-2-columns has-desktop-equal-layout has-tablet-equal-layout has-mobile-collapsedRows-layout has-vertical-unset\"><div class=\"wp-block-themeisle-blocks-advanced-columns-overlay\"><\/div><div class=\"innerblocks-wrap\">\n<div id=\"wp-block-themeisle-blocks-advanced-column-07007b8c\" class=\"wp-block-themeisle-blocks-advanced-column\">\n<h3 class=\"wp-block-heading\">Formalit\u00e9s d&rsquo;entr\u00e9e et sanitaire<\/h3>\n\n\n\n<p style=\"padding-right:var(--wp--preset--spacing--30);padding-left:var(--wp--preset--spacing--30)\">La Roumanie, membre de l\u2019Union europ\u00e9enne, permet aux citoyens fran\u00e7ais de s\u00e9journer jusqu&rsquo;\u00e0 90 jours sans visa, munis d&rsquo;un passeport ou d&rsquo;une <strong>carte d&rsquo;identit\u00e9 valide<\/strong> couvrant la dur\u00e9e du s\u00e9jour. <\/p>\n\n\n\n<p style=\"padding-right:var(--wp--preset--spacing--30);padding-left:var(--wp--preset--spacing--30)\">Aucune vaccination sp\u00e9cifique n&rsquo;est requise, mais une assurance voyage est recommand\u00e9e. <\/p>\n\n\n\n<p style=\"padding-right:var(--wp--preset--spacing--30);padding-left:var(--wp--preset--spacing--30)\">Les mineurs voyageant seuls ou avec un seul parent doivent pr\u00e9senter une autorisation de sortie du territoire.<\/p>\n\n\n\n<p class=\"has-text-align-center\"><a href=\"https:\/\/www.diplomatie.gouv.fr\/fr\/conseils-aux-voyageurs\/conseils-par-pays-destination\/roumanie\/\" data-type=\"link\" data-id=\"https:\/\/www.diplomatie.gouv.fr\/fr\/conseils-aux-voyageurs\/conseils-par-pays-destination\/roumanie\/\" target=\"_blank\" rel=\"noreferrer noopener\">Diplomatie.gov \/Conseils aux Voyageurs \/La Roumanie<\/a><\/p>\n<\/div>\n\n\n\n<div id=\"wp-block-themeisle-blocks-advanced-column-f9b13965\" class=\"wp-block-themeisle-blocks-advanced-column\">\n<h3 class=\"wp-block-heading\">Bref aper\u00e7u de l&rsquo;histoire<\/h3>\n\n\n\n<p style=\"padding-right:var(--wp--preset--spacing--30);padding-left:var(--wp--preset--spacing--30)\">La Roumanie poss\u00e8de une histoire riche, marqu\u00e9e par <strong>les Daces<\/strong>, anc\u00eatres du pays, conquis par Rome au IIe si\u00e8cle. <\/p>\n\n\n\n<p style=\"padding-right:var(--wp--preset--spacing--30);padding-left:var(--wp--preset--spacing--30)\">Apr\u00e8s des si\u00e8cles sous <strong>influence ottomane<\/strong>, les principaut\u00e9s de Valachie et de Moldavie s\u2019unissent en 1859, formant la Roumanie moderne. <\/p>\n\n\n\n<p style=\"padding-right:var(--wp--preset--spacing--30);padding-left:var(--wp--preset--spacing--30)\"><strong>Ind\u00e9pendante en 1877<\/strong>, elle traverse deux guerres mondiales et le r\u00e9gime communiste avant de devenir une d\u00e9mocratie en 1989. <\/p>\n\n\n\n<p style=\"padding-right:var(--wp--preset--spacing--30);padding-left:var(--wp--preset--spacing--30)\">Aujourd\u2019hui, elle est membre de l\u2019Union europ\u00e9enne depuis 2007.<\/p>\n\n\n\n<p class=\"has-text-align-center\"><a href=\"https:\/\/www.larousse.fr\/encyclopedie\/divers\/Roumanie_histoire\/186037\" data-type=\"link\" data-id=\"https:\/\/www.larousse.fr\/encyclopedie\/divers\/Roumanie_histoire\/186037\" target=\"_blank\" rel=\"noreferrer noopener\">Larousse.fr \/ Roumanie : histoire<\/a><\/p>\n<\/div>\n<\/div><\/div>\n\n\n\n<div id=\"wp-block-themeisle-blocks-advanced-columns-882bac18\" class=\"wp-block-themeisle-blocks-advanced-columns has-2-columns has-desktop-equal-layout has-tablet-equal-layout has-mobile-collapsedRows-layout has-vertical-unset\"><div class=\"wp-block-themeisle-blocks-advanced-columns-overlay\"><\/div><div class=\"innerblocks-wrap\">\n<div id=\"wp-block-themeisle-blocks-advanced-column-1b0f933d\" class=\"wp-block-themeisle-blocks-advanced-column\"><div class=\"wp-block-image\">\n<figure class=\"aligncenter size-full is-resized has-custom-border\"><img alt=\"\" loading=\"lazy\" decoding=\"async\" width=\"1024\" height=\"1024\" src=\"https:\/\/horizonaventures.net\/wp-content\/uploads\/2025\/03\/e072cf27-8a7b-4ed2-a941-b41db6aa4d01.png\" alt=\"\" class=\"wp-image-2388\" style=\"border-width:1px;border-radius:10px;width:464px;height:auto\" srcset=\"https:\/\/horizonaventures.net\/wp-content\/uploads\/2025\/03\/e072cf27-8a7b-4ed2-a941-b41db6aa4d01.png 1024w, https:\/\/horizonaventures.net\/wp-content\/uploads\/2025\/03\/e072cf27-8a7b-4ed2-a941-b41db6aa4d01-300x300.png 300w, https:\/\/horizonaventures.net\/wp-content\/uploads\/2025\/03\/e072cf27-8a7b-4ed2-a941-b41db6aa4d01-150x150.png 150w, https:\/\/horizonaventures.net\/wp-content\/uploads\/2025\/03\/e072cf27-8a7b-4ed2-a941-b41db6aa4d01-768x768.png 768w\" sizes=\"auto, (max-width: 1024px) 100vw, 1024px\" \/><\/figure>\n<\/div><\/div>\n\n\n\n<div id=\"wp-block-themeisle-blocks-advanced-column-95f150b0\" class=\"wp-block-themeisle-blocks-advanced-column\">\n<h3 class=\"wp-block-heading\"><a href=\"https:\/\/horizonaventures.net\/?p=2352&amp;preview=true&amp;_thumbnail_id=2355#:~:text=R%C3%A9gion%20de%20Riyad%20%3A%20Entre%20Modernit%C3%A9%20et%20Histoire%20du%20Najd\">Le Ch\u00e2teau de Bran : Mythe et R\u00e9alit\u00e9 de Dracula<\/a><\/h3>\n\n\n\n<p><strong>Le ch\u00e2teau de Bran<\/strong>, perch\u00e9 sur un \u00e9peron rocheux en <strong>Transylvanie<\/strong>, est l\u2019un des sites les plus fascinants de Roumanie. <\/p>\n\n\n\n<p>Souvent li\u00e9 \u00e0 la l\u00e9gende de Dracula, il inspire l\u2019imaginaire collectif, bien que <strong>Vlad l\u2019Empaleur<\/strong> n\u2019y ait jamais r\u00e9ellement v\u00e9cu. <\/p>\n\n\n\n<p>Son architecture gothique et son atmosph\u00e8re myst\u00e9rieuse en font <strong>une \u00e9tape incontournable<\/strong> pour les amateurs d\u2019histoire et de folklore vampirique.<\/p>\n<\/div>\n<\/div><\/div>\n\n\n\n<div id=\"wp-block-themeisle-blocks-advanced-columns-6227b991\" class=\"wp-block-themeisle-blocks-advanced-columns has-3-columns has-desktop-equal-layout has-tablet-equal-layout has-mobile-collapsedRows-layout has-vertical-unset\"><div class=\"wp-block-themeisle-blocks-advanced-columns-overlay\"><\/div><div class=\"innerblocks-wrap\">\n<div id=\"wp-block-themeisle-blocks-advanced-column-ea8e9bc6\" class=\"wp-block-themeisle-blocks-advanced-column\">\n<h3 class=\"wp-block-heading\">Transylvanie : Terre de L\u00e9gendes et d\u2019Histoire<\/h3>\n\n\n\n<p style=\"padding-right:var(--wp--preset--spacing--30);padding-left:var(--wp--preset--spacing--30)\">La <strong>Transylvanie<\/strong>, r\u00e9gion mythique de Roumanie, s\u00e9duit par ses <strong>ch\u00e2teaux m\u00e9di\u00e9vaux<\/strong>, ses <strong>villes fortifi\u00e9es<\/strong> et ses <strong>paysages enchanteurs<\/strong>. <\/p>\n\n\n\n<p style=\"padding-right:var(--wp--preset--spacing--30);padding-left:var(--wp--preset--spacing--30)\">De <strong>Bra\u0219ov<\/strong> \u00e0 <strong>Sibiu<\/strong>, en passant par <strong>Sighi\u0219oara<\/strong>, chaque cit\u00e9 d\u00e9voile un riche pass\u00e9 saxon. <\/p>\n\n\n\n<p style=\"padding-right:var(--wp--preset--spacing--30);padding-left:var(--wp--preset--spacing--30)\">Le <strong>Ch\u00e2teau de Bran<\/strong>, associ\u00e9 \u00e0 Dracula, et le <strong>Ch\u00e2teau de Corvin<\/strong> ajoutent une touche mystique. <\/p>\n\n\n\n<p style=\"padding-right:var(--wp--preset--spacing--30);padding-left:var(--wp--preset--spacing--30)\">Entre <strong>randonn\u00e9es dans les Carpates<\/strong> et festivals m\u00e9di\u00e9vaux, c\u2019est une destination incontournable.<\/p>\n<\/div>\n\n\n\n<div id=\"wp-block-themeisle-blocks-advanced-column-09fc5516\" class=\"wp-block-themeisle-blocks-advanced-column\">\n<h3 class=\"wp-block-heading has-neve-link-color-color has-text-color has-link-color wp-elements-3c3a50380558556bef8944cbea7fd16f\">Bucovine &amp; Moldavie : Tr\u00e9sors Spirituels et Terroir Authentique<\/h3>\n\n\n\n<p style=\"padding-right:var(--wp--preset--spacing--30);padding-left:var(--wp--preset--spacing--30)\">La <strong>Bucovine<\/strong> et la <strong>Moldavie<\/strong> roumaine fascinent par leurs <strong>monast\u00e8res peints<\/strong> class\u00e9s \u00e0 l\u2019UNESCO, comme <strong>Vorone\u021b<\/strong> et <strong>Putna<\/strong>, chefs-d\u2019\u0153uvre de l\u2019art orthodoxe. <\/p>\n\n\n\n<p style=\"padding-right:var(--wp--preset--spacing--30);padding-left:var(--wp--preset--spacing--30)\">\u00c0 <strong>Suceava<\/strong> et <strong>Ia\u0219i<\/strong>, l\u2019histoire et la spiritualit\u00e9 se m\u00ealent harmonieusement. <\/p>\n\n\n\n<p style=\"padding-right:var(--wp--preset--spacing--30);padding-left:var(--wp--preset--spacing--30)\">La r\u00e9gion est aussi r\u00e9put\u00e9e pour ses <strong>vignobles de Cotnari<\/strong>, produisant des vins renomm\u00e9s. <\/p>\n\n\n\n<p style=\"padding-right:var(--wp--preset--spacing--30);padding-left:var(--wp--preset--spacing--30)\">Entre nature pr\u00e9serv\u00e9e et traditions ancestrales, c\u2019est une destination riche en d\u00e9couvertes culturelles.<\/p>\n<\/div>\n\n\n\n<div id=\"wp-block-themeisle-blocks-advanced-column-2b90f083\" class=\"wp-block-themeisle-blocks-advanced-column\">\n<h3 class=\"wp-block-heading has-neve-link-color-color has-text-color has-link-color wp-elements-b2de67bf22d327523dc241b632d1f17b\" style=\"padding-right:var(--wp--preset--spacing--30);padding-left:var(--wp--preset--spacing--30)\">Valachie : Entre Histoire, Nature et Modernit\u00e9<\/h3>\n\n\n\n<p>Berceau de la Roumanie moderne, la <strong>Valachie<\/strong> allie dynamisme urbain et paysages montagneux. <\/p>\n\n\n\n<p><strong>Bucarest<\/strong>, sa capitale, s\u00e9duit par ses <strong>mus\u00e9es, sa vie nocturne et son architecture \u00e9clectique<\/strong>. <\/p>\n\n\n\n<p>Nich\u00e9 au c\u0153ur des <strong>Carpates<\/strong>, le somptueux <strong>Ch\u00e2teau de Pele\u0219<\/strong> \u00e9voque la grandeur royale. <\/p>\n\n\n\n<p>Le <strong>Parc naturel Bucegi<\/strong> offre des randonn\u00e9es spectaculaires et des <strong>stations de ski<\/strong> pris\u00e9es en hiver. <\/p>\n\n\n\n<p>Un m\u00e9lange parfait entre culture et nature.<\/p>\n<\/div>\n<\/div><\/div>\n\n\n\n<div id=\"wp-block-themeisle-blocks-advanced-columns-a681780f\" class=\"wp-block-themeisle-blocks-advanced-columns has-2-columns has-desktop-equal-layout has-tablet-equal-layout has-mobile-collapsedRows-layout has-vertical-unset\"><div class=\"wp-block-themeisle-blocks-advanced-columns-overlay\"><\/div><div class=\"innerblocks-wrap\">\n<div id=\"wp-block-themeisle-blocks-advanced-column-ba89297b\" class=\"wp-block-themeisle-blocks-advanced-column\"><div class=\"wp-block-image\">\n<figure class=\"aligncenter size-full is-resized has-custom-border\"><img alt=\"\" loading=\"lazy\" decoding=\"async\" width=\"1024\" height=\"1024\" src=\"https:\/\/horizonaventures.net\/wp-content\/uploads\/2025\/03\/75ea670d-a557-48c8-aaeb-1e50afd11dc3.png\" alt=\"\" class=\"wp-image-2390\" style=\"border-width:1px;border-radius:10px;width:426px;height:auto\" srcset=\"https:\/\/horizonaventures.net\/wp-content\/uploads\/2025\/03\/75ea670d-a557-48c8-aaeb-1e50afd11dc3.png 1024w, https:\/\/horizonaventures.net\/wp-content\/uploads\/2025\/03\/75ea670d-a557-48c8-aaeb-1e50afd11dc3-300x300.png 300w, https:\/\/horizonaventures.net\/wp-content\/uploads\/2025\/03\/75ea670d-a557-48c8-aaeb-1e50afd11dc3-150x150.png 150w, https:\/\/horizonaventures.net\/wp-content\/uploads\/2025\/03\/75ea670d-a557-48c8-aaeb-1e50afd11dc3-768x768.png 768w\" sizes=\"auto, (max-width: 1024px) 100vw, 1024px\" \/><\/figure>\n<\/div><\/div>\n\n\n\n<div id=\"wp-block-themeisle-blocks-advanced-column-9edb120d\" class=\"wp-block-themeisle-blocks-advanced-column\">\n<h3 class=\"wp-block-heading\">Delta du Danube &amp; Dobroudja : Entre Nature Sauvage et H\u00e9ritage Antique<\/h3>\n\n\n\n<p>R\u00e9gion unique en Europe, le <strong>Delta du Danube<\/strong> est un paradis pour les amoureux de la nature, avec une <strong>biodiversit\u00e9 exceptionnelle<\/strong> et des milliers d\u2019oiseaux migrateurs. <\/p>\n\n\n\n<p>Depuis <strong>Tulcea<\/strong>, explorez ses canaux pr\u00e9serv\u00e9s. <\/p>\n\n\n\n<p>Plus au sud, <strong>Constan\u021ba<\/strong>, sur la <strong>mer Noire<\/strong>, d\u00e9voile ses <strong>plages et vestiges gr\u00e9co-romains<\/strong>. <\/p>\n\n\n\n<p>Entre <strong>\u00e9cotourisme et patrimoine<\/strong>, cette destination offre une immersion inoubliable entre terre et eau.<\/p>\n<\/div>\n<\/div><\/div>\n\n\n\n<div id=\"wp-block-themeisle-blocks-advanced-columns-66e9d595\" class=\"wp-block-themeisle-blocks-advanced-columns has-3-columns has-desktop-equal-layout has-tablet-equal-layout has-mobile-collapsedRows-layout has-vertical-unset\"><div class=\"wp-block-themeisle-blocks-advanced-columns-overlay\"><\/div><div class=\"innerblocks-wrap\">\n<div id=\"wp-block-themeisle-blocks-advanced-column-606136a1\" class=\"wp-block-themeisle-blocks-advanced-column\">\n<h3 class=\"wp-block-heading\">Maramure\u0219 : Un Voyage dans le Temps et les Traditions<\/h3>\n\n\n\n<p style=\"padding-right:var(--wp--preset--spacing--30);padding-left:var(--wp--preset--spacing--30)\">R\u00e9gion authentique et pr\u00e9serv\u00e9e, le <strong>Maramure\u0219<\/strong> est le <strong>c\u0153ur des traditions roumaines<\/strong>. <\/p>\n\n\n\n<p style=\"padding-right:var(--wp--preset--spacing--30);padding-left:var(--wp--preset--spacing--30)\">Ses villages pittoresques, ses maisons en bois sculpt\u00e9 et <strong>ses \u00e9glises en bois class\u00e9es \u00e0 l\u2019UNESCO<\/strong> t\u00e9moignent d\u2019un mode de vie ancestral. <\/p>\n\n\n\n<p style=\"padding-right:var(--wp--preset--spacing--30);padding-left:var(--wp--preset--spacing--30)\">\u00c0 <strong>S\u0103p\u00e2n\u021ba<\/strong>, le c\u00e9l\u00e8bre <strong>Cimeti\u00e8re joyeux<\/strong> \u00e9tonne par ses \u00e9pitaphes color\u00e9es. <\/p>\n\n\n\n<p style=\"padding-right:var(--wp--preset--spacing--30);padding-left:var(--wp--preset--spacing--30)\">Entre festivals folkloriques, artisanat et hospitalit\u00e9 chaleureuse, le Maramure\u0219 est une plong\u00e9e vivante dans l\u2019\u00e2me roumaine.<\/p>\n<\/div>\n\n\n\n<div id=\"wp-block-themeisle-blocks-advanced-column-1e8ccb9a\" class=\"wp-block-themeisle-blocks-advanced-column\"><div class=\"wp-block-image\">\n<figure class=\"aligncenter size-full is-resized has-custom-border\"><img alt=\"\" loading=\"lazy\" decoding=\"async\" width=\"576\" height=\"1024\" src=\"https:\/\/horizonaventures.net\/wp-content\/uploads\/2025\/03\/102c1556-b185-49b5-9a88-0625184626b5-edited.png\" alt=\"\" class=\"wp-image-2392\" style=\"border-width:1px;border-radius:10px;width:322px;height:auto\" srcset=\"https:\/\/horizonaventures.net\/wp-content\/uploads\/2025\/03\/102c1556-b185-49b5-9a88-0625184626b5-edited.png 576w, https:\/\/horizonaventures.net\/wp-content\/uploads\/2025\/03\/102c1556-b185-49b5-9a88-0625184626b5-edited-169x300.png 169w\" sizes=\"auto, (max-width: 576px) 100vw, 576px\" \/><\/figure>\n<\/div><\/div>\n\n\n\n<div id=\"wp-block-themeisle-blocks-advanced-column-d3a048b0\" class=\"wp-block-themeisle-blocks-advanced-column\">\n<h3 class=\"wp-block-heading\" style=\"padding-right:var(--wp--preset--spacing--30);padding-left:var(--wp--preset--spacing--30)\">Banat &amp; Cri\u0219ana : Un M\u00e9lange d\u2019Histoire et d\u2019\u00c9l\u00e9gance<\/h3>\n\n\n\n<p style=\"padding-right:var(--wp--preset--spacing--30);padding-left:var(--wp--preset--spacing--30)\">R\u00e9gions aux <strong>influences austro-hongroises<\/strong>, le <strong>Banat<\/strong> et la <strong>Cri\u0219ana<\/strong> s\u00e9duisent par leur <strong>architecture \u00e9l\u00e9gante<\/strong> et leur dynamisme culturel. <\/p>\n\n\n\n<p style=\"padding-right:var(--wp--preset--spacing--30);padding-left:var(--wp--preset--spacing--30)\"><strong>Timi\u0219oara<\/strong>, ville europ\u00e9enne de la culture 2023, enchante par ses places baroques et son histoire r\u00e9volutionnaire. <\/p>\n\n\n\n<p style=\"padding-right:var(--wp--preset--spacing--30);padding-left:var(--wp--preset--spacing--30)\"><strong>Oradea<\/strong> et <strong>Arad<\/strong> d\u00e9voilent des joyaux Belle \u00c9poque. <\/p>\n\n\n\n<p style=\"padding-right:var(--wp--preset--spacing--30);padding-left:var(--wp--preset--spacing--30)\">Entre <strong>thermes naturelles, festivals et patrimoine multiculturel<\/strong>, cette destination raffin\u00e9e offre une Roumanie au charme r\u00e9solument occidental.<\/p>\n<\/div>\n<\/div><\/div>\n\n\n\n<div id=\"wp-block-themeisle-blocks-advanced-columns-27429f28\" class=\"wp-block-themeisle-blocks-advanced-columns has-2-columns has-desktop-equal-layout has-tablet-equal-layout has-mobile-collapsedRows-layout has-vertical-unset\"><div class=\"wp-block-themeisle-blocks-advanced-columns-overlay\"><\/div><div class=\"innerblocks-wrap\">\n<div id=\"wp-block-themeisle-blocks-advanced-column-123dd03b\" class=\"wp-block-themeisle-blocks-advanced-column\"><div class=\"wp-block-image\">\n<figure class=\"aligncenter size-full is-resized has-custom-border\"><img alt=\"\" loading=\"lazy\" decoding=\"async\" width=\"1024\" height=\"1024\" src=\"https:\/\/horizonaventures.net\/wp-content\/uploads\/2025\/03\/258f0b6d-756a-49e6-9788-f4f26ca2713e.png\" alt=\"\" class=\"wp-image-2395\" style=\"border-width:1px;border-radius:10px;width:451px;height:auto\" srcset=\"https:\/\/horizonaventures.net\/wp-content\/uploads\/2025\/03\/258f0b6d-756a-49e6-9788-f4f26ca2713e.png 1024w, https:\/\/horizonaventures.net\/wp-content\/uploads\/2025\/03\/258f0b6d-756a-49e6-9788-f4f26ca2713e-300x300.png 300w, https:\/\/horizonaventures.net\/wp-content\/uploads\/2025\/03\/258f0b6d-756a-49e6-9788-f4f26ca2713e-150x150.png 150w, https:\/\/horizonaventures.net\/wp-content\/uploads\/2025\/03\/258f0b6d-756a-49e6-9788-f4f26ca2713e-768x768.png 768w\" sizes=\"auto, (max-width: 1024px) 100vw, 1024px\" \/><\/figure>\n<\/div><\/div>\n\n\n\n<div id=\"wp-block-themeisle-blocks-advanced-column-865cad4c\" class=\"wp-block-themeisle-blocks-advanced-column\">\n<h3 class=\"wp-block-heading\">Le Palais du Parlement de Bucarest : Un G\u00e9ant de Pierre<\/h3>\n\n\n\n<p>Symbole du pouvoir et de la d\u00e9mesure, le <strong>Palais du Parlement<\/strong> \u00e0 Bucarest est <strong>le plus grand b\u00e2timent administratif d\u2019Europe<\/strong> et le second au monde apr\u00e8s le Pentagone. <\/p>\n\n\n\n<p>Construit sous <strong>le r\u00e9gime de Ceau\u0219escu<\/strong>, il impressionne par ses dimensions colossales et son architecture n\u00e9oclassique. <\/p>\n\n\n\n<p>Avec plus de 1 000 pi\u00e8ces et des tonnes de marbre, c\u2019est un incontournable pour d\u00e9couvrir l\u2019histoire r\u00e9cente de la Roumanie.<\/p>\n<\/div>\n<\/div><\/div>\n\n\n\n<div id=\"wp-block-themeisle-blocks-advanced-columns-e9890834\" class=\"wp-block-themeisle-blocks-advanced-columns has-2-columns has-desktop-equal-layout has-tablet-equal-layout has-mobile-collapsedRows-layout has-vertical-unset\"><div class=\"wp-block-themeisle-blocks-advanced-columns-overlay\"><\/div><div class=\"innerblocks-wrap\">\n<div id=\"wp-block-themeisle-blocks-advanced-column-845c2715\" class=\"wp-block-themeisle-blocks-advanced-column\">\n<h3 class=\"wp-block-heading\">Le Leu Roumain<\/h3>\n\n\n\n<p>Bien que membre de l\u2019Union europ\u00e9enne, la Roumanie utilise le <strong>leu roumain (RON)<\/strong> comme devise officielle. <\/p>\n\n\n\n<p>Si les grandes villes acceptent les paiements par carte et parfois en euros, ce n\u2019est pas le cas partout. <\/p>\n\n\n\n<p>Dans les zones rurales et certains commerces locaux, il est pr\u00e9f\u00e9rable d\u2019avoir des <strong>esp\u00e8ces en leu<\/strong>. <\/p>\n\n\n\n<p>Pensez \u00e0 retirer de l\u2019argent \u00e0 votre arriv\u00e9e pour \u00e9viter toute mauvaise surprise.<\/p>\n<\/div>\n\n\n\n<div id=\"wp-block-themeisle-blocks-advanced-column-dd054a44\" class=\"wp-block-themeisle-blocks-advanced-column\"><div class=\"wp-block-image\">\n<figure class=\"aligncenter size-full is-resized has-custom-border\"><img alt=\"\" loading=\"lazy\" decoding=\"async\" width=\"1024\" height=\"1024\" src=\"https:\/\/horizonaventures.net\/wp-content\/uploads\/2025\/03\/3e433181-dec8-47dd-a00c-be7d2ddeae55.png\" alt=\"\" class=\"wp-image-2397\" style=\"border-width:1px;border-radius:10px;width:457px;height:auto\" srcset=\"https:\/\/horizonaventures.net\/wp-content\/uploads\/2025\/03\/3e433181-dec8-47dd-a00c-be7d2ddeae55.png 1024w, https:\/\/horizonaventures.net\/wp-content\/uploads\/2025\/03\/3e433181-dec8-47dd-a00c-be7d2ddeae55-300x300.png 300w, https:\/\/horizonaventures.net\/wp-content\/uploads\/2025\/03\/3e433181-dec8-47dd-a00c-be7d2ddeae55-150x150.png 150w, https:\/\/horizonaventures.net\/wp-content\/uploads\/2025\/03\/3e433181-dec8-47dd-a00c-be7d2ddeae55-768x768.png 768w\" sizes=\"auto, (max-width: 1024px) 100vw, 1024px\" \/><\/figure>\n<\/div><\/div>\n<\/div><\/div>\n\n\n\n<div id=\"wp-block-themeisle-blocks-advanced-columns-93924741\" class=\"wp-block-themeisle-blocks-advanced-columns has-3-columns has-desktop-equal-layout has-tablet-equal-layout has-mobile-collapsedRows-layout has-vertical-unset\"><div class=\"wp-block-themeisle-blocks-advanced-columns-overlay\"><\/div><div class=\"innerblocks-wrap\">\n<div id=\"wp-block-themeisle-blocks-advanced-column-4b7b6fb9\" class=\"wp-block-themeisle-blocks-advanced-column\">\n<h3 class=\"wp-block-heading\">Se D\u00e9placer en Roumanie : Train ou Voiture ?<\/h3>\n\n\n\n<p>Le <strong>r\u00e9seau ferroviaire roumain<\/strong> est abordable et bien d\u00e9velopp\u00e9, id\u00e9al pour relier les grandes villes. <\/p>\n\n\n\n<p>Cependant, les trains sont souvent <strong>lents<\/strong> et peuvent ne pas convenir aux courts s\u00e9jours. <\/p>\n\n\n\n<p>Pour explorer les <strong>r\u00e9gions rurales et les sites isol\u00e9s<\/strong>, la <strong>voiture<\/strong> reste la meilleure option, offrant <strong>plus de flexibilit\u00e9<\/strong>. <\/p>\n\n\n\n<p>Louer un v\u00e9hicule permet d\u2019acc\u00e9der aux tr\u00e9sors cach\u00e9s du pays \u00e0 votre rythme.<\/p>\n\n\n\n<h3 class=\"wp-block-heading\">Une Destination en Plein Essor<\/h3>\n\n\n\n<p>Chaque ann\u00e9e, la Roumanie attire environ <strong>13 millions de visiteurs<\/strong>, s\u00e9duits par ses paysages vari\u00e9s, ses ch\u00e2teaux m\u00e9di\u00e9vaux et ses monast\u00e8res class\u00e9s \u00e0 l\u2019UNESCO. <\/p>\n\n\n\n<p><strong>Bucarest, la Transylvanie<\/strong> et le <strong>Delta du Danube<\/strong> figurent parmi les destinations phares. <\/p>\n\n\n\n<p>Le tourisme conna\u00eet une croissance constante, avec une augmentation des infrastructures et <strong>des offres d\u2019\u00e9cotourisme<\/strong>, attirant de plus en plus de voyageurs en qu\u00eate d\u2019authenticit\u00e9.<\/p>\n\n\n<div class=\"is-default-size aligncenter wp-block-site-logo\"><a href=\"https:\/\/horizonaventures.net\/\" class=\"custom-logo-link\" rel=\"home\"><img loading=\"lazy\" decoding=\"async\" width=\"500\" height=\"353\" src=\"https:\/\/horizonaventures.net\/wp-content\/uploads\/2024\/02\/cropped-Envie_d_horizonLogo.png\" class=\"custom-logo\" alt=\"Logo Envie d&#039;horizon\" srcset=\"https:\/\/horizonaventures.net\/wp-content\/uploads\/2024\/02\/cropped-Envie_d_horizonLogo.png 500w, https:\/\/horizonaventures.net\/wp-content\/uploads\/2024\/02\/cropped-Envie_d_horizonLogo-300x212.png 300w\" sizes=\"auto, (max-width: 500px) 100vw, 500px\" \/><\/a><\/div><\/div>\n\n\n\n<div id=\"wp-block-themeisle-blocks-advanced-column-1e7ee8ea\" class=\"wp-block-themeisle-blocks-advanced-column\">\n<h3 class=\"wp-block-heading has-neve-link-color-color has-text-color has-link-color wp-elements-e5cf321a221faf9d57e0f4f444833b7e\">Carnet de voyage<\/h3>\n\n\n\n<p class=\"has-text-align-center\" style=\"padding-right:var(--wp--preset--spacing--30);padding-left:var(--wp--preset--spacing--30)\"><strong>Tr\u00e9sors Cach\u00e9s de Roumanie : Un Voyage Entre Histoire et Aventure<\/strong><\/p>\n\n\n\n<p>Plongez au c\u0153ur de la <strong>Roumanie authentique<\/strong> avec ce circuit \u00e9quilibr\u00e9 de <strong>10 jours<\/strong>, m\u00ealant <strong>sites incontournables, paysages spectaculaires et d\u00e9couvertes hors des sentiers battus<\/strong>. <\/p>\n\n\n\n<p>De <strong>Bucarest<\/strong>, la capitale vibrante, aux <strong>ch\u00e2teaux l\u00e9gendaires de Transylvanie<\/strong>, en passant par les <strong>monast\u00e8res peints de Bucovine<\/strong> et la <strong>nature sauvage du Delta du Danube<\/strong>, chaque \u00e9tape vous d\u00e9voilera un pan fascinant du patrimoine roumain. <\/p>\n\n\n\n<p>Vous explorerez \u00e9galement des <strong>villages traditionnels du Maramure\u0219<\/strong>, o\u00f9 le temps semble s\u2019\u00eatre arr\u00eat\u00e9, et go\u00fbterez \u00e0 l\u2019hospitalit\u00e9 chaleureuse des habitants.<\/p>\n\n\n\n<p>Ce voyage est une <strong>invitation \u00e0 la d\u00e9couverte<\/strong>, o\u00f9 se m\u00ealent <strong>culture, aventure et \u00e9merveillement<\/strong>. <\/p>\n\n\n\n<p>Vous randonnerez dans les <strong>Carpates<\/strong>, naviguerez sur les eaux paisibles du <strong>Danube<\/strong>, et marcherez dans les ruelles pav\u00e9es de <strong>villes m\u00e9di\u00e9vales class\u00e9es \u00e0 l\u2019UNESCO<\/strong>. <\/p>\n\n\n\n<p>Avec un <strong>accompagnement francophone<\/strong>, des h\u00e9bergements de charme et des exp\u00e9riences immersives, ce circuit est con\u00e7u pour vous offrir une <strong>exp\u00e9rience authentique et inoubliable<\/strong> de la Roumanie.<\/p>\n<\/div>\n\n\n\n<div id=\"wp-block-themeisle-blocks-advanced-column-88778da4\" class=\"wp-block-themeisle-blocks-advanced-column\">\n<h4 class=\"wp-block-heading has-text-align-center\">Envisagez-vous de voyager en Roumanie ?<\/h4>\n\n\n\n<p style=\"padding-right:var(--wp--preset--spacing--30);padding-left:var(--wp--preset--spacing--30)\">Rejoignez la Communaut\u00e9 Envie d&rsquo;Horizon ! Abonnez-vous \u00e0 <a href=\"https:\/\/www.youtube.com\/@EnviedHorizon\" data-type=\"link\" data-id=\"https:\/\/www.youtube.com\/@EnviedHorizon\" target=\"_blank\" rel=\"noreferrer noopener\"><strong>notre cha\u00eene YouTube <\/strong><\/a>pour d\u00e9couvrir des vid\u00e9os captivantes sur des destinations du monde entier. Ne manquez aucune des derni\u00e8res actualit\u00e9s en nous suivant sur <a href=\"https:\/\/horizonaventures.net\/index.php\/582c1-blogger-gb-contact\/\" data-type=\"link\" data-id=\"https:\/\/horizonaventures.net\/index.php\/582c1-blogger-gb-contact\/\" target=\"_blank\" rel=\"noreferrer noopener\"><strong>nos r\u00e9seaux sociaux<\/strong><\/a>. Votre avis est important pour nous ! N&rsquo;h\u00e9sitez pas \u00e0 laisser un commentaire ou \u00e0 nous contacter directement via notre<strong> <a href=\"https:\/\/horizonaventures.net\/index.php\/582c1-blogger-gb-contact\/\" data-type=\"link\" data-id=\"https:\/\/horizonaventures.net\/index.php\/582c1-blogger-gb-contact\/\" target=\"_blank\" rel=\"noreferrer noopener\">page de contact.<\/a><\/strong><\/p>\n\n\n<div class=\"wp-block-image\">\n<figure class=\"aligncenter size-full is-resized has-custom-border\"><img alt=\"\" loading=\"lazy\" decoding=\"async\" width=\"332\" height=\"480\" src=\"https:\/\/horizonaventures.net\/wp-content\/uploads\/2025\/03\/TresorsRoumanie.gif\" alt=\"\" class=\"wp-image-2393\" style=\"border-width:1px;border-radius:10px;width:332px;height:auto\"\/><\/figure>\n<\/div>\n\n\n<p style=\"padding-right:var(--wp--preset--spacing--30);padding-left:var(--wp--preset--spacing--30)\">Le carnet de voyage, intitul\u00e9 <strong><strong>Tr\u00e9sors Cach\u00e9s de Roumanie : Un Voyage Entre Histoire et Aventure<\/strong><\/strong>, est actuellement en cours de \u00e9criture et n\u2019est donc pas disponible pour le moment.<\/p>\n\n\n\n<p style=\"padding-right:var(--wp--preset--spacing--30);padding-left:var(--wp--preset--spacing--30)\">Toutefois, si vous \u00eates int\u00e9ress\u00e9 par sa publication ult\u00e9rieure, n\u2019h\u00e9sitez pas \u00e0 nous le faire savoir.<\/p>\n\n\n\n<p class=\"has-text-align-center has-small-font-size\"><a href=\"https:\/\/horizonaventures.net\/index.php\/2024\/11\/28\/carnets-de-voyage-france\/\" data-type=\"link\" data-id=\"https:\/\/horizonaventures.net\/index.php\/2024\/11\/28\/carnets-de-voyage-france\/\">Page d\u00e9di\u00e9e au carnet de voyage sur la Roumanie<\/a><\/p>\n<\/div>\n<\/div><\/div>\n\n\n\n<h4 class=\"wp-block-heading has-text-align-center\" style=\"padding-top:var(--wp--preset--spacing--40);padding-bottom:var(--wp--preset--spacing--40)\">Partons ensemble \u00e0 la d\u00e9couverte du pays de Dracula et cr\u00e9ons des souvenirs inoubliables !<\/h4>\n","protected":false},"excerpt":{"rendered":"<p>La Roumanie, joyau d\u2019Europe de l\u2019Est, s\u00e9duit par ses paysages vari\u00e9s, entre les Carpates sauvages, la mer Noire et le delta du Danube. Son riche patrimoine m\u00eale ch\u00e2teaux m\u00e9di\u00e9vaux, monast\u00e8res peints et villes charmantes comme Brasov ou Sibiu. Terre de l\u00e9gendes, elle invite \u00e0 explorer la myst\u00e9rieuse Transylvanie et ses traditions vivantes. Gastronomie savoureuse et hospitalit\u00e9 chaleureuse compl\u00e8tent ce voyage authentique et inoubliable.<\/p>\n","protected":false},"author":1,"featured_media":2378,"comment_status":"closed","ping_status":"open","sticky":false,"template":"","format":"standard","meta":{"_seopress_robots_primary_cat":"","_seopress_titles_title":"","_seopress_titles_desc":"","_seopress_robots_index":"","neve_meta_sidebar":"","neve_meta_container":"","neve_meta_enable_content_width":"","neve_meta_content_width":0,"neve_meta_title_alignment":"","neve_meta_author_avatar":"","neve_post_elements_order":"","neve_meta_disable_header":"","neve_meta_disable_footer":"","neve_meta_disable_title":"","_themeisle_gutenberg_block_has_review":false,"footnotes":""},"categories":[38,3,2],"tags":[39,64,33,11],"class_list":["post-2377","post","type-post","status-publish","format-standard","has-post-thumbnail","hentry","category-europe","category-geographie","category-le-monde","tag-europe","tag-leurope-oriental","tag-tourisme","tag-voyage"],"_links":{"self":[{"href":"https:\/\/horizonaventures.net\/index.php\/wp-json\/wp\/v2\/posts\/2377","targetHints":{"allow":["GET"]}}],"collection":[{"href":"https:\/\/horizonaventures.net\/index.php\/wp-json\/wp\/v2\/posts"}],"about":[{"href":"https:\/\/horizonaventures.net\/index.php\/wp-json\/wp\/v2\/types\/post"}],"author":[{"embeddable":true,"href":"https:\/\/horizonaventures.net\/index.php\/wp-json\/wp\/v2\/users\/1"}],"replies":[{"embeddable":true,"href":"https:\/\/horizonaventures.net\/index.php\/wp-json\/wp\/v2\/comments?post=2377"}],"version-history":[{"count":9,"href":"https:\/\/horizonaventures.net\/index.php\/wp-json\/wp\/v2\/posts\/2377\/revisions"}],"predecessor-version":[{"id":2398,"href":"https:\/\/horizonaventures.net\/index.php\/wp-json\/wp\/v2\/posts\/2377\/revisions\/2398"}],"wp:featuredmedia":[{"embeddable":true,"href":"https:\/\/horizonaventures.net\/index.php\/wp-json\/wp\/v2\/media\/2378"}],"wp:attachment":[{"href":"https:\/\/horizonaventures.net\/index.php\/wp-json\/wp\/v2\/media?parent=2377"}],"wp:term":[{"taxonomy":"category","embeddable":true,"href":"https:\/\/horizonaventures.net\/index.php\/wp-json\/wp\/v2\/categories?post=2377"},{"taxonomy":"post_tag","embeddable":true,"href":"https:\/\/horizonaventures.net\/index.php\/wp-json\/wp\/v2\/tags?post=2377"}],"curies":[{"name":"wp","href":"https:\/\/api.w.org\/{rel}","templated":true}]}}