{"id":2591,"date":"2025-04-23T21:10:49","date_gmt":"2025-04-23T19:10:49","guid":{"rendered":"https:\/\/horizonaventures.net\/?p=2591"},"modified":"2025-04-23T21:10:49","modified_gmt":"2025-04-23T19:10:49","slug":"le-cameroun","status":"publish","type":"post","link":"https:\/\/horizonaventures.net\/index.php\/2025\/04\/23\/le-cameroun\/","title":{"rendered":"Le Cameroun"},"content":{"rendered":"\n<div id=\"wp-block-themeisle-blocks-advanced-columns-3d41d521\" class=\"wp-block-themeisle-blocks-advanced-columns has-3-columns has-desktop-equal-layout has-tablet-equal-layout has-mobile-collapsedRows-layout has-vertical-unset\"><div class=\"wp-block-themeisle-blocks-advanced-columns-overlay\"><\/div><div class=\"innerblocks-wrap\">\n<div id=\"wp-block-themeisle-blocks-advanced-column-0484565e\" class=\"wp-block-themeisle-blocks-advanced-column\">\n<h2 class=\"wp-block-heading has-text-align-center\">la r\u00e9publique du Cameroun<\/h2>\n\n\n\n<p style=\"padding-right:var(--wp--preset--spacing--30);padding-left:var(--wp--preset--spacing--30)\"><strong>Le Cameroun, surnomm\u00e9 \u00ab\u00a0l&rsquo;Afrique en miniature\u00a0\u00bb, offre une diversit\u00e9 exceptionnelle de paysages et de cultures. <\/strong><\/p>\n\n\n\n<p style=\"padding-right:var(--wp--preset--spacing--30);padding-left:var(--wp--preset--spacing--30)\"><strong>Entre plages paradisiaques \u00e0 Kribi, ascension du Mont Cameroun, parcs nationaux comme Waza ou Korup, et sites historiques tels que Foumban ou Bimbia, les visiteurs d\u00e9couvrent une richesse naturelle et culturelle unique. <\/strong><\/p>\n\n\n\n<p style=\"padding-right:var(--wp--preset--spacing--30);padding-left:var(--wp--preset--spacing--30)\"><strong>Avec plus de 250 ethnies, le pays propose \u00e9galement des festivals traditionnels, une cuisine savoureuse et une hospitalit\u00e9 chaleureuse, faisant du Cameroun une destination incontournable en Afrique.<\/strong><\/p>\n\n\n<div class=\"is-default-size aligncenter wp-block-site-logo\"><a href=\"https:\/\/horizonaventures.net\/\" class=\"custom-logo-link\" rel=\"home\"><img loading=\"lazy\" decoding=\"async\" width=\"500\" height=\"353\" src=\"https:\/\/horizonaventures.net\/wp-content\/uploads\/2024\/02\/cropped-Envie_d_horizonLogo.png\" class=\"custom-logo\" alt=\"Logo Envie d&#039;horizon\" srcset=\"https:\/\/horizonaventures.net\/wp-content\/uploads\/2024\/02\/cropped-Envie_d_horizonLogo.png 500w, https:\/\/horizonaventures.net\/wp-content\/uploads\/2024\/02\/cropped-Envie_d_horizonLogo-300x212.png 300w\" sizes=\"auto, (max-width: 500px) 100vw, 500px\" \/><\/a><\/div>\n\n\n<p class=\"has-text-align-center\"><sup><sub>Derni\u00e8re mise \u00e0 jour : 23\/04\/2025<\/sub><\/sup><\/p>\n<\/div>\n\n\n\n<div id=\"wp-block-themeisle-blocks-advanced-column-e304bd52\" class=\"wp-block-themeisle-blocks-advanced-column\"><div class=\"wp-block-image\">\n<figure class=\"aligncenter size-full is-resized\"><img alt=\"\" loading=\"lazy\" decoding=\"async\" width=\"100\" height=\"100\" src=\"https:\/\/horizonaventures.net\/wp-content\/uploads\/2025\/04\/logo-1.png\" alt=\"\" class=\"wp-image-2595\" style=\"width:151px;height:auto\"\/><\/figure>\n<\/div>\n\n<div class=\"wp-block-image\">\n<figure class=\"aligncenter size-full is-resized has-custom-border\"><img alt=\"\" loading=\"lazy\" decoding=\"async\" width=\"576\" height=\"1024\" src=\"https:\/\/horizonaventures.net\/wp-content\/uploads\/2025\/04\/74b86074-76e1-46cf-bfa7-1f4e00b0193a-edited.png\" alt=\"\" class=\"wp-image-2597\" style=\"border-width:1px;border-radius:10px;width:333px;height:auto\" srcset=\"https:\/\/horizonaventures.net\/wp-content\/uploads\/2025\/04\/74b86074-76e1-46cf-bfa7-1f4e00b0193a-edited.png 576w, https:\/\/horizonaventures.net\/wp-content\/uploads\/2025\/04\/74b86074-76e1-46cf-bfa7-1f4e00b0193a-edited-169x300.png 169w\" sizes=\"auto, (max-width: 576px) 100vw, 576px\" \/><\/figure>\n<\/div><\/div>\n\n\n\n<div id=\"wp-block-themeisle-blocks-advanced-column-c35dfe14\" class=\"wp-block-themeisle-blocks-advanced-column\">\n<hr class=\"wp-block-separator has-alpha-channel-opacity\"\/>\n\n\n\n<p class=\"has-text-align-center\"><strong>Pays :<\/strong> la r\u00e9publique du Cameroun<br><strong>Region :<\/strong><a href=\"https:\/\/horizonaventures.net\/index.php\/2024\/08\/26\/lafrique-centrale\/\" data-type=\"link\" data-id=\"https:\/\/horizonaventures.net\/index.php\/2024\/08\/17\/afrique-australe-1\/\" target=\"_blank\" rel=\"noreferrer noopener\">L\u2019Afrique centrale<\/a><\/p>\n\n\n<div class=\"wp-block-image\">\n<figure class=\"aligncenter size-large is-resized has-custom-border\"><img decoding=\"async\" src=\"https:\/\/www.welt-flaggen.de\/data\/flags\/w580\/cm.webp\" alt=\"\" style=\"border-width:1px;border-radius:10px;width:154px;height:auto\"\/><\/figure>\n<\/div>\n\n\n<p class=\"has-text-align-center\">Office du tourisme : <br><a href=\"https:\/\/mintoul.gov.cm\/\" data-type=\"link\" data-id=\"https:\/\/mintoul.gov.cm\/\" target=\"_blank\" rel=\"noreferrer noopener\">https:\/\/mintoul.gov.cm\/<\/a><\/p>\n\n\n\n<hr class=\"wp-block-separator has-alpha-channel-opacity\"\/>\n\n\n\n<figure class=\"wp-block-embed aligncenter is-type-video is-provider-youtube wp-block-embed-youtube wp-embed-aspect-16-9 wp-has-aspect-ratio\"><div class=\"wp-block-embed__wrapper\">\n<div class=\"nv-iframe-embed\"><iframe loading=\"lazy\" title=\"L\u2019Afrique\" width=\"1200\" height=\"675\" src=\"https:\/\/www.youtube.com\/embed\/_WZOOsLXhLM?feature=oembed\" frameborder=\"0\" allow=\"accelerometer; autoplay; clipboard-write; encrypted-media; gyroscope; picture-in-picture; web-share\" allowfullscreen><\/iframe><\/div>\n<\/div><figcaption class=\"wp-element-caption\">L\u2019article n&rsquo;est pas disponible en video<\/figcaption><\/figure>\n\n\n\n<hr class=\"wp-block-separator has-alpha-channel-opacity\"\/>\n<\/div>\n<\/div><\/div>\n\n\n\n<div id=\"wp-block-themeisle-blocks-advanced-columns-36922587\" class=\"wp-block-themeisle-blocks-advanced-columns has-3-columns has-desktop-equal-layout has-tablet-equal-layout has-mobile-collapsedRows-layout has-vertical-unset\"><div class=\"wp-block-themeisle-blocks-advanced-columns-overlay\"><\/div><div class=\"innerblocks-wrap\">\n<div id=\"wp-block-themeisle-blocks-advanced-column-316d9744\" class=\"wp-block-themeisle-blocks-advanced-column\">\n<h3 class=\"wp-block-heading\">G\u00e9ographie <\/h3>\n\n\n\n<p style=\"padding-right:var(--wp--preset--spacing--30);padding-left:var(--wp--preset--spacing--30)\">Le Cameroun, s&rsquo;\u00e9tend sur 475 442 km\u00b2 <strong>en <a href=\"https:\/\/horizonaventures.net\/index.php\/tag\/afrique-centrale\/\" data-type=\"post_tag\" data-id=\"58\">Afrique centrale<\/a>.<\/strong> Bord\u00e9 par l&rsquo;<strong>oc\u00e9an Atlantique <\/strong>(590 km de c\u00f4tes), il est entour\u00e9 par six pays. <\/p>\n\n\n\n<p style=\"padding-right:var(--wp--preset--spacing--30);padding-left:var(--wp--preset--spacing--30)\">Son relief vari\u00e9 comprend l<strong>e Mont Cameroun (4 095 m)<\/strong>, des plateaux et des plaines. <\/p>\n\n\n\n<p style=\"padding-right:var(--wp--preset--spacing--30);padding-left:var(--wp--preset--spacing--30)\">Le pays pr\u00e9sente deux climats principaux : <strong>\u00e9quatorial au sud<\/strong> (chaud et humide) et <strong>tropical au nord <\/strong>(chaud et sec). <\/p>\n\n\n\n<p style=\"padding-right:var(--wp--preset--spacing--30);padding-left:var(--wp--preset--spacing--30)\">Cette diversit\u00e9 g\u00e9ographique offre une mosa\u00efque de paysages,<strong> de la for\u00eat \u00e9quatoriale aux savanes sah\u00e9liennes<\/strong> du lac Tchad.<\/p>\n\n\n\n<p class=\"has-text-align-center\"><a href=\"https:\/\/maps.app.goo.gl\/7j4gib1Bxy4hS5778\" data-type=\"link\" data-id=\"https:\/\/maps.app.goo.gl\/EE99QksJ5VKpeatK6\" target=\"_blank\" rel=\"noreferrer noopener\">Google Map \/ Cameroun<\/a><\/p>\n<\/div>\n\n\n\n<div id=\"wp-block-themeisle-blocks-advanced-column-6f1a5b3b\" class=\"wp-block-themeisle-blocks-advanced-column\">\n<h3 class=\"wp-block-heading\">Religions<\/h3>\n\n\n\n<p style=\"padding-right:var(--wp--preset--spacing--30);padding-left:var(--wp--preset--spacing--30)\">La religion occupe une place centrale au Cameroun, <strong>pays la\u00efc<\/strong> o\u00f9 coexistent harmonieusement plusieurs croyances. <\/p>\n\n\n\n<p style=\"padding-right:var(--wp--preset--spacing--30);padding-left:var(--wp--preset--spacing--30)\"><strong>Le christianisme est majoritaire<\/strong> (environ 60 %), suivi par l\u2019islam (35 %) et les religions traditionnelles (4 %). <\/p>\n\n\n\n<p style=\"padding-right:var(--wp--preset--spacing--30);padding-left:var(--wp--preset--spacing--30)\">Les chr\u00e9tiens sont principalement dans le sud et l\u2019ouest, tandis que les musulmans dominent au nord. <\/p>\n\n\n\n<p style=\"padding-right:var(--wp--preset--spacing--30);padding-left:var(--wp--preset--spacing--30)\"><strong>Les croyances traditionnelles, bien que moins visibles, restent influentes dans les zones rurales<\/strong>. <\/p>\n\n\n\n<p style=\"padding-right:var(--wp--preset--spacing--30);padding-left:var(--wp--preset--spacing--30)\">La libert\u00e9 religieuse est garantie par la Constitution, favorisant une coexistence pacifique.<\/p>\n<\/div>\n\n\n\n<div id=\"wp-block-themeisle-blocks-advanced-column-ddc62680\" class=\"wp-block-themeisle-blocks-advanced-column\">\n<h3 class=\"wp-block-heading\">Langues <\/h3>\n\n\n\n<p style=\"padding-right:var(--wp--preset--spacing--30);padding-left:var(--wp--preset--spacing--30)\">Le Cameroun est un pays linguistiquement riche, avec deux langues officielles, <strong>le fran\u00e7ais et l&rsquo;anglais<\/strong>, h\u00e9rit\u00e9es de la colonisation. <\/p>\n\n\n\n<p style=\"padding-right:var(--wp--preset--spacing--30);padding-left:var(--wp--preset--spacing--30)\">Il compte \u00e9galement plus de <strong>260 langues locales issues de trois grandes familles linguistiques<\/strong> : <strong>bantoue, nilo-saharienne et afro-asiatique<\/strong>. <\/p>\n\n\n\n<p style=\"padding-right:var(--wp--preset--spacing--30);padding-left:var(--wp--preset--spacing--30)\">Ces langues refl\u00e8tent la diversit\u00e9 ethnique et culturelle du pays. <\/p>\n\n\n\n<p style=\"padding-right:var(--wp--preset--spacing--30);padding-left:var(--wp--preset--spacing--30)\"><strong>Le pidgin<\/strong>, un cr\u00e9ole anglais, est couramment utilis\u00e9 comme langue v\u00e9hiculaire. <\/p>\n\n\n\n<p style=\"padding-right:var(--wp--preset--spacing--30);padding-left:var(--wp--preset--spacing--30)\">Cette pluralit\u00e9 fait du Cameroun un v\u00e9ritable carrefour linguistique.<\/p>\n<\/div>\n<\/div><\/div>\n\n\n\n<div id=\"wp-block-themeisle-blocks-advanced-columns-3e9cb56f\" class=\"wp-block-themeisle-blocks-advanced-columns has-3-columns has-desktop-equal-layout has-tablet-equal-layout has-mobile-collapsedRows-layout has-vertical-unset\"><div class=\"wp-block-themeisle-blocks-advanced-columns-overlay\"><\/div><div class=\"innerblocks-wrap\">\n<div id=\"wp-block-themeisle-blocks-advanced-column-0bc1b536\" class=\"wp-block-themeisle-blocks-advanced-column\">\n<h3 class=\"wp-block-heading\">Se rendre au Cameroun<\/h3>\n\n\n\n<p style=\"padding-right:var(--wp--preset--spacing--30);padding-left:0\">Se rendre au Cameroun depuis la France est simple gr\u00e2ce aux vols directs op\u00e9r\u00e9s par des compagnies comme <strong>Air France<\/strong> ou <strong>Brussels Airlines<\/strong>, plusieurs compagnies a\u00e9riennes comme <strong>Ethiopian Airlines<\/strong>, <strong>RwandAir<\/strong> ou <strong>Royal Air Maroc<\/strong> proposent des vols avec escale. <\/p>\n\n\n\n<p style=\"padding-right:var(--wp--preset--spacing--30);padding-left:0\">Les principales destinations sont <strong>Douala<\/strong> et <strong>Yaound\u00e9<\/strong>, accessibles en environ 7 heures depuis Paris. <\/p>\n\n\n\n<p style=\"padding-right:var(--wp--preset--spacing--30);padding-left:0\">Les prix varient selon la saison, avec des offres attractives. <\/p>\n\n\n\n<p style=\"padding-right:var(--wp--preset--spacing--30);padding-left:0\">Le Cameroun est desservi par plusieurs a\u00e9roports, facilitant l&rsquo;acc\u00e8s \u00e0 ses multiples attractions touristiques et culturelles.<\/p>\n<\/div>\n\n\n\n<div id=\"wp-block-themeisle-blocks-advanced-column-66f4f1fd\" class=\"wp-block-themeisle-blocks-advanced-column\"><div class=\"wp-block-image\">\n<figure class=\"aligncenter size-full is-resized has-custom-border\"><img alt=\"\" loading=\"lazy\" decoding=\"async\" width=\"576\" height=\"1024\" src=\"https:\/\/horizonaventures.net\/wp-content\/uploads\/2025\/04\/323d663c-20cc-4963-b55f-523323999cea-1-edited.png\" alt=\"\" class=\"wp-image-2606\" style=\"border-width:1px;border-radius:10px;width:320px;height:auto\" srcset=\"https:\/\/horizonaventures.net\/wp-content\/uploads\/2025\/04\/323d663c-20cc-4963-b55f-523323999cea-1-edited.png 576w, https:\/\/horizonaventures.net\/wp-content\/uploads\/2025\/04\/323d663c-20cc-4963-b55f-523323999cea-1-edited-169x300.png 169w\" sizes=\"auto, (max-width: 576px) 100vw, 576px\" \/><\/figure>\n<\/div><\/div>\n\n\n\n<div id=\"wp-block-themeisle-blocks-advanced-column-edb278fa\" class=\"wp-block-themeisle-blocks-advanced-column\">\n<h3 class=\"wp-block-heading\" style=\"padding-right:var(--wp--preset--spacing--30);padding-left:var(--wp--preset--spacing--30)\">La Meilleure P\u00e9riode pour Visiter le Cameroun<\/h3>\n\n\n\n<p style=\"padding-right:0;padding-left:var(--wp--preset--spacing--30)\">La meilleure p\u00e9riode pour explorer le Cameroun s&rsquo;\u00e9tend <strong>de novembre \u00e0 f\u00e9vrier<\/strong>, durant la saison s\u00e8che. <\/p>\n\n\n\n<p style=\"padding-right:0;padding-left:var(--wp--preset--spacing--30)\">Le climat est agr\u00e9able, avec des temp\u00e9ratures mod\u00e9r\u00e9es et un ciel d\u00e9gag\u00e9, id\u00e9al pour les safaris dans les parcs nationaux comme <strong>Waza<\/strong> ou <strong>Bouba Ndjida<\/strong>. <\/p>\n\n\n\n<p style=\"padding-right:0;padding-left:var(--wp--preset--spacing--30)\">C&rsquo;est \u00e9galement une p\u00e9riode propice pour profiter des plages de <strong>Kribi<\/strong> ou <strong>Limb\u00e9<\/strong> et participer \u00e0 des \u00e9v\u00e9nements culturels tels que <strong>le Festival Ngondo<\/strong> en d\u00e9cembre.<\/p>\n<\/div>\n<\/div><\/div>\n\n\n\n<div id=\"wp-block-themeisle-blocks-advanced-columns-674d90e0\" class=\"wp-block-themeisle-blocks-advanced-columns has-2-columns has-desktop-equal-layout has-tablet-equal-layout has-mobile-collapsedRows-layout has-vertical-unset\"><div class=\"wp-block-themeisle-blocks-advanced-columns-overlay\"><\/div><div class=\"innerblocks-wrap\">\n<div id=\"wp-block-themeisle-blocks-advanced-column-07007b8c\" class=\"wp-block-themeisle-blocks-advanced-column\">\n<h3 class=\"wp-block-heading\">Formalit\u00e9s d&rsquo;entr\u00e9e et sanitaire<\/h3>\n\n\n\n<p style=\"padding-right:var(--wp--preset--spacing--30);padding-left:var(--wp--preset--spacing--30)\">Pour visiter le Cameroun, les touristes fran\u00e7ais doivent obtenir <strong>un visa avant leur d\u00e9part<\/strong>, en ligne ou aupr\u00e8s des consulats. <\/p>\n\n\n\n<p style=\"padding-right:var(--wp--preset--spacing--30);padding-left:var(--wp--preset--spacing--30)\">Un <strong>passeport valide au moins 6 mois<\/strong> apr\u00e8s la date de retour est requis, ainsi qu\u2019un<strong> justificatif d\u2019h\u00e9bergement<\/strong> et un <strong>billet aller-retour<\/strong>. <\/p>\n\n\n\n<p style=\"padding-right:var(--wp--preset--spacing--30);padding-left:var(--wp--preset--spacing--30)\">C\u00f4t\u00e9 sant\u00e9, la vaccination contre <strong>la fi\u00e8vre jaune est obligatoire<\/strong>, et des vaccins comme ceux contre l\u2019h\u00e9patite A et le paludisme sont fortement recommand\u00e9s pour une protection optimale.<\/p>\n\n\n\n<p class=\"has-text-align-center\"><a href=\"https:\/\/www.diplomatie.gouv.fr\/fr\/conseils-aux-voyageurs\/conseils-par-pays-destination\/cameroun\/\" data-type=\"link\" data-id=\"https:\/\/www.diplomatie.gouv.fr\/fr\/conseils-aux-voyageurs\/conseils-par-pays-destination\/thailande\/\" target=\"_blank\" rel=\"noreferrer noopener\">Diplomatie.gov \/Conseils aux Voyageurs \/Cameroun<\/a><\/p>\n<\/div>\n\n\n\n<div id=\"wp-block-themeisle-blocks-advanced-column-f9b13965\" class=\"wp-block-themeisle-blocks-advanced-column\">\n<h3 class=\"wp-block-heading\">S\u00e9curit\u00e9 au Cameroun : Un D\u00e9fi Persistant<\/h3>\n\n\n\n<p style=\"padding-right:var(--wp--preset--spacing--30);padding-left:var(--wp--preset--spacing--30)\">Le Cameroun fait face \u00e0 <strong>des d\u00e9fis s\u00e9curitaires majeurs<\/strong>. <\/p>\n\n\n\n<p style=\"padding-right:var(--wp--preset--spacing--30);padding-left:var(--wp--preset--spacing--30)\"><strong>Les conflits dans les r\u00e9gions anglophones<\/strong> opposent s\u00e9paratistes et forces gouvernementales, entra\u00eenant des <strong>violences contre les civils<\/strong>. <\/p>\n\n\n\n<p style=\"padding-right:var(--wp--preset--spacing--30);padding-left:var(--wp--preset--spacing--30)\">Au nord, <strong>Boko Haram<\/strong> intensifie ses attaques, aggrav\u00e9es par des alliances avec des r\u00e9seaux criminels. <\/p>\n\n\n\n<p style=\"padding-right:var(--wp--preset--spacing--30);padding-left:var(--wp--preset--spacing--30)\">Ces crises provoquent d\u00e9placements massifs et violations des droits humains. <\/p>\n\n\n\n<p style=\"padding-right:var(--wp--preset--spacing--30);padding-left:var(--wp--preset--spacing--30)\">Malgr\u00e9 les efforts militaires et humanitaires, <strong>la situation reste pr\u00e9occupante<\/strong>, particuli\u00e8rement \u00e0 l\u2019approche des \u00e9lections pr\u00e9sidentielles de 2025.<\/p>\n<\/div>\n<\/div><\/div>\n\n\n\n<div id=\"wp-block-themeisle-blocks-advanced-columns-882bac18\" class=\"wp-block-themeisle-blocks-advanced-columns has-2-columns has-desktop-equal-layout has-tablet-equal-layout has-mobile-collapsedRows-layout has-vertical-unset\"><div class=\"wp-block-themeisle-blocks-advanced-columns-overlay\"><\/div><div class=\"innerblocks-wrap\">\n<div id=\"wp-block-themeisle-blocks-advanced-column-1b0f933d\" class=\"wp-block-themeisle-blocks-advanced-column\"><div class=\"wp-block-image\">\n<figure class=\"aligncenter size-full is-resized has-custom-border\"><img alt=\"\" loading=\"lazy\" decoding=\"async\" width=\"1024\" height=\"1024\" src=\"https:\/\/horizonaventures.net\/wp-content\/uploads\/2025\/04\/b1ffeda3-cd28-4688-95cd-8af78581ffbd.png\" alt=\"\" class=\"wp-image-2607\" style=\"border-width:1px;border-radius:10px;width:458px;height:auto\" srcset=\"https:\/\/horizonaventures.net\/wp-content\/uploads\/2025\/04\/b1ffeda3-cd28-4688-95cd-8af78581ffbd.png 1024w, https:\/\/horizonaventures.net\/wp-content\/uploads\/2025\/04\/b1ffeda3-cd28-4688-95cd-8af78581ffbd-300x300.png 300w, https:\/\/horizonaventures.net\/wp-content\/uploads\/2025\/04\/b1ffeda3-cd28-4688-95cd-8af78581ffbd-150x150.png 150w, https:\/\/horizonaventures.net\/wp-content\/uploads\/2025\/04\/b1ffeda3-cd28-4688-95cd-8af78581ffbd-768x768.png 768w\" sizes=\"auto, (max-width: 1024px) 100vw, 1024px\" \/><\/figure>\n<\/div><\/div>\n\n\n\n<div id=\"wp-block-themeisle-blocks-advanced-column-95f150b0\" class=\"wp-block-themeisle-blocks-advanced-column\">\n<h3 class=\"wp-block-heading\">Une Br\u00e8ve Histoire du Cameroun<\/h3>\n\n\n\n<p>L\u2019histoire du Cameroun commence avec les peuples autochtones comme les Baka et les Bantous. <\/p>\n\n\n\n<p><strong>Colonis\u00e9 par l\u2019Allemagne en 1884<\/strong>, le territoire fut ensuite divis\u00e9 entre la France et le Royaume-Uni apr\u00e8s la Premi\u00e8re Guerre mondiale. <\/p>\n\n\n\n<p>Le Cameroun fran\u00e7ais obtint son ind\u00e9pendance en 1960, suivi par la r\u00e9unification avec le Cameroun britannique en 1961. <\/p>\n\n\n\n<p>Depuis, le pays a \u00e9volu\u00e9 en une r\u00e9publique unifi\u00e9e, riche de sa diversit\u00e9 culturelle et historique.<\/p>\n\n\n<div class=\"aligncenter wp-block-site-logo\"><a href=\"https:\/\/horizonaventures.net\/\" class=\"custom-logo-link\" rel=\"home\"><img loading=\"lazy\" decoding=\"async\" width=\"93\" height=\"65\" src=\"https:\/\/horizonaventures.net\/wp-content\/uploads\/2024\/02\/cropped-Envie_d_horizonLogo.png\" class=\"custom-logo\" alt=\"Logo Envie d&#039;horizon\" srcset=\"https:\/\/horizonaventures.net\/wp-content\/uploads\/2024\/02\/cropped-Envie_d_horizonLogo.png 500w, https:\/\/horizonaventures.net\/wp-content\/uploads\/2024\/02\/cropped-Envie_d_horizonLogo-300x212.png 300w\" sizes=\"auto, (max-width: 93px) 100vw, 93px\" \/><\/a><\/div><\/div>\n<\/div><\/div>\n\n\n\n<div id=\"wp-block-themeisle-blocks-advanced-columns-66e9d595\" class=\"wp-block-themeisle-blocks-advanced-columns has-2-columns has-desktop-equal-layout has-tablet-equal-layout has-mobile-collapsedRows-layout has-vertical-unset\"><div class=\"wp-block-themeisle-blocks-advanced-columns-overlay\"><\/div><div class=\"innerblocks-wrap\">\n<div id=\"wp-block-themeisle-blocks-advanced-column-606136a1\" class=\"wp-block-themeisle-blocks-advanced-column\">\n<h3 class=\"wp-block-heading\">R\u00e9gion C\u00f4ti\u00e8re et Littorale : Entre Nature et Culture<\/h3>\n\n\n\n<p style=\"padding-right:var(--wp--preset--spacing--30);padding-left:var(--wp--preset--spacing--30)\"><strong>La r\u00e9gion c\u00f4ti\u00e8re du Cameroun<\/strong>, incluant <strong>Douala, Kribi <\/strong>et <strong>Limb\u00e9<\/strong>, est une destination incontournable. <\/p>\n\n\n\n<p style=\"padding-right:var(--wp--preset--spacing--30);padding-left:var(--wp--preset--spacing--30)\">Elle offre <strong>des plages idylliques<\/strong> comme celles de <strong>Kribi<\/strong> et <strong>Limb\u00e9,<\/strong> les spectaculaires<strong> chutes de la Lob\u00e9<\/strong> se jetant dans l\u2019oc\u00e9an, et <strong>le parc national de Campo-Ma\u2019an<\/strong>, riche en biodiversit\u00e9. <\/p>\n\n\n\n<p style=\"padding-right:var(--wp--preset--spacing--30);padding-left:var(--wp--preset--spacing--30)\"><strong>La culture Sawa<\/strong> s\u2019y exprime pleinement lors du <strong>festival Ngondo<\/strong>, m\u00ealant traditions et spiritualit\u00e9. <\/p>\n\n\n\n<p style=\"padding-right:var(--wp--preset--spacing--30);padding-left:var(--wp--preset--spacing--30)\">Une r\u00e9gion parfaite pour allier d\u00e9tente et d\u00e9couverte.<\/p>\n<\/div>\n\n\n\n<div id=\"wp-block-themeisle-blocks-advanced-column-1e8ccb9a\" class=\"wp-block-themeisle-blocks-advanced-column\"><div class=\"wp-block-image\">\n<figure class=\"aligncenter size-full is-resized has-custom-border\"><img alt=\"\" loading=\"lazy\" decoding=\"async\" width=\"1024\" height=\"1024\" src=\"https:\/\/horizonaventures.net\/wp-content\/uploads\/2025\/04\/58a84add-0115-4a10-b484-025f2d9cb5df.png\" alt=\"\" class=\"wp-image-2608\" style=\"border-width:1px;border-radius:10px;width:438px;height:auto\" srcset=\"https:\/\/horizonaventures.net\/wp-content\/uploads\/2025\/04\/58a84add-0115-4a10-b484-025f2d9cb5df.png 1024w, https:\/\/horizonaventures.net\/wp-content\/uploads\/2025\/04\/58a84add-0115-4a10-b484-025f2d9cb5df-300x300.png 300w, https:\/\/horizonaventures.net\/wp-content\/uploads\/2025\/04\/58a84add-0115-4a10-b484-025f2d9cb5df-150x150.png 150w, https:\/\/horizonaventures.net\/wp-content\/uploads\/2025\/04\/58a84add-0115-4a10-b484-025f2d9cb5df-768x768.png 768w\" sizes=\"auto, (max-width: 1024px) 100vw, 1024px\" \/><\/figure>\n<\/div><\/div>\n<\/div><\/div>\n\n\n\n<div id=\"wp-block-themeisle-blocks-advanced-columns-6227b991\" class=\"wp-block-themeisle-blocks-advanced-columns has-3-columns has-desktop-equal-layout has-tablet-equal-layout has-mobile-collapsedRows-layout has-vertical-unset\"><div class=\"wp-block-themeisle-blocks-advanced-columns-overlay\"><\/div><div class=\"innerblocks-wrap\">\n<div id=\"wp-block-themeisle-blocks-advanced-column-ea8e9bc6\" class=\"wp-block-themeisle-blocks-advanced-column\">\n<h3 class=\"wp-block-heading\">R\u00e9gion des Hauts Plateaux : Tradition et Paysages<\/h3>\n\n\n\n<p style=\"padding-right:var(--wp--preset--spacing--30);padding-left:var(--wp--preset--spacing--30)\"><strong>La r\u00e9gion des Hauts Plateaux,<\/strong> comprenant <strong>Bafoussam, Foumban<\/strong> et <strong>Bamenda<\/strong>, s\u00e9duit par sa richesse culturelle et naturelle. <\/p>\n\n\n\n<p style=\"padding-right:var(--wp--preset--spacing--30);padding-left:var(--wp--preset--spacing--30)\">D\u00e9couvrez les chefferies traditionnelles, notamment <strong>le palais royal de Foumban,<\/strong> et participez au <strong>festival Nguon<\/strong>, c\u00e9l\u00e9brant l\u2019h\u00e9ritage <strong>Bamoun.<\/strong> <\/p>\n\n\n\n<p style=\"padding-right:var(--wp--preset--spacing--30);padding-left:var(--wp--preset--spacing--30)\">Les amoureux de nature appr\u00e9cieront <strong>le Mont Oku<\/strong>,<strong> le Lac Oku <\/strong>et <strong>les chutes Mami Wata et Mifi<\/strong>. <\/p>\n\n\n\n<p style=\"padding-right:var(--wp--preset--spacing--30);padding-left:var(--wp--preset--spacing--30)\">Cette r\u00e9gion allie traditions ancestrales et paysages \u00e9poustouflants pour une exp\u00e9rience unique.<\/p>\n<\/div>\n\n\n\n<div id=\"wp-block-themeisle-blocks-advanced-column-09fc5516\" class=\"wp-block-themeisle-blocks-advanced-column\">\n<h3 class=\"wp-block-heading has-neve-link-color-color has-text-color has-link-color wp-elements-6f3ab2d48792713bf7c139349a1f5e78\">Le Palais Royal de Foumban : Tr\u00e9sor de la Culture Bamoun<\/h3>\n\n\n\n<p style=\"padding-right:var(--wp--preset--spacing--30);padding-left:var(--wp--preset--spacing--30)\"><strong>Le Palais Royal de Foumban<\/strong>, joyau de l\u2019Ouest camerounais, est un incontournable pour d\u00e9couvrir l\u2019histoire des <strong>Bamoun<\/strong>. <\/p>\n\n\n\n<p style=\"padding-right:var(--wp--preset--spacing--30);padding-left:var(--wp--preset--spacing--30)\">Son mus\u00e9e abrite des tr\u00e9sors culturels tels que <strong>des tr\u00f4nes royaux<\/strong>, des <strong>masques sacr\u00e9s<\/strong> et des objets historiques t\u00e9moignant de <strong>si\u00e8cles de traditions.<\/strong> <\/p>\n\n\n\n<p style=\"padding-right:var(--wp--preset--spacing--30);padding-left:var(--wp--preset--spacing--30)\">Ce lieu embl\u00e9matique offre une immersion dans l\u2019art et la spiritualit\u00e9 d\u2019un peuple riche en h\u00e9ritage, faisant de Foumban une \u00e9tape culturelle majeure au Cameroun.<\/p>\n<\/div>\n\n\n\n<div id=\"wp-block-themeisle-blocks-advanced-column-2b90f083\" class=\"wp-block-themeisle-blocks-advanced-column\">\n<h3 class=\"wp-block-heading has-neve-link-color-color has-text-color has-link-color wp-elements-045807213f904756f6dc820a24147517\" style=\"padding-right:var(--wp--preset--spacing--30);padding-left:var(--wp--preset--spacing--30)\">R\u00e9gion des Savanes et Parcs du Nord : Nature et Culture<\/h3>\n\n\n\n<p><strong>La r\u00e9gion des Savanes<\/strong>, englobant <strong>Garoua et Maroua<\/strong>, est un paradis pour les amoureux de la nature et de la culture. <\/p>\n\n\n\n<p>Explorez <strong>les parcs nationaux de Waza et Bouba Ndjida<\/strong>, riches en faune sauvage. <\/p>\n\n\n\n<p>Admirez les paysages lunaires spectaculaires <strong>des Kapsiki \u00e0 Rumsiki<\/strong>. <\/p>\n\n\n\n<p>Plongez dans les traditions peules en visitant <strong>les lamidats<\/strong>, symboles d\u2019une histoire et d\u2019une culture ancestrales uniques dans cette r\u00e9gion fascinante.<\/p>\n<\/div>\n<\/div><\/div>\n\n\n\n<div id=\"wp-block-themeisle-blocks-advanced-columns-abe32927\" class=\"wp-block-themeisle-blocks-advanced-columns has-3-columns has-desktop-equal-layout has-tablet-equal-layout has-mobile-collapsedRows-layout has-vertical-unset\"><div class=\"wp-block-themeisle-blocks-advanced-columns-overlay\"><\/div><div class=\"innerblocks-wrap\">\n<div id=\"wp-block-themeisle-blocks-advanced-column-806546ab\" class=\"wp-block-themeisle-blocks-advanced-column\">\n<h3 class=\"wp-block-heading\">R\u00e9gion Foresti\u00e8re et \u00c9quatoriale : Nature et Culture<\/h3>\n\n\n\n<p style=\"padding-right:var(--wp--preset--spacing--30);padding-left:var(--wp--preset--spacing--30)\"><strong>La r\u00e9gion foresti\u00e8re du Cameroun<\/strong>, couvrant le Sud <strong>(Ebolowa, Kribi)<\/strong> et l\u2019Est <strong>(Bertoua)<\/strong>, est un tr\u00e9sor de biodiversit\u00e9. <\/p>\n\n\n\n<p style=\"padding-right:var(--wp--preset--spacing--30);padding-left:var(--wp--preset--spacing--30)\">Explorez <strong>la r\u00e9serve du Dja<\/strong>, class\u00e9e \u00e0 l\u2019UNESCO, et d\u00e9couvrez les traditions des <strong>Pygm\u00e9es Baka<\/strong>. <\/p>\n\n\n\n<p style=\"padding-right:var(--wp--preset--spacing--30);padding-left:var(--wp--preset--spacing--30)\"><strong>Le sanctuaire de M\u00e9fou <\/strong>abrite <strong>chimpanz\u00e9s et gorilles<\/strong> dans leur habitat naturel. <\/p>\n\n\n\n<p style=\"padding-right:var(--wp--preset--spacing--30);padding-left:var(--wp--preset--spacing--30)\"><strong>Les grottes pr\u00e9historiques de Nkolandom<\/strong> offrent un voyage fascinant dans le pass\u00e9, au c\u0153ur d\u2019une nature luxuriante et pr\u00e9serv\u00e9e.<\/p>\n<\/div>\n\n\n\n<div id=\"wp-block-themeisle-blocks-advanced-column-eb391b41\" class=\"wp-block-themeisle-blocks-advanced-column\"><div class=\"wp-block-image\">\n<figure class=\"aligncenter size-full is-resized has-custom-border\"><img alt=\"\" loading=\"lazy\" decoding=\"async\" width=\"576\" height=\"1024\" src=\"https:\/\/horizonaventures.net\/wp-content\/uploads\/2025\/04\/a378ae7e-1cd7-4852-8209-aef2d3b2db99-edited.png\" alt=\"\" class=\"wp-image-2610\" style=\"border-width:1px;border-radius:10px;width:319px;height:auto\" srcset=\"https:\/\/horizonaventures.net\/wp-content\/uploads\/2025\/04\/a378ae7e-1cd7-4852-8209-aef2d3b2db99-edited.png 576w, https:\/\/horizonaventures.net\/wp-content\/uploads\/2025\/04\/a378ae7e-1cd7-4852-8209-aef2d3b2db99-edited-169x300.png 169w\" sizes=\"auto, (max-width: 576px) 100vw, 576px\" \/><\/figure>\n<\/div><\/div>\n\n\n\n<div id=\"wp-block-themeisle-blocks-advanced-column-cd6772ec\" class=\"wp-block-themeisle-blocks-advanced-column\">\n<h3 class=\"wp-block-heading\" style=\"padding-right:var(--wp--preset--spacing--30);padding-left:var(--wp--preset--spacing--30)\">Observer les Gorilles au Sanctuaire de M\u00e9fou <\/h3>\n\n\n\n<p style=\"padding-right:var(--wp--preset--spacing--30);padding-left:var(--wp--preset--spacing--30)\"><strong>\u00c0 seulement 45 km de Yaound\u00e9<\/strong>, le sanctuaire de M\u00e9fou offre une opportunit\u00e9 rare d\u2019<strong>observer des gorilles <\/strong>dans un environnement naturel prot\u00e9g\u00e9.<\/p>\n\n\n\n<p style=\"padding-right:var(--wp--preset--spacing--30);padding-left:var(--wp--preset--spacing--30)\">Ce refuge accueille des primates sauv\u00e9s du braconnage et de la d\u00e9forestation, leur offrant soins et r\u00e9habilitation. <\/p>\n\n\n\n<p style=\"padding-right:var(--wp--preset--spacing--30);padding-left:var(--wp--preset--spacing--30)\">Une visite guid\u00e9e \u00e0 travers la for\u00eat permet d\u2019admirer ces majestueux animaux tout en sensibilisant \u00e0 leur conservation. <\/p>\n\n\n\n<p style=\"padding-right:var(--wp--preset--spacing--30);padding-left:var(--wp--preset--spacing--30)\">Une exp\u00e9rience enrichissante pour les amoureux de la nature et de la faune.<\/p>\n<\/div>\n<\/div><\/div>\n\n\n\n<div id=\"wp-block-themeisle-blocks-advanced-columns-27429f28\" class=\"wp-block-themeisle-blocks-advanced-columns has-2-columns has-desktop-equal-layout has-tablet-equal-layout has-mobile-collapsedRows-layout has-vertical-unset\"><div class=\"wp-block-themeisle-blocks-advanced-columns-overlay\"><\/div><div class=\"innerblocks-wrap\">\n<div id=\"wp-block-themeisle-blocks-advanced-column-123dd03b\" class=\"wp-block-themeisle-blocks-advanced-column\"><div class=\"wp-block-image\">\n<figure class=\"aligncenter size-full is-resized has-custom-border\"><img alt=\"\" loading=\"lazy\" decoding=\"async\" width=\"1024\" height=\"1024\" src=\"https:\/\/horizonaventures.net\/wp-content\/uploads\/2025\/04\/613c0df7-eeac-41f7-a2bf-d6841e887e62.png\" alt=\"\" class=\"wp-image-2611\" style=\"border-width:1px;border-radius:10px;width:457px;height:auto\" srcset=\"https:\/\/horizonaventures.net\/wp-content\/uploads\/2025\/04\/613c0df7-eeac-41f7-a2bf-d6841e887e62.png 1024w, https:\/\/horizonaventures.net\/wp-content\/uploads\/2025\/04\/613c0df7-eeac-41f7-a2bf-d6841e887e62-300x300.png 300w, https:\/\/horizonaventures.net\/wp-content\/uploads\/2025\/04\/613c0df7-eeac-41f7-a2bf-d6841e887e62-150x150.png 150w, https:\/\/horizonaventures.net\/wp-content\/uploads\/2025\/04\/613c0df7-eeac-41f7-a2bf-d6841e887e62-768x768.png 768w\" sizes=\"auto, (max-width: 1024px) 100vw, 1024px\" \/><\/figure>\n<\/div><\/div>\n\n\n\n<div id=\"wp-block-themeisle-blocks-advanced-column-865cad4c\" class=\"wp-block-themeisle-blocks-advanced-column\">\n<h3 class=\"wp-block-heading\">R\u00e9gion Urbaine et Culturelle : Le C\u0153ur du Cameroun<\/h3>\n\n\n\n<p><strong>La r\u00e9gion centrale<\/strong>, avec <strong>Yaound\u00e9<\/strong> comme capitale, est le c\u0153ur culturel et administratif du Cameroun. <\/p>\n\n\n\n<p>D\u00e9couvrez des monuments embl\u00e9matiques comme le mus\u00e9e national et <strong>le monument de la R\u00e9unification<\/strong>. <\/p>\n\n\n\n<p>Fl\u00e2nez dans les march\u00e9s anim\u00e9s de<strong> Mokolo<\/strong> pour une immersion dans la vie locale. <\/p>\n\n\n\n<p>Enfin, profitez d\u2019une vue panoramique exceptionnelle depuis <strong>le Mont F\u00e9b\u00e9<\/strong>, offrant un m\u00e9lange unique entre urbanit\u00e9 et nature verdoyante.<\/p>\n<\/div>\n<\/div><\/div>\n\n\n\n<div id=\"wp-block-themeisle-blocks-advanced-columns-42d68245\" class=\"wp-block-themeisle-blocks-advanced-columns has-2-columns has-desktop-equal-layout has-tablet-equal-layout has-mobile-collapsedRows-layout has-vertical-unset\"><div class=\"wp-block-themeisle-blocks-advanced-columns-overlay\"><\/div><div class=\"innerblocks-wrap\">\n<div id=\"wp-block-themeisle-blocks-advanced-column-4cb0d7e7\" class=\"wp-block-themeisle-blocks-advanced-column\">\n<h3 class=\"wp-block-heading\">Mont Cameroun et Chutes d\u2019Ekom-Nkam : Des Merveilles Naturelles<\/h3>\n\n\n\n<p style=\"padding-right:var(--wp--preset--spacing--30);padding-left:var(--wp--preset--spacing--30)\"><strong>Le Mont Cameroun<\/strong>, culminant \u00e0 <strong>4 095 m<\/strong>, est un paradis pour les amateurs de randonn\u00e9e. <\/p>\n\n\n\n<p style=\"padding-right:var(--wp--preset--spacing--30);padding-left:var(--wp--preset--spacing--30)\">Son ascension offre des paysages vari\u00e9s, allant des for\u00eats tropicales aux plateaux volcaniques. <\/p>\n\n\n\n<p style=\"padding-right:var(--wp--preset--spacing--30);padding-left:var(--wp--preset--spacing--30)\">\u00c0 proximit\u00e9,<strong> les chutes d\u2019Ekom-Nkam<\/strong>, hautes de 80 m, impressionnent par leur beaut\u00e9 spectaculaire. <\/p>\n\n\n\n<p style=\"padding-right:var(--wp--preset--spacing--30);padding-left:var(--wp--preset--spacing--30)\">Connues comme <strong>d\u00e9cor du film Tarzan<\/strong>, elles sont id\u00e9ales pour une escapade nature. <\/p>\n\n\n\n<p style=\"padding-right:var(--wp--preset--spacing--30);padding-left:var(--wp--preset--spacing--30)\">Ces deux sites sont des incontournables pour explorer la richesse du Cameroun.<\/p>\n<\/div>\n\n\n\n<div id=\"wp-block-themeisle-blocks-advanced-column-c24347cc\" class=\"wp-block-themeisle-blocks-advanced-column\">\n<h3 class=\"wp-block-heading\">Les Grottes Nyem-Nyem : Un Lieu Charg\u00e9 d\u2019Histoire<\/h3>\n\n\n\n<p style=\"padding-right:var(--wp--preset--spacing--30);padding-left:var(--wp--preset--spacing--30)\"><strong>Les grottes Nyem-Nyem<\/strong>, situ\u00e9es dans <strong>le mont Djim <\/strong>\u00e0 <strong>Galim-Tign\u00e8re<\/strong>, furent un refuge strat\u00e9gique pour ce peuple lors de leur r\u00e9sistance contre les colonisateurs allemands. <\/p>\n\n\n\n<p style=\"padding-right:var(--wp--preset--spacing--30);padding-left:var(--wp--preset--spacing--30)\">Chaque ann\u00e9e, <strong>le festival Nyem-Nyem<\/strong> c\u00e9l\u00e8bre cette bravoure \u00e0 travers danses traditionnelles et expositions d\u2019art. <\/p>\n\n\n\n<p style=\"padding-right:var(--wp--preset--spacing--30);padding-left:var(--wp--preset--spacing--30)\">Ces grottes, v\u00e9ritables forteresses naturelles, offrent une immersion dans l\u2019histoire et la culture de ce peuple r\u00e9silient, tout en d\u00e9voilant des paysages spectaculaires.<\/p>\n<\/div>\n<\/div><\/div>\n\n\n\n<div id=\"wp-block-themeisle-blocks-advanced-columns-93924741\" class=\"wp-block-themeisle-blocks-advanced-columns has-3-columns has-desktop-equal-layout has-tablet-equal-layout has-mobile-collapsedRows-layout has-vertical-unset\"><div class=\"wp-block-themeisle-blocks-advanced-columns-overlay\"><\/div><div class=\"innerblocks-wrap\">\n<div id=\"wp-block-themeisle-blocks-advanced-column-4b7b6fb9\" class=\"wp-block-themeisle-blocks-advanced-column\">\n<h3 class=\"wp-block-heading\">Les Chiffres du Tourisme au Cameroun : Une Croissance Prometteuse<\/h3>\n\n\n\n<p>Le Cameroun a accueilli <strong>environ 1,15 million de visiteurs en 2023<\/strong>, un chiffre en hausse, avec une projection atteignant 1,27 million d\u2019arriv\u00e9es d\u2019ici 2028 (+1,7 % par an). <\/p>\n\n\n\n<p>Depuis 2011, le secteur affiche une croissance annuelle moyenne de 2,8 %, t\u00e9moignant de l\u2019attractivit\u00e9 croissante du pays. <\/p>\n\n\n\n<p>Le tourisme repr\u00e9sente \u00e9galement <strong>une part notable des recettes d\u2019exportation<\/strong>, refl\u00e9tant son importance \u00e9conomique<\/p>\n<\/div>\n\n\n\n<div id=\"wp-block-themeisle-blocks-advanced-column-1e7ee8ea\" class=\"wp-block-themeisle-blocks-advanced-column\">\n<h3 class=\"wp-block-heading has-text-align-center has-neve-link-color-color has-text-color has-link-color wp-elements-78d285d02b95e341c8926e95510d1aae\"><a href=\"https:\/\/horizonaventures.net\/index.php\/582c1-blogger-gb-news\/explorez-et-reservez\/\" data-type=\"page\" data-id=\"1896\">Carnet de voyage<\/a><\/h3>\n\n\n\n<p class=\"has-text-align-center\" style=\"padding-right:var(--wp--preset--spacing--30);padding-left:var(--wp--preset--spacing--30)\"><strong>En cours de redaction<\/strong><\/p>\n\n\n<div class=\"aligncenter wp-block-site-logo\"><a href=\"https:\/\/horizonaventures.net\/\" class=\"custom-logo-link\" rel=\"home\"><img loading=\"lazy\" decoding=\"async\" width=\"220\" height=\"155\" src=\"https:\/\/horizonaventures.net\/wp-content\/uploads\/2024\/02\/cropped-Envie_d_horizonLogo.png\" class=\"custom-logo\" alt=\"Logo Envie d&#039;horizon\" srcset=\"https:\/\/horizonaventures.net\/wp-content\/uploads\/2024\/02\/cropped-Envie_d_horizonLogo.png 500w, https:\/\/horizonaventures.net\/wp-content\/uploads\/2024\/02\/cropped-Envie_d_horizonLogo-300x212.png 300w\" sizes=\"auto, (max-width: 220px) 100vw, 220px\" \/><\/a><\/div><\/div>\n\n\n\n<div id=\"wp-block-themeisle-blocks-advanced-column-88778da4\" class=\"wp-block-themeisle-blocks-advanced-column\">\n<h4 class=\"wp-block-heading has-text-align-center\">Envisagez-vous de voyager au Cameroun ?<\/h4>\n\n\n\n<p style=\"padding-right:var(--wp--preset--spacing--30);padding-left:var(--wp--preset--spacing--30)\">Rejoignez la Communaut\u00e9 Envie d&rsquo;Horizon ! Abonnez-vous \u00e0 <a href=\"https:\/\/www.youtube.com\/@EnviedHorizon\" data-type=\"link\" data-id=\"https:\/\/www.youtube.com\/@EnviedHorizon\" target=\"_blank\" rel=\"noreferrer noopener\"><strong>notre cha\u00eene YouTube <\/strong><\/a>pour d\u00e9couvrir des vid\u00e9os captivantes sur des destinations du monde entier. Ne manquez aucune des derni\u00e8res actualit\u00e9s en nous suivant sur <a href=\"https:\/\/horizonaventures.net\/index.php\/582c1-blogger-gb-contact\/\" data-type=\"link\" data-id=\"https:\/\/horizonaventures.net\/index.php\/582c1-blogger-gb-contact\/\" target=\"_blank\" rel=\"noreferrer noopener\"><strong>nos r\u00e9seaux sociaux<\/strong><\/a>. Votre avis est important pour nous ! N&rsquo;h\u00e9sitez pas \u00e0 laisser un commentaire ou \u00e0 nous contacter directement via notre<strong> <a href=\"https:\/\/horizonaventures.net\/index.php\/582c1-blogger-gb-contact\/\" data-type=\"link\" data-id=\"https:\/\/horizonaventures.net\/index.php\/582c1-blogger-gb-contact\/\" target=\"_blank\" rel=\"noreferrer noopener\">page de contact.<\/a><\/strong><\/p>\n\n\n\n<p class=\"has-text-align-center has-small-font-size\"><a href=\"https:\/\/horizonaventures.net\/index.php\/582c1-blogger-gb-news\/explorez-et-reservez\/\" data-type=\"page\" data-id=\"1896\">Page d\u00e9di\u00e9e au carnet de voyage sur Maurice<\/a><\/p>\n<\/div>\n<\/div><\/div>\n\n\n\n<h4 class=\"wp-block-heading has-text-align-center\" style=\"padding-top:var(--wp--preset--spacing--40);padding-bottom:var(--wp--preset--spacing--40)\">Partons ensemble \u00e0 la d\u00e9couverte <strong>de <strong>l&rsquo;Afrique en miniature<\/strong><\/strong> et cr\u00e9ons des souvenirs inoubliables !<\/h4>\n","protected":false},"excerpt":{"rendered":"<p>Le Cameroun, surnomm\u00e9 \u00ab\u00a0l&rsquo;Afrique en miniature\u00a0\u00bb, offre une diversit\u00e9 exceptionnelle de pay-sages et de cultures. Entre plages paradisiaques \u00e0 Kribi, ascension du Mont Cameroun, parcs nationaux comme Waza ou Korup, et sites historiques tels que Foumban ou Bimbia, les visi-teurs d\u00e9couvrent une richesse naturelle et culturelle unique. Avec plus de 250 ethnies, le pays propose \u00e9galement des festivals traditionnels, une cuisine savoureuse et une hospitalit\u00e9 cha-leureuse, faisant du Cameroun une destination incontournable en Afrique.<\/p>\n","protected":false},"author":1,"featured_media":2596,"comment_status":"closed","ping_status":"open","sticky":false,"template":"","format":"standard","meta":{"_seopress_robots_primary_cat":"","_seopress_titles_title":"","_seopress_titles_desc":"","_seopress_robots_index":"","neve_meta_sidebar":"","neve_meta_container":"","neve_meta_enable_content_width":"","neve_meta_content_width":0,"neve_meta_title_alignment":"","neve_meta_author_avatar":"","neve_post_elements_order":"","neve_meta_disable_header":"","neve_meta_disable_footer":"","neve_meta_disable_title":"","_themeisle_gutenberg_block_has_review":false,"footnotes":""},"categories":[7,3,2],"tags":[29,58,33,11],"class_list":["post-2591","post","type-post","status-publish","format-standard","has-post-thumbnail","hentry","category-afrique","category-geographie","category-le-monde","tag-afrique","tag-afrique-centrale","tag-tourisme","tag-voyage"],"_links":{"self":[{"href":"https:\/\/horizonaventures.net\/index.php\/wp-json\/wp\/v2\/posts\/2591","targetHints":{"allow":["GET"]}}],"collection":[{"href":"https:\/\/horizonaventures.net\/index.php\/wp-json\/wp\/v2\/posts"}],"about":[{"href":"https:\/\/horizonaventures.net\/index.php\/wp-json\/wp\/v2\/types\/post"}],"author":[{"embeddable":true,"href":"https:\/\/horizonaventures.net\/index.php\/wp-json\/wp\/v2\/users\/1"}],"replies":[{"embeddable":true,"href":"https:\/\/horizonaventures.net\/index.php\/wp-json\/wp\/v2\/comments?post=2591"}],"version-history":[{"count":12,"href":"https:\/\/horizonaventures.net\/index.php\/wp-json\/wp\/v2\/posts\/2591\/revisions"}],"predecessor-version":[{"id":2614,"href":"https:\/\/horizonaventures.net\/index.php\/wp-json\/wp\/v2\/posts\/2591\/revisions\/2614"}],"wp:featuredmedia":[{"embeddable":true,"href":"https:\/\/horizonaventures.net\/index.php\/wp-json\/wp\/v2\/media\/2596"}],"wp:attachment":[{"href":"https:\/\/horizonaventures.net\/index.php\/wp-json\/wp\/v2\/media?parent=2591"}],"wp:term":[{"taxonomy":"category","embeddable":true,"href":"https:\/\/horizonaventures.net\/index.php\/wp-json\/wp\/v2\/categories?post=2591"},{"taxonomy":"post_tag","embeddable":true,"href":"https:\/\/horizonaventures.net\/index.php\/wp-json\/wp\/v2\/tags?post=2591"}],"curies":[{"name":"wp","href":"https:\/\/api.w.org\/{rel}","templated":true}]}}