{"id":2619,"date":"2025-05-06T21:56:43","date_gmt":"2025-05-06T19:56:43","guid":{"rendered":"https:\/\/horizonaventures.net\/?p=2619"},"modified":"2025-05-06T21:57:07","modified_gmt":"2025-05-06T19:57:07","slug":"le-senegal","status":"publish","type":"post","link":"https:\/\/horizonaventures.net\/index.php\/2025\/05\/06\/le-senegal\/","title":{"rendered":"Le S\u00e9n\u00e9gal"},"content":{"rendered":"\n<div id=\"wp-block-themeisle-blocks-advanced-columns-3d41d521\" class=\"wp-block-themeisle-blocks-advanced-columns has-3-columns has-desktop-equal-layout has-tablet-equal-layout has-mobile-collapsedRows-layout has-vertical-unset\"><div class=\"wp-block-themeisle-blocks-advanced-columns-overlay\"><\/div><div class=\"innerblocks-wrap\">\n<div id=\"wp-block-themeisle-blocks-advanced-column-0484565e\" class=\"wp-block-themeisle-blocks-advanced-column\">\n<h2 class=\"wp-block-heading has-text-align-center\">la r\u00e9publique du S\u00e9n\u00e9gal<\/h2>\n\n\n\n<p style=\"padding-right:var(--wp--preset--spacing--30);padding-left:var(--wp--preset--spacing--30)\"><strong>Le S\u00e9n\u00e9gal, situ\u00e9 \u00e0 l\u2019extr\u00e9mit\u00e9 occidentale de l\u2019Afrique, est une terre de contrastes et de d\u00e9couvertes. <\/strong><\/p>\n\n\n\n<p style=\"padding-right:var(--wp--preset--spacing--30);padding-left:var(--wp--preset--spacing--30)\"><strong>Entre plages paradisiaques, parcs nationaux comme Niokolo-Koba ou Djoudj, et sites historiques tels que l\u2019\u00eele de Gor\u00e9e, le pays offre une diversit\u00e9 fascinante. La \u00ab\u00a0Teranga\u00a0\u00bb, hospitalit\u00e9 s\u00e9n\u00e9galaise, est omnipr\u00e9sente. <\/strong><\/p>\n\n\n\n<p style=\"padding-right:var(--wp--preset--spacing--30);padding-left:var(--wp--preset--spacing--30)\"><strong>Explorez Dakar, la Casamance ou le Lac Rose, et laissez-vous s\u00e9duire par ses cultures riches et ses paysages uniques entre savanes, mangroves et bolongs<\/strong>.<\/p>\n\n\n<div class=\"is-default-size aligncenter wp-block-site-logo\"><a href=\"https:\/\/horizonaventures.net\/\" class=\"custom-logo-link\" rel=\"home\"><img loading=\"lazy\" decoding=\"async\" width=\"500\" height=\"353\" src=\"https:\/\/horizonaventures.net\/wp-content\/uploads\/2024\/02\/cropped-Envie_d_horizonLogo.png\" class=\"custom-logo\" alt=\"Logo Envie d&#039;horizon\" srcset=\"https:\/\/horizonaventures.net\/wp-content\/uploads\/2024\/02\/cropped-Envie_d_horizonLogo.png 500w, https:\/\/horizonaventures.net\/wp-content\/uploads\/2024\/02\/cropped-Envie_d_horizonLogo-300x212.png 300w\" sizes=\"auto, (max-width: 500px) 100vw, 500px\" \/><\/a><\/div>\n\n\n<p class=\"has-text-align-center\"><sup><sub>Derni\u00e8re mise \u00e0 jour : 06\/05\/2025<\/sub><\/sup><\/p>\n<\/div>\n\n\n\n<div id=\"wp-block-themeisle-blocks-advanced-column-e304bd52\" class=\"wp-block-themeisle-blocks-advanced-column\"><div class=\"wp-block-image\">\n<figure class=\"aligncenter size-full is-resized\"><a href=\"https:\/\/www.visitezlesenegal.com\/\" target=\"_blank\" rel=\" noreferrer noopener\"><img alt=\"\" loading=\"lazy\" decoding=\"async\" width=\"2048\" height=\"666\" src=\"https:\/\/horizonaventures.net\/wp-content\/uploads\/2025\/05\/SENEGAL_logo.png\" alt=\"\" class=\"wp-image-2663\" style=\"width:151px;height:auto\" srcset=\"https:\/\/horizonaventures.net\/wp-content\/uploads\/2025\/05\/SENEGAL_logo.png 2048w, https:\/\/horizonaventures.net\/wp-content\/uploads\/2025\/05\/SENEGAL_logo-300x98.png 300w, https:\/\/horizonaventures.net\/wp-content\/uploads\/2025\/05\/SENEGAL_logo-1024x333.png 1024w, https:\/\/horizonaventures.net\/wp-content\/uploads\/2025\/05\/SENEGAL_logo-768x250.png 768w, https:\/\/horizonaventures.net\/wp-content\/uploads\/2025\/05\/SENEGAL_logo-1536x500.png 1536w\" sizes=\"auto, (max-width: 2048px) 100vw, 2048px\" \/><\/a><\/figure>\n<\/div>\n\n<div class=\"wp-block-image\">\n<figure class=\"aligncenter size-full is-resized has-custom-border\"><img alt=\"\" loading=\"lazy\" decoding=\"async\" width=\"576\" height=\"1024\" src=\"https:\/\/horizonaventures.net\/wp-content\/uploads\/2025\/05\/64e90c83-1fcd-4b14-b3ec-29203512517b-edited.png\" alt=\"\" class=\"wp-image-2666\" style=\"border-width:1px;border-radius:10px;width:333px;height:auto\" srcset=\"https:\/\/horizonaventures.net\/wp-content\/uploads\/2025\/05\/64e90c83-1fcd-4b14-b3ec-29203512517b-edited.png 576w, https:\/\/horizonaventures.net\/wp-content\/uploads\/2025\/05\/64e90c83-1fcd-4b14-b3ec-29203512517b-edited-169x300.png 169w\" sizes=\"auto, (max-width: 576px) 100vw, 576px\" \/><\/figure>\n<\/div><\/div>\n\n\n\n<div id=\"wp-block-themeisle-blocks-advanced-column-c35dfe14\" class=\"wp-block-themeisle-blocks-advanced-column\">\n<hr class=\"wp-block-separator has-alpha-channel-opacity\"\/>\n\n\n\n<p class=\"has-text-align-center\"><strong>Pays :<\/strong> la r\u00e9publique du S\u00e9n\u00e9gal<br><strong>Region :<\/strong><a href=\"https:\/\/horizonaventures.net\/index.php\/2024\/06\/09\/afrique-ouest-1\/\" data-type=\"link\" data-id=\"https:\/\/horizonaventures.net\/index.php\/2024\/08\/17\/afrique-australe-1\/\" target=\"_blank\" rel=\"noreferrer noopener\">Afrique de l\u2019Ouest francophone<\/a><\/p>\n\n\n<div class=\"wp-block-image\">\n<figure class=\"aligncenter size-large is-resized has-custom-border\"><img decoding=\"async\" src=\"https:\/\/www.welt-flaggen.de\/data\/flags\/w580\/sn.webp\" alt=\"\" style=\"border-width:1px;border-radius:10px;width:154px;height:auto\"\/><\/figure>\n<\/div>\n\n\n<p class=\"has-text-align-center\">Office du tourisme : <br><a href=\"https:\/\/www.visitezlesenegal.com\/\" data-type=\"link\" data-id=\"https:\/\/mintoul.gov.cm\/\" target=\"_blank\" rel=\"noreferrer noopener\">https:\/\/www.visitezlesenegal.com\/<\/a><\/p>\n\n\n\n<hr class=\"wp-block-separator has-alpha-channel-opacity\"\/>\n\n\n\n<figure class=\"wp-block-embed aligncenter is-type-video is-provider-youtube wp-block-embed-youtube wp-embed-aspect-16-9 wp-has-aspect-ratio\"><div class=\"wp-block-embed__wrapper\">\n<div class=\"nv-iframe-embed\"><iframe loading=\"lazy\" title=\"L\u2019Afrique\" width=\"1200\" height=\"675\" src=\"https:\/\/www.youtube.com\/embed\/_WZOOsLXhLM?feature=oembed\" frameborder=\"0\" allow=\"accelerometer; autoplay; clipboard-write; encrypted-media; gyroscope; picture-in-picture; web-share\" referrerpolicy=\"strict-origin-when-cross-origin\" allowfullscreen><\/iframe><\/div>\n<\/div><figcaption class=\"wp-element-caption\">L\u2019article n&rsquo;est pas disponible en video<\/figcaption><\/figure>\n\n\n\n<hr class=\"wp-block-separator has-alpha-channel-opacity\"\/>\n<\/div>\n<\/div><\/div>\n\n\n\n<div id=\"wp-block-themeisle-blocks-advanced-columns-36922587\" class=\"wp-block-themeisle-blocks-advanced-columns has-3-columns has-desktop-equal-layout has-tablet-equal-layout has-mobile-collapsedRows-layout has-vertical-unset\"><div class=\"wp-block-themeisle-blocks-advanced-columns-overlay\"><\/div><div class=\"innerblocks-wrap\">\n<div id=\"wp-block-themeisle-blocks-advanced-column-316d9744\" class=\"wp-block-themeisle-blocks-advanced-column\">\n<h3 class=\"wp-block-heading\">G\u00e9ographie <\/h3>\n\n\n\n<p style=\"padding-right:var(--wp--preset--spacing--30);padding-left:var(--wp--preset--spacing--30)\">Le S\u00e9n\u00e9gal, situ\u00e9 \u00e0 <strong>l\u2019extr\u00e9mit\u00e9 occidentale de l\u2019Afrique<\/strong>, couvre 196 722 km\u00b2. <\/p>\n\n\n\n<p style=\"padding-right:var(--wp--preset--spacing--30);padding-left:var(--wp--preset--spacing--30)\">Bord\u00e9 par l\u2019oc\u00e9an Atlantique \u00e0 l\u2019ouest, il partage des fronti\u00e8res avec la <strong>Mauritanie, le Mali, la Guin\u00e9e<\/strong> et<strong> la Guin\u00e9e-Bissau<\/strong>. <\/p>\n\n\n\n<p style=\"padding-right:var(--wp--preset--spacing--30);padding-left:var(--wp--preset--spacing--30)\">Le pays est travers\u00e9 par quatre fleuves majeurs : <strong>le S\u00e9n\u00e9gal, la Gambie, le Saloum<\/strong> et <strong>la Casamance<\/strong>. <\/p>\n\n\n\n<p style=\"padding-right:var(--wp--preset--spacing--30);padding-left:var(--wp--preset--spacing--30)\">Son <strong>relief est plat<\/strong>, culminant \u00e0 581 m au sud-est. <\/p>\n\n\n\n<p style=\"padding-right:var(--wp--preset--spacing--30);padding-left:var(--wp--preset--spacing--30)\">La diversit\u00e9 climatique va du Sahel au nord \u00e0 la for\u00eat tropicale au sud<\/p>\n\n\n\n<p class=\"has-text-align-center\"><a href=\"https:\/\/maps.app.goo.gl\/WMiTCa2GfT6w2mhT7\" data-type=\"link\" data-id=\"https:\/\/maps.app.goo.gl\/EE99QksJ5VKpeatK6\" target=\"_blank\" rel=\"noreferrer noopener\">Google Map \/ S\u00e9n\u00e9gal<\/a><\/p>\n<\/div>\n\n\n\n<div id=\"wp-block-themeisle-blocks-advanced-column-6f1a5b3b\" class=\"wp-block-themeisle-blocks-advanced-column\">\n<h3 class=\"wp-block-heading\">Religions<\/h3>\n\n\n\n<p style=\"padding-right:var(--wp--preset--spacing--30);padding-left:var(--wp--preset--spacing--30)\">Le S\u00e9n\u00e9gal, pays \u00e0 <strong>majorit\u00e9 musulmane <\/strong>(environ 95 %), est un mod\u00e8le de coexistence religieuse. <\/p>\n\n\n\n<p style=\"padding-right:var(--wp--preset--spacing--30);padding-left:var(--wp--preset--spacing--30)\"><strong>Les confr\u00e9ries soufies<\/strong>, comme les Mourides et les Tijanes, jouent un r\u00f4le cl\u00e9 dans la soci\u00e9t\u00e9. <\/p>\n\n\n\n<p style=\"padding-right:var(--wp--preset--spacing--30);padding-left:var(--wp--preset--spacing--30)\">Le christianisme (4 %) et les croyances traditionnelles <strong>cohabitent harmonieusement<\/strong> avec l\u2019islam. <\/p>\n\n\n\n<p style=\"padding-right:var(--wp--preset--spacing--30);padding-left:var(--wp--preset--spacing--30)\">Ce climat de tol\u00e9rance se refl\u00e8te dans les c\u00e9l\u00e9brations interreligieuses et la politique de la\u00efcit\u00e9 de l\u2019\u00c9tat, qui garantit la libert\u00e9 de culte et renforce l\u2019unit\u00e9 nationale.<\/p>\n<\/div>\n\n\n\n<div id=\"wp-block-themeisle-blocks-advanced-column-ddc62680\" class=\"wp-block-themeisle-blocks-advanced-column\">\n<h3 class=\"wp-block-heading\">Langues <\/h3>\n\n\n\n<p style=\"padding-right:var(--wp--preset--spacing--30);padding-left:var(--wp--preset--spacing--30)\">Le S\u00e9n\u00e9gal est <strong>un pays multilingue<\/strong> o\u00f9 <strong>le fran\u00e7ais<\/strong>, langue officielle, est utilis\u00e9 dans l\u2019administration, l\u2019\u00e9ducation et les m\u00e9dias. <\/p>\n\n\n\n<p style=\"padding-right:var(--wp--preset--spacing--30);padding-left:var(--wp--preset--spacing--30)\"><strong>Le wolof<\/strong>, langue v\u00e9hiculaire, est compris par plus de 85 % de la population et parl\u00e9 au quotidien par une majorit\u00e9. <\/p>\n\n\n\n<p style=\"padding-right:var(--wp--preset--spacing--30);padding-left:var(--wp--preset--spacing--30)\">En outre, <strong>21 langues nationales <\/strong>codifi\u00e9es, comme <strong>le pulaar, le s\u00e9r\u00e8re<\/strong> ou <strong>le diola<\/strong>, refl\u00e8tent la diversit\u00e9 culturelle. <\/p>\n\n\n\n<p style=\"padding-right:var(--wp--preset--spacing--30);padding-left:var(--wp--preset--spacing--30)\"><strong>L\u2019arabe<\/strong> occupe \u00e9galement une place importante dans le contexte religieux.<\/p>\n\n\n<div class=\"is-default-size aligncenter wp-block-site-logo\"><a href=\"https:\/\/horizonaventures.net\/\" class=\"custom-logo-link\" rel=\"home\"><img loading=\"lazy\" decoding=\"async\" width=\"500\" height=\"353\" src=\"https:\/\/horizonaventures.net\/wp-content\/uploads\/2024\/02\/cropped-Envie_d_horizonLogo.png\" class=\"custom-logo\" alt=\"Logo Envie d&#039;horizon\" srcset=\"https:\/\/horizonaventures.net\/wp-content\/uploads\/2024\/02\/cropped-Envie_d_horizonLogo.png 500w, https:\/\/horizonaventures.net\/wp-content\/uploads\/2024\/02\/cropped-Envie_d_horizonLogo-300x212.png 300w\" sizes=\"auto, (max-width: 500px) 100vw, 500px\" \/><\/a><\/div><\/div>\n<\/div><\/div>\n\n\n\n<div id=\"wp-block-themeisle-blocks-advanced-columns-3e9cb56f\" class=\"wp-block-themeisle-blocks-advanced-columns has-3-columns has-desktop-equal-layout has-tablet-equal-layout has-mobile-collapsedRows-layout has-vertical-unset\"><div class=\"wp-block-themeisle-blocks-advanced-columns-overlay\"><\/div><div class=\"innerblocks-wrap\">\n<div id=\"wp-block-themeisle-blocks-advanced-column-0bc1b536\" class=\"wp-block-themeisle-blocks-advanced-column\">\n<h3 class=\"wp-block-heading\">Se rendre au S\u00e9n\u00e9gal<\/h3>\n\n\n\n<p style=\"padding-right:var(--wp--preset--spacing--30);padding-left:0\">Voyager au S\u00e9n\u00e9gal depuis la France est \u00e0 la fois<strong> simple et abordable<\/strong>. <\/p>\n\n\n\n<p style=\"padding-right:var(--wp--preset--spacing--30);padding-left:0\">Des vols directs relient Paris \u00e0 Dakar en environ 5h45, avec des tarifs d\u00e9butant \u00e0 430 \u20ac. <\/p>\n\n\n\n<p style=\"padding-right:var(--wp--preset--spacing--30);padding-left:0\"><strong>L\u2019a\u00e9roport international Blaise Diagne (DSS)<\/strong>, situ\u00e9 pr\u00e8s de la capitale, est la principale porte d\u2019entr\u00e9e du pays. <\/p>\n\n\n\n<p style=\"padding-right:var(--wp--preset--spacing--30);padding-left:0\">Plusieurs compagnies, dont <strong>Air France<\/strong> et <strong>Air S\u00e9n\u00e9gal<\/strong>, assurent des liaisons r\u00e9guli\u00e8res, offrant ainsi flexibilit\u00e9 et confort aux voyageurs.<\/p>\n<\/div>\n\n\n\n<div id=\"wp-block-themeisle-blocks-advanced-column-66f4f1fd\" class=\"wp-block-themeisle-blocks-advanced-column\"><div class=\"wp-block-image\">\n<figure class=\"aligncenter size-full is-resized has-custom-border\"><img alt=\"\" loading=\"lazy\" decoding=\"async\" width=\"576\" height=\"1024\" src=\"https:\/\/horizonaventures.net\/wp-content\/uploads\/2025\/05\/1b5c1a89-6e50-445c-bda9-342a34753ab3-edited.png\" alt=\"\" class=\"wp-image-2672\" style=\"border-width:1px;border-radius:10px;width:320px;height:auto\" srcset=\"https:\/\/horizonaventures.net\/wp-content\/uploads\/2025\/05\/1b5c1a89-6e50-445c-bda9-342a34753ab3-edited.png 576w, https:\/\/horizonaventures.net\/wp-content\/uploads\/2025\/05\/1b5c1a89-6e50-445c-bda9-342a34753ab3-edited-169x300.png 169w\" sizes=\"auto, (max-width: 576px) 100vw, 576px\" \/><\/figure>\n<\/div><\/div>\n\n\n\n<div id=\"wp-block-themeisle-blocks-advanced-column-edb278fa\" class=\"wp-block-themeisle-blocks-advanced-column\">\n<h3 class=\"wp-block-heading\" style=\"padding-right:var(--wp--preset--spacing--30);padding-left:var(--wp--preset--spacing--30)\">Se d\u00e9placer au S\u00e9n\u00e9gal<\/h3>\n\n\n\n<p style=\"padding-right:0;padding-left:var(--wp--preset--spacing--30)\">Pour des raisons de s\u00e9curit\u00e9, il est recommand\u00e9 d\u2019<strong>opter pour les taxis ou la location avec chauffeur <\/strong>pour les longs trajets au S\u00e9n\u00e9gal. <\/p>\n\n\n\n<p style=\"padding-right:0;padding-left:var(--wp--preset--spacing--30)\">Cette solution garantit confort et tranquillit\u00e9 tout en permettant d\u2019explorer le pays en toute s\u00e9r\u00e9nit\u00e9. <\/p>\n\n\n\n<p style=\"padding-right:0;padding-left:var(--wp--preset--spacing--30)\">Le long des c\u00f4tes et dans le delta du Sine-Saloum,<strong> les pirogues <\/strong>traditionnelles sont indispensables. <\/p>\n\n\n\n<p style=\"padding-right:0;padding-left:var(--wp--preset--spacing--30)\">Elles offrent une mani\u00e8re authentique et s\u00e9curis\u00e9e de naviguer \u00e0 travers les mangroves et d\u2019atteindre des \u00eeles isol\u00e9es.<\/p>\n<\/div>\n<\/div><\/div>\n\n\n\n<div id=\"wp-block-themeisle-blocks-advanced-columns-674d90e0\" class=\"wp-block-themeisle-blocks-advanced-columns has-2-columns has-desktop-equal-layout has-tablet-equal-layout has-mobile-collapsedRows-layout has-vertical-unset\"><div class=\"wp-block-themeisle-blocks-advanced-columns-overlay\"><\/div><div class=\"innerblocks-wrap\">\n<div id=\"wp-block-themeisle-blocks-advanced-column-f9b13965\" class=\"wp-block-themeisle-blocks-advanced-column\">\n<h3 class=\"wp-block-heading\">S\u00e9n\u00e9gal : la saison s\u00e8che, <br>un moment id\u00e9al<\/h3>\n\n\n\n<p style=\"padding-right:var(--wp--preset--spacing--30);padding-left:var(--wp--preset--spacing--30)\"><strong>La meilleure p\u00e9riode<\/strong> pour visiter le S\u00e9n\u00e9gal s\u2019\u00e9tend de <strong>novembre \u00e0 mai<\/strong>, durant la saison s\u00e8che. <\/p>\n\n\n\n<p style=\"padding-right:var(--wp--preset--spacing--30);padding-left:var(--wp--preset--spacing--30)\">Les temp\u00e9ratures y sont agr\u00e9ables, autour de <strong>25-28\u00b0C<\/strong>, et les journ\u00e9es ensoleill\u00e9es permettent de profiter pleinement des plages, parcs naturels et sites historiques. <\/p>\n\n\n\n<p style=\"padding-right:var(--wp--preset--spacing--30);padding-left:var(--wp--preset--spacing--30)\">\u00c9vitez <strong>la saison des pluies (juin \u00e0 octobre)<\/strong>, o\u00f9 les fortes pr\u00e9cipitations peuvent rendre certaines routes impraticables. <\/p>\n\n\n\n<p style=\"padding-right:var(--wp--preset--spacing--30);padding-left:var(--wp--preset--spacing--30)\">Entre climat doux et paysages accessibles, la saison s\u00e8che est parfaite pour explorer ce pays fascinant.<\/p>\n<\/div>\n\n\n\n<div id=\"wp-block-themeisle-blocks-advanced-column-07007b8c\" class=\"wp-block-themeisle-blocks-advanced-column\">\n<h3 class=\"wp-block-heading\">Formalit\u00e9s d&rsquo;entr\u00e9e et sanitaire<\/h3>\n\n\n\n<p style=\"padding-right:var(--wp--preset--spacing--30);padding-left:var(--wp--preset--spacing--30)\">Pour un s\u00e9jour touristique au S\u00e9n\u00e9gal de moins de 90 jours, les ressortissants fran\u00e7ais n\u2019ont <strong>pas besoin de visa<\/strong>, mais doivent pr\u00e9senter <strong>un passeport valide au moins 6 mois apr\u00e8s leur retour.<\/strong> <\/p>\n\n\n\n<p style=\"padding-right:var(--wp--preset--spacing--30);padding-left:var(--wp--preset--spacing--30)\">C\u00f4t\u00e9 sant\u00e9, il est recommand\u00e9 d\u2019\u00eatre \u00e0 jour sur les vaccins habituels (DTP, ROR) et contre la fi\u00e8vre jaune. <\/p>\n\n\n\n<p style=\"padding-right:var(--wp--preset--spacing--30);padding-left:var(--wp--preset--spacing--30)\">Une assurance sant\u00e9 couvrant les frais m\u00e9dicaux et le rapatriement est fortement conseill\u00e9e pour voyager sereinement<\/p>\n\n\n\n<p class=\"has-text-align-center\"><a href=\"https:\/\/www.diplomatie.gouv.fr\/fr\/conseils-aux-voyageurs\/conseils-par-pays-destination\/senegal\/\" data-type=\"link\" data-id=\"https:\/\/www.diplomatie.gouv.fr\/fr\/conseils-aux-voyageurs\/conseils-par-pays-destination\/thailande\/\" target=\"_blank\" rel=\"noreferrer noopener\">Diplomatie.gov \/Conseils aux Voyageurs \/S\u00e9n\u00e9gal <\/a><\/p>\n<\/div>\n<\/div><\/div>\n\n\n\n<div id=\"wp-block-themeisle-blocks-advanced-columns-882bac18\" class=\"wp-block-themeisle-blocks-advanced-columns has-2-columns has-desktop-equal-layout has-tablet-equal-layout has-mobile-collapsedRows-layout has-vertical-unset\"><div class=\"wp-block-themeisle-blocks-advanced-columns-overlay\"><\/div><div class=\"innerblocks-wrap\">\n<div id=\"wp-block-themeisle-blocks-advanced-column-1b0f933d\" class=\"wp-block-themeisle-blocks-advanced-column\"><div class=\"wp-block-image\">\n<figure class=\"aligncenter size-full is-resized has-custom-border\"><img alt=\"\" loading=\"lazy\" decoding=\"async\" width=\"1024\" height=\"1024\" src=\"https:\/\/horizonaventures.net\/wp-content\/uploads\/2025\/05\/8a643e80-7c96-4047-bbdb-f0e6214954e9.png\" alt=\"\" class=\"wp-image-2673\" style=\"border-width:1px;border-radius:10px;width:458px;height:auto\" srcset=\"https:\/\/horizonaventures.net\/wp-content\/uploads\/2025\/05\/8a643e80-7c96-4047-bbdb-f0e6214954e9.png 1024w, https:\/\/horizonaventures.net\/wp-content\/uploads\/2025\/05\/8a643e80-7c96-4047-bbdb-f0e6214954e9-300x300.png 300w, https:\/\/horizonaventures.net\/wp-content\/uploads\/2025\/05\/8a643e80-7c96-4047-bbdb-f0e6214954e9-150x150.png 150w, https:\/\/horizonaventures.net\/wp-content\/uploads\/2025\/05\/8a643e80-7c96-4047-bbdb-f0e6214954e9-768x768.png 768w\" sizes=\"auto, (max-width: 1024px) 100vw, 1024px\" \/><\/figure>\n<\/div><\/div>\n\n\n\n<div id=\"wp-block-themeisle-blocks-advanced-column-95f150b0\" class=\"wp-block-themeisle-blocks-advanced-column\">\n<h3 class=\"wp-block-heading\">Bref Une histoire riche et plurielle : le S\u00e9n\u00e9gal \u00e0 travers les \u00e2ges<\/h3>\n\n\n\n<p>Le S\u00e9n\u00e9gal a vu na\u00eetre de grands empires comme <strong>le Djolof <\/strong>au XIIIe si\u00e8cle, unifiant divers peuples sous <strong>une culture wolof<\/strong>. <\/p>\n\n\n\n<p>Avec<strong> l\u2019arriv\u00e9e des Europ\u00e9ens au XVe si\u00e8cle<\/strong>, le pays devient un carrefour du commerce triangulaire. <\/p>\n\n\n\n<p>Colonis\u00e9 par la France, <strong>il acc\u00e8de \u00e0 l\u2019ind\u00e9pendance en 1960<\/strong>. <\/p>\n\n\n\n<p>Terre de royaumes, de r\u00e9sistances et de brassages culturels, son histoire refl\u00e8te une richesse unique en Afrique de l\u2019Ouest.<\/p>\n\n\n<div class=\"aligncenter wp-block-site-logo\"><a href=\"https:\/\/horizonaventures.net\/\" class=\"custom-logo-link\" rel=\"home\"><img loading=\"lazy\" decoding=\"async\" width=\"93\" height=\"65\" src=\"https:\/\/horizonaventures.net\/wp-content\/uploads\/2024\/02\/cropped-Envie_d_horizonLogo.png\" class=\"custom-logo\" alt=\"Logo Envie d&#039;horizon\" srcset=\"https:\/\/horizonaventures.net\/wp-content\/uploads\/2024\/02\/cropped-Envie_d_horizonLogo.png 500w, https:\/\/horizonaventures.net\/wp-content\/uploads\/2024\/02\/cropped-Envie_d_horizonLogo-300x212.png 300w\" sizes=\"auto, (max-width: 93px) 100vw, 93px\" \/><\/a><\/div><\/div>\n<\/div><\/div>\n\n\n\n<div id=\"wp-block-themeisle-blocks-advanced-columns-66e9d595\" class=\"wp-block-themeisle-blocks-advanced-columns has-2-columns has-desktop-equal-layout has-tablet-equal-layout has-mobile-collapsedRows-layout has-vertical-unset\"><div class=\"wp-block-themeisle-blocks-advanced-columns-overlay\"><\/div><div class=\"innerblocks-wrap\">\n<div id=\"wp-block-themeisle-blocks-advanced-column-606136a1\" class=\"wp-block-themeisle-blocks-advanced-column\">\n<h3 class=\"wp-block-heading\">Les tr\u00e9sors naturels et historiques du S\u00e9n\u00e9gal<\/h3>\n\n\n\n<p style=\"padding-right:var(--wp--preset--spacing--30);padding-left:var(--wp--preset--spacing--30)\">Le S\u00e9n\u00e9gal regorge de sites fascinants. <\/p>\n\n\n\n<p style=\"padding-right:var(--wp--preset--spacing--30);padding-left:var(--wp--preset--spacing--30)\"><strong>L\u2019\u00eele de Gor\u00e9e,<\/strong> class\u00e9e \u00e0 l\u2019UNESCO, est un lieu de m\u00e9moire \u00e9mouvant sur la traite n\u00e9gri\u00e8re. <\/p>\n\n\n\n<p style=\"padding-right:var(--wp--preset--spacing--30);padding-left:var(--wp--preset--spacing--30)\"><strong>Le Lac Rose, <\/strong>c\u00e9l\u00e8bre pour sa teinte unique, offre des paysages saisissants. <\/p>\n\n\n\n<p style=\"padding-right:var(--wp--preset--spacing--30);padding-left:var(--wp--preset--spacing--30)\"><strong>Le parc du Djoudj<\/strong>, troisi\u00e8me r\u00e9serve ornithologique mondiale, abrite des millions d\u2019oiseaux migrateurs. <\/p>\n\n\n\n<p style=\"padding-right:var(--wp--preset--spacing--30);padding-left:var(--wp--preset--spacing--30)\">Enfin, <strong>la r\u00e9serve de Bandia <\/strong>propose des safaris captivants au c\u0153ur de la savane, avec girafes, rhinoc\u00e9ros et baobabs g\u00e9ants.<\/p>\n<\/div>\n\n\n\n<div id=\"wp-block-themeisle-blocks-advanced-column-1e8ccb9a\" class=\"wp-block-themeisle-blocks-advanced-column\"><div class=\"wp-block-image\">\n<figure class=\"aligncenter size-full is-resized has-custom-border\"><img alt=\"\" loading=\"lazy\" decoding=\"async\" width=\"1024\" height=\"1024\" src=\"https:\/\/horizonaventures.net\/wp-content\/uploads\/2025\/05\/19ef036c-1d12-4bc5-85a7-b0b7b83541ab.png\" alt=\"\" class=\"wp-image-2676\" style=\"border-width:1px;border-radius:10px;width:438px;height:auto\" srcset=\"https:\/\/horizonaventures.net\/wp-content\/uploads\/2025\/05\/19ef036c-1d12-4bc5-85a7-b0b7b83541ab.png 1024w, https:\/\/horizonaventures.net\/wp-content\/uploads\/2025\/05\/19ef036c-1d12-4bc5-85a7-b0b7b83541ab-300x300.png 300w, https:\/\/horizonaventures.net\/wp-content\/uploads\/2025\/05\/19ef036c-1d12-4bc5-85a7-b0b7b83541ab-150x150.png 150w, https:\/\/horizonaventures.net\/wp-content\/uploads\/2025\/05\/19ef036c-1d12-4bc5-85a7-b0b7b83541ab-768x768.png 768w\" sizes=\"auto, (max-width: 1024px) 100vw, 1024px\" \/><\/figure>\n<\/div><\/div>\n<\/div><\/div>\n\n\n\n<div id=\"wp-block-themeisle-blocks-advanced-columns-6227b991\" class=\"wp-block-themeisle-blocks-advanced-columns has-3-columns has-desktop-equal-layout has-tablet-equal-layout has-mobile-collapsedRows-layout has-vertical-unset\"><div class=\"wp-block-themeisle-blocks-advanced-columns-overlay\"><\/div><div class=\"innerblocks-wrap\">\n<div id=\"wp-block-themeisle-blocks-advanced-column-ea8e9bc6\" class=\"wp-block-themeisle-blocks-advanced-column\">\n<h3 class=\"wp-block-heading\">Dakar et la Petite C\u00f4te : entre dynamisme urbain et d\u00e9tente baln\u00e9aire<\/h3>\n\n\n\n<p style=\"padding-right:var(--wp--preset--spacing--30);padding-left:var(--wp--preset--spacing--30)\"><strong>Dakar, <\/strong>capitale vibrante du S\u00e9n\u00e9gal, s\u00e9duit par ses march\u00e9s anim\u00e9s comme <strong>Sandaga,<\/strong> ses monuments embl\u00e9matiques tels que l<strong>e Monument de la Renaissance <\/strong>et ses plages pris\u00e9es comme <strong>N\u2019Gor<\/strong>. <\/p>\n\n\n\n<p style=\"padding-right:var(--wp--preset--spacing--30);padding-left:var(--wp--preset--spacing--30)\">Au sud, <strong>la Petite C\u00f4te<\/strong> offre un contraste apaisant avec ses stations baln\u00e9aires (<strong>Saly, Somone<\/strong>) id\u00e9ales pour se relaxer. <\/p>\n\n\n\n<p style=\"padding-right:var(--wp--preset--spacing--30);padding-left:var(--wp--preset--spacing--30)\"><strong>La r\u00e9serve de Bandia<\/strong>, \u00e0 proximit\u00e9, permet de d\u00e9couvrir la faune africaine lors de safaris au c\u0153ur d\u2019une nature pr\u00e9serv\u00e9e.<\/p>\n<\/div>\n\n\n\n<div id=\"wp-block-themeisle-blocks-advanced-column-09fc5516\" class=\"wp-block-themeisle-blocks-advanced-column\">\n<h3 class=\"wp-block-heading has-neve-link-color-color has-text-color has-link-color wp-elements-238720506640b793f541937d8f30ed34\">Saint-Louis et le Nord : entre histoire, nature et traditions<\/h3>\n\n\n\n<p style=\"padding-right:var(--wp--preset--spacing--30);padding-left:var(--wp--preset--spacing--30)\"><strong>Saint-Louis,<\/strong> ancienne capitale coloniale, charme par son architecture historique et ses ruelles pittoresques. <\/p>\n\n\n\n<p style=\"padding-right:var(--wp--preset--spacing--30);padding-left:var(--wp--preset--spacing--30)\">\u00c0 proximit\u00e9, <strong>le parc du Djoudj<\/strong>, troisi\u00e8me r\u00e9serve ornithologique mondiale, est un paradis pour les amateurs d\u2019oiseaux. <\/p>\n\n\n\n<p style=\"padding-right:var(--wp--preset--spacing--30);padding-left:var(--wp--preset--spacing--30)\"><strong>Le d\u00e9sert de Lompoul<\/strong>, avec ses dunes dor\u00e9es, offre une exp\u00e9rience unique. <\/p>\n\n\n\n<p style=\"padding-right:var(--wp--preset--spacing--30);padding-left:var(--wp--preset--spacing--30)\">Plus au nord, <strong>le Fouta <\/strong>d\u00e9voile des paysages sah\u00e9liens et une riche culture peule, entre traditions ancestrales et hospitalit\u00e9 chaleureuse. <\/p>\n\n\n\n<p style=\"padding-right:var(--wp--preset--spacing--30);padding-left:var(--wp--preset--spacing--30)\">Une r\u00e9gion \u00e0 d\u00e9couvrir absolument.<\/p>\n<\/div>\n\n\n\n<div id=\"wp-block-themeisle-blocks-advanced-column-2b90f083\" class=\"wp-block-themeisle-blocks-advanced-column\">\n<h3 class=\"wp-block-heading has-neve-link-color-color has-text-color has-link-color wp-elements-5f9d2859c24cbf45c70dc95442597b13\" style=\"padding-right:var(--wp--preset--spacing--30);padding-left:var(--wp--preset--spacing--30)\">Le Sine-Saloum : un joyau naturel et culturel du S\u00e9n\u00e9gal<\/h3>\n\n\n\n<p>Class\u00e9 au patrimoine mondial de l\u2019UNESCO, <strong>le delta du Sine-Saloum<\/strong> est un lieu magique o\u00f9 se m\u00ealent mangroves, <strong>\u00eeles aux coquillages <\/strong>et <strong>bolongs<\/strong>. <\/p>\n\n\n\n<p>Ce labyrinthe aquatique abrite une biodiversit\u00e9 exceptionnelle, notamment des oiseaux migrateurs. <\/p>\n\n\n\n<p>Les visiteurs peuvent <strong>explorer la r\u00e9gion en pirogue<\/strong>, s\u00e9journer dans des lodges \u00e9cologiques et d\u00e9couvrir les traditions des populations locales. <\/p>\n\n\n\n<p>Ce sanctuaire unique offre une immersion totale dans la nature et la culture s\u00e9n\u00e9galaise.<\/p>\n<\/div>\n<\/div><\/div>\n\n\n\n<div id=\"wp-block-themeisle-blocks-advanced-columns-abe32927\" class=\"wp-block-themeisle-blocks-advanced-columns has-3-columns has-desktop-equal-layout has-tablet-equal-layout has-mobile-collapsedRows-layout has-vertical-unset\"><div class=\"wp-block-themeisle-blocks-advanced-columns-overlay\"><\/div><div class=\"innerblocks-wrap\">\n<div id=\"wp-block-themeisle-blocks-advanced-column-806546ab\" class=\"wp-block-themeisle-blocks-advanced-column\">\n<h3 class=\"wp-block-heading\">Casamance : entre nature luxuriante et traditions authentiques<\/h3>\n\n\n\n<p style=\"padding-right:var(--wp--preset--spacing--30);padding-left:var(--wp--preset--spacing--30)\"><strong>La Casamance<\/strong>, au sud du S\u00e9n\u00e9gal, s\u00e9duit par ses for\u00eats tropicales, <strong>ses bolongs<\/strong> (chenaux d\u2019eau sal\u00e9e) et ses plages idylliques comme celles de<strong> Cap Skirring<\/strong>, id\u00e9ales pour se d\u00e9tendre. <\/p>\n\n\n\n<p style=\"padding-right:var(--wp--preset--spacing--30);padding-left:var(--wp--preset--spacing--30)\">R\u00e9gion pr\u00e9serv\u00e9e et authentique, elle abrite <strong>les villages diolas<\/strong> o\u00f9 d\u00e9couvrir des traditions ancestrales. <\/p>\n\n\n\n<p style=\"padding-right:var(--wp--preset--spacing--30);padding-left:var(--wp--preset--spacing--30)\">Naviguez en pirogue \u00e0 travers<strong> les mangroves<\/strong> ou explorez les \u00eeles et rizi\u00e8res pour une immersion totale dans ce paradis naturel.<\/p>\n<\/div>\n\n\n\n<div id=\"wp-block-themeisle-blocks-advanced-column-eb391b41\" class=\"wp-block-themeisle-blocks-advanced-column\"><div class=\"wp-block-image\">\n<figure class=\"aligncenter size-full is-resized has-custom-border\"><img alt=\"\" loading=\"lazy\" decoding=\"async\" width=\"202\" height=\"359\" src=\"https:\/\/horizonaventures.net\/wp-content\/uploads\/2025\/05\/8f109109-49bd-4dbc-85b9-bf5ac7a96391-edited-1.png\" alt=\"\" class=\"wp-image-2682\" style=\"border-width:1px;border-radius:10px;width:319px;height:auto\" srcset=\"https:\/\/horizonaventures.net\/wp-content\/uploads\/2025\/05\/8f109109-49bd-4dbc-85b9-bf5ac7a96391-edited-1.png 202w, https:\/\/horizonaventures.net\/wp-content\/uploads\/2025\/05\/8f109109-49bd-4dbc-85b9-bf5ac7a96391-edited-1-169x300.png 169w\" sizes=\"auto, (max-width: 202px) 100vw, 202px\" \/><\/figure>\n<\/div><\/div>\n\n\n\n<div id=\"wp-block-themeisle-blocks-advanced-column-cd6772ec\" class=\"wp-block-themeisle-blocks-advanced-column\">\n<h3 class=\"wp-block-heading\" style=\"padding-right:var(--wp--preset--spacing--30);padding-left:var(--wp--preset--spacing--30)\">S\u00e9n\u00e9gal Oriental : entre nature sauvage et h\u00e9ritage culturel<\/h3>\n\n\n\n<p style=\"padding-right:var(--wp--preset--spacing--30);padding-left:var(--wp--preset--spacing--30)\"><strong>Le S\u00e9n\u00e9gal Oriental <\/strong>offre des paysages spectaculaires, avec <strong>les chutes de Dindefelo<\/strong> nich\u00e9es dans une v\u00e9g\u00e9tation luxuriante et <strong>les cercles m\u00e9galithiques de Wassu,<\/strong> class\u00e9s \u00e0 l\u2019UNESCO. <\/p>\n\n\n\n<p style=\"padding-right:var(--wp--preset--spacing--30);padding-left:var(--wp--preset--spacing--30)\">Cette r\u00e9gion montagneuse est aussi le berceau des <strong>cultures mandingues<\/strong>, o\u00f9 les peuples <strong>Bassari <\/strong>et <strong>B\u00e9dik<\/strong> pr\u00e9servent leurs traditions. <\/p>\n\n\n\n<p style=\"padding-right:var(--wp--preset--spacing--30);padding-left:var(--wp--preset--spacing--30)\">Id\u00e9al pour les amoureux d\u2019aventure, ce territoire combine randonn\u00e9es, \u00e9cotourisme et immersion dans une nature pr\u00e9serv\u00e9e et authentique.<\/p>\n<\/div>\n<\/div><\/div>\n\n\n\n<div id=\"wp-block-themeisle-blocks-advanced-columns-27429f28\" class=\"wp-block-themeisle-blocks-advanced-columns has-2-columns has-desktop-equal-layout has-tablet-equal-layout has-mobile-collapsedRows-layout has-vertical-unset\"><div class=\"wp-block-themeisle-blocks-advanced-columns-overlay\"><\/div><div class=\"innerblocks-wrap\">\n<div id=\"wp-block-themeisle-blocks-advanced-column-123dd03b\" class=\"wp-block-themeisle-blocks-advanced-column\"><div class=\"wp-block-image\">\n<figure class=\"aligncenter size-full is-resized has-custom-border\"><img alt=\"\" loading=\"lazy\" decoding=\"async\" width=\"1024\" height=\"1024\" src=\"https:\/\/horizonaventures.net\/wp-content\/uploads\/2025\/05\/700edd4d-1351-477e-9ee6-30675b1516fc.png\" alt=\"\" class=\"wp-image-2678\" style=\"border-width:1px;border-radius:10px;width:457px;height:auto\" srcset=\"https:\/\/horizonaventures.net\/wp-content\/uploads\/2025\/05\/700edd4d-1351-477e-9ee6-30675b1516fc.png 1024w, https:\/\/horizonaventures.net\/wp-content\/uploads\/2025\/05\/700edd4d-1351-477e-9ee6-30675b1516fc-300x300.png 300w, https:\/\/horizonaventures.net\/wp-content\/uploads\/2025\/05\/700edd4d-1351-477e-9ee6-30675b1516fc-150x150.png 150w, https:\/\/horizonaventures.net\/wp-content\/uploads\/2025\/05\/700edd4d-1351-477e-9ee6-30675b1516fc-768x768.png 768w\" sizes=\"auto, (max-width: 1024px) 100vw, 1024px\" \/><\/figure>\n<\/div><\/div>\n\n\n\n<div id=\"wp-block-themeisle-blocks-advanced-column-865cad4c\" class=\"wp-block-themeisle-blocks-advanced-column\">\n<h3 class=\"wp-block-heading\">Centre du S\u00e9n\u00e9gal : entre savanes et rencontres authentiques<\/h3>\n\n\n\n<p><strong>L<\/strong>e centre du S\u00e9n\u00e9gal, avec <strong>le Ferlo<\/strong> et<strong> Tambacounda<\/strong>, offre des paysages de savanes infinies et une faune exceptionnelle. <\/p>\n\n\n\n<p><strong>Le parc national du Niokolo-Koba<\/strong>, inscrit \u00e0 l\u2019UNESCO, est un sanctuaire pour lions, \u00e9l\u00e9phants et antilopes, id\u00e9al pour des safaris. <\/p>\n\n\n\n<p>La r\u00e9gion permet aussi de d\u00e9couvrir <strong>les traditions des ethnies locales<\/strong>, offrant une immersion culturelle unique dans un cadre naturel pr\u00e9serv\u00e9 et riche en biodiversit\u00e9.<\/p>\n<\/div>\n<\/div><\/div>\n\n\n\n<div id=\"wp-block-themeisle-blocks-advanced-columns-42d68245\" class=\"wp-block-themeisle-blocks-advanced-columns has-2-columns has-desktop-equal-layout has-tablet-equal-layout has-mobile-collapsedRows-layout has-vertical-unset\"><div class=\"wp-block-themeisle-blocks-advanced-columns-overlay\"><\/div><div class=\"innerblocks-wrap\">\n<div id=\"wp-block-themeisle-blocks-advanced-column-4cb0d7e7\" class=\"wp-block-themeisle-blocks-advanced-column\">\n<h3 class=\"wp-block-heading\">Le Grand Magal de Touba : un p\u00e8lerinage spirituel et festif<\/h3>\n\n\n\n<p style=\"padding-right:var(--wp--preset--spacing--30);padding-left:var(--wp--preset--spacing--30)\">Visiter <strong>Touba<\/strong> pendant <strong>le Grand Magal<\/strong>, l\u2019un des plus grands p\u00e8lerinages musulmans, est une exp\u00e9rience unique. <\/p>\n\n\n\n<p style=\"padding-right:var(--wp--preset--spacing--30);padding-left:var(--wp--preset--spacing--30)\">Cet \u00e9v\u00e9nement c\u00e9l\u00e8bre <strong>Cheikh Amadou Bamba<\/strong>, fondateur du <strong>mouridisme,<\/strong> \u00e0 travers des processions, des pri\u00e8res et des chants spirituels. <\/p>\n\n\n\n<p style=\"padding-right:var(--wp--preset--spacing--30);padding-left:var(--wp--preset--spacing--30)\">Des millions de fid\u00e8les affluent pour honorer sa m\u00e9moire dans une ambiance de ferveur et de partage. <\/p>\n\n\n\n<p style=\"padding-right:var(--wp--preset--spacing--30);padding-left:var(--wp--preset--spacing--30)\">Ce moment fort illustre la richesse spirituelle et culturelle du S\u00e9n\u00e9gal.<\/p>\n<\/div>\n\n\n\n<div id=\"wp-block-themeisle-blocks-advanced-column-c24347cc\" class=\"wp-block-themeisle-blocks-advanced-column\">\n<h3 class=\"wp-block-heading\">Un d\u00eener authentique au c\u0153ur d\u2019un village S\u00e9r\u00e8re<\/h3>\n\n\n\n<p style=\"padding-right:var(--wp--preset--spacing--30);padding-left:var(--wp--preset--spacing--30)\">D\u00eener dans <strong>un village S\u00e9r\u00e8re <\/strong>est une exp\u00e9rience immersive qui r\u00e9v\u00e8le la richesse culturelle du S\u00e9n\u00e9gal. <\/p>\n\n\n\n<p style=\"padding-right:var(--wp--preset--spacing--30);padding-left:var(--wp--preset--spacing--30)\"><strong>Partagez un repas traditionnel<\/strong>, souvent \u00e0 base de mil ou de poisson, pr\u00e9par\u00e9 avec soin par les habitants. <\/p>\n\n\n\n<p style=\"padding-right:var(--wp--preset--spacing--30);padding-left:var(--wp--preset--spacing--30)\">Profitez de l\u2019occasion pour d\u00e9couvrir des coutumes uniques, comme<strong> la fabrication artisanale de tissus<\/strong> ou les rythmes envo\u00fbtants de<strong> la musique S\u00e9r\u00e8re<\/strong>. <\/p>\n\n\n\n<p style=\"padding-right:var(--wp--preset--spacing--30);padding-left:var(--wp--preset--spacing--30)\">Ce moment chaleureux offre un aper\u00e7u authentique de la vie quotidienne et des traditions ancestrales.<\/p>\n<\/div>\n<\/div><\/div>\n\n\n\n<div id=\"wp-block-themeisle-blocks-advanced-columns-93924741\" class=\"wp-block-themeisle-blocks-advanced-columns has-3-columns has-desktop-equal-layout has-tablet-equal-layout has-mobile-collapsedRows-layout has-vertical-unset\"><div class=\"wp-block-themeisle-blocks-advanced-columns-overlay\"><\/div><div class=\"innerblocks-wrap\">\n<div id=\"wp-block-themeisle-blocks-advanced-column-4b7b6fb9\" class=\"wp-block-themeisle-blocks-advanced-column\">\n<h3 class=\"wp-block-heading\">Une croissance prometteuse<\/h3>\n\n\n\n<p>Le S\u00e9n\u00e9gal attire chaque ann\u00e9e des millions de visiteurs gr\u00e2ce \u00e0 ses richesses culturelles et naturelles. <\/p>\n\n\n\n<p>En 2023, le pays a accueilli plus de <strong>2 millions de touristes<\/strong>, avec un objectif ambitieux de 3 millions d\u2019ici fin 2025. <\/p>\n\n\n\n<p>Le secteur repr\u00e9sente environ <strong>7 % du PIB<\/strong>, g\u00e9n\u00e9rant pr\u00e8s de 800 millions USD annuels. <\/p>\n\n\n\n<p>Avec des strat\u00e9gies cibl\u00e9es et une infrastructure renforc\u00e9e, le tourisme s\u00e9n\u00e9galais continue d\u2019\u00eatre un moteur \u00e9conomique essentiel.<\/p>\n<\/div>\n\n\n\n<div id=\"wp-block-themeisle-blocks-advanced-column-1e7ee8ea\" class=\"wp-block-themeisle-blocks-advanced-column\">\n<h3 class=\"wp-block-heading has-text-align-center has-neve-link-color-color has-text-color has-link-color wp-elements-78d285d02b95e341c8926e95510d1aae\"><a href=\"https:\/\/horizonaventures.net\/index.php\/582c1-blogger-gb-news\/explorez-et-reservez\/\" data-type=\"page\" data-id=\"1896\">Carnet de voyage<\/a><\/h3>\n\n\n\n<p class=\"has-text-align-center\" style=\"padding-right:var(--wp--preset--spacing--30);padding-left:var(--wp--preset--spacing--30)\"><strong>En cours de redaction<\/strong><\/p>\n\n\n<div class=\"aligncenter wp-block-site-logo\"><a href=\"https:\/\/horizonaventures.net\/\" class=\"custom-logo-link\" rel=\"home\"><img loading=\"lazy\" decoding=\"async\" width=\"220\" height=\"155\" src=\"https:\/\/horizonaventures.net\/wp-content\/uploads\/2024\/02\/cropped-Envie_d_horizonLogo.png\" class=\"custom-logo\" alt=\"Logo Envie d&#039;horizon\" srcset=\"https:\/\/horizonaventures.net\/wp-content\/uploads\/2024\/02\/cropped-Envie_d_horizonLogo.png 500w, https:\/\/horizonaventures.net\/wp-content\/uploads\/2024\/02\/cropped-Envie_d_horizonLogo-300x212.png 300w\" sizes=\"auto, (max-width: 220px) 100vw, 220px\" \/><\/a><\/div><\/div>\n\n\n\n<div id=\"wp-block-themeisle-blocks-advanced-column-88778da4\" class=\"wp-block-themeisle-blocks-advanced-column\">\n<h4 class=\"wp-block-heading has-text-align-center\">Envisagez-vous de voyager au S\u00e9n\u00e9gal ?<\/h4>\n\n\n\n<p style=\"padding-right:var(--wp--preset--spacing--30);padding-left:var(--wp--preset--spacing--30)\">Rejoignez la Communaut\u00e9 Envie d&rsquo;Horizon ! Abonnez-vous \u00e0 <a href=\"https:\/\/www.youtube.com\/@EnviedHorizon\" data-type=\"link\" data-id=\"https:\/\/www.youtube.com\/@EnviedHorizon\" target=\"_blank\" rel=\"noreferrer noopener\"><strong>notre cha\u00eene YouTube <\/strong><\/a>pour d\u00e9couvrir des vid\u00e9os captivantes sur des destinations du monde entier. Ne manquez aucune des derni\u00e8res actualit\u00e9s en nous suivant sur <a href=\"https:\/\/horizonaventures.net\/index.php\/582c1-blogger-gb-contact\/\" data-type=\"link\" data-id=\"https:\/\/horizonaventures.net\/index.php\/582c1-blogger-gb-contact\/\" target=\"_blank\" rel=\"noreferrer noopener\"><strong>nos r\u00e9seaux sociaux<\/strong><\/a>. Votre avis est important pour nous ! N&rsquo;h\u00e9sitez pas \u00e0 laisser un commentaire ou \u00e0 nous contacter directement via notre<strong> <a href=\"https:\/\/horizonaventures.net\/index.php\/582c1-blogger-gb-contact\/\" data-type=\"link\" data-id=\"https:\/\/horizonaventures.net\/index.php\/582c1-blogger-gb-contact\/\" target=\"_blank\" rel=\"noreferrer noopener\">page de contact.<\/a><\/strong><\/p>\n\n\n\n<p class=\"has-text-align-center has-small-font-size\"><a href=\"https:\/\/horizonaventures.net\/index.php\/582c1-blogger-gb-news\/explorez-et-reservez\/\" data-type=\"page\" data-id=\"1896\">Page d\u00e9di\u00e9e au carnet de voyage sur Le S\u00e9n\u00e9gal<\/a><\/p>\n<\/div>\n<\/div><\/div>\n\n\n\n<h4 class=\"wp-block-heading has-text-align-center\" style=\"padding-top:var(--wp--preset--spacing--40);padding-bottom:var(--wp--preset--spacing--40)\">Partons ensemble \u00e0 la d\u00e9couverte <strong>de <strong>la \u00ab\u00a0Teranga\u00a0\u00bb<\/strong><\/strong> et cr\u00e9ons des souvenirs inoubliables !<\/h4>\n","protected":false},"excerpt":{"rendered":"<p>Le S\u00e9n\u00e9gal, situ\u00e9 \u00e0 l\u2019extr\u00e9mit\u00e9 occidentale de l\u2019Afrique, est une terre de contrastes et de d\u00e9couvertes. Entre plages paradisiaques, parcs nationaux comme Niokolo-Koba ou Djoudj, et sites historiques tels que l\u2019\u00eele de Gor\u00e9e, le pays offre une diversit\u00e9 fascinante. La \u00ab\u00a0Teranga\u00a0\u00bb, hospitalit\u00e9 s\u00e9n\u00e9galaise, est omnipr\u00e9sente. Explorez Dakar, la Casamance ou le Lac Rose, et laissez-vous s\u00e9duire par ses cultures riches et ses paysages uniques entre savanes, mangroves et bolongs.<\/p>\n","protected":false},"author":1,"featured_media":2665,"comment_status":"closed","ping_status":"open","sticky":false,"template":"","format":"standard","meta":{"_seopress_robots_primary_cat":"","_seopress_titles_title":"","_seopress_titles_desc":"","_seopress_robots_index":"","neve_meta_sidebar":"","neve_meta_container":"","neve_meta_enable_content_width":"","neve_meta_content_width":0,"neve_meta_title_alignment":"","neve_meta_author_avatar":"","neve_post_elements_order":"","neve_meta_disable_header":"","neve_meta_disable_footer":"","neve_meta_disable_title":"","_themeisle_gutenberg_block_has_review":false,"footnotes":""},"categories":[7,3,2],"tags":[29,53,33,11],"class_list":["post-2619","post","type-post","status-publish","format-standard","has-post-thumbnail","hentry","category-afrique","category-geographie","category-le-monde","tag-afrique","tag-afrique-ouest","tag-tourisme","tag-voyage"],"_links":{"self":[{"href":"https:\/\/horizonaventures.net\/index.php\/wp-json\/wp\/v2\/posts\/2619","targetHints":{"allow":["GET"]}}],"collection":[{"href":"https:\/\/horizonaventures.net\/index.php\/wp-json\/wp\/v2\/posts"}],"about":[{"href":"https:\/\/horizonaventures.net\/index.php\/wp-json\/wp\/v2\/types\/post"}],"author":[{"embeddable":true,"href":"https:\/\/horizonaventures.net\/index.php\/wp-json\/wp\/v2\/users\/1"}],"replies":[{"embeddable":true,"href":"https:\/\/horizonaventures.net\/index.php\/wp-json\/wp\/v2\/comments?post=2619"}],"version-history":[{"count":10,"href":"https:\/\/horizonaventures.net\/index.php\/wp-json\/wp\/v2\/posts\/2619\/revisions"}],"predecessor-version":[{"id":2683,"href":"https:\/\/horizonaventures.net\/index.php\/wp-json\/wp\/v2\/posts\/2619\/revisions\/2683"}],"wp:featuredmedia":[{"embeddable":true,"href":"https:\/\/horizonaventures.net\/index.php\/wp-json\/wp\/v2\/media\/2665"}],"wp:attachment":[{"href":"https:\/\/horizonaventures.net\/index.php\/wp-json\/wp\/v2\/media?parent=2619"}],"wp:term":[{"taxonomy":"category","embeddable":true,"href":"https:\/\/horizonaventures.net\/index.php\/wp-json\/wp\/v2\/categories?post=2619"},{"taxonomy":"post_tag","embeddable":true,"href":"https:\/\/horizonaventures.net\/index.php\/wp-json\/wp\/v2\/tags?post=2619"}],"curies":[{"name":"wp","href":"https:\/\/api.w.org\/{rel}","templated":true}]}}