{"id":2701,"date":"2025-06-04T16:49:32","date_gmt":"2025-06-04T14:49:32","guid":{"rendered":"https:\/\/horizonaventures.net\/?p=2701"},"modified":"2025-06-20T11:32:34","modified_gmt":"2025-06-20T09:32:34","slug":"la-suisse","status":"publish","type":"post","link":"https:\/\/horizonaventures.net\/index.php\/2025\/06\/04\/la-suisse\/","title":{"rendered":"La Suisse"},"content":{"rendered":"\n<div id=\"wp-block-themeisle-blocks-advanced-columns-3d41d521\" class=\"wp-block-themeisle-blocks-advanced-columns has-3-columns has-desktop-equal-layout has-tablet-equal-layout has-mobile-collapsedRows-layout has-vertical-unset\"><div class=\"wp-block-themeisle-blocks-advanced-columns-overlay\"><\/div><div class=\"innerblocks-wrap\">\n<div id=\"wp-block-themeisle-blocks-advanced-column-0484565e\" class=\"wp-block-themeisle-blocks-advanced-column\">\n<h2 class=\"wp-block-heading has-text-align-center\">la Conf\u00e9d\u00e9ration suisse<\/h2>\n\n\n\n<p style=\"padding-right:var(--wp--preset--spacing--30);padding-left:var(--wp--preset--spacing--30)\"><strong>Nich\u00e9e au c\u0153ur de l\u2019Europe, la Suisse s\u00e9duit par ses paysages alpins grandioses, ses lacs scintillants et ses villages pittoresques. <\/strong><\/p>\n\n\n\n<p style=\"padding-right:var(--wp--preset--spacing--30);padding-left:var(--wp--preset--spacing--30)\"><strong>Ce pays plurilingue invite \u00e0 la d\u00e9couverte de traditions authentiques, d\u2019une gastronomie raffin\u00e9e m\u00ealant fromages, chocolats et vins, ainsi que d\u2019activit\u00e9s de plein air toute l\u2019ann\u00e9e. <\/strong><\/p>\n\n\n\n<p style=\"padding-right:var(--wp--preset--spacing--30);padding-left:var(--wp--preset--spacing--30)\"><strong>Entre modernit\u00e9 et patrimoine, la Suisse promet un s\u00e9jour riche en \u00e9motions et en saveurs<\/strong><\/p>\n\n\n<div class=\"is-default-size aligncenter wp-block-site-logo\"><a href=\"https:\/\/horizonaventures.net\/\" class=\"custom-logo-link\" rel=\"home\"><img loading=\"lazy\" decoding=\"async\" width=\"500\" height=\"353\" src=\"https:\/\/horizonaventures.net\/wp-content\/uploads\/2024\/02\/cropped-Envie_d_horizonLogo.png\" class=\"custom-logo\" alt=\"Logo Envie d&#039;horizon\" srcset=\"https:\/\/horizonaventures.net\/wp-content\/uploads\/2024\/02\/cropped-Envie_d_horizonLogo.png 500w, https:\/\/horizonaventures.net\/wp-content\/uploads\/2024\/02\/cropped-Envie_d_horizonLogo-300x212.png 300w\" sizes=\"auto, (max-width: 500px) 100vw, 500px\" \/><\/a><\/div>\n\n\n<p class=\"has-text-align-center\"><sup><sub>Derni\u00e8re mise \u00e0 jour : 02\/06\/2025<\/sub><\/sup><\/p>\n<\/div>\n\n\n\n<div id=\"wp-block-themeisle-blocks-advanced-column-e304bd52\" class=\"wp-block-themeisle-blocks-advanced-column\"><div class=\"wp-block-image\">\n<figure class=\"aligncenter size-full is-resized has-custom-border\"><img alt=\"\" loading=\"lazy\" decoding=\"async\" width=\"1000\" height=\"563\" src=\"https:\/\/horizonaventures.net\/wp-content\/uploads\/2025\/06\/logo-suisse-rouge.webp\" alt=\"\" class=\"wp-image-2703\" style=\"border-width:1px;border-radius:10px;width:151px;height:auto\" srcset=\"https:\/\/horizonaventures.net\/wp-content\/uploads\/2025\/06\/logo-suisse-rouge.webp 1000w, https:\/\/horizonaventures.net\/wp-content\/uploads\/2025\/06\/logo-suisse-rouge-300x169.webp 300w, https:\/\/horizonaventures.net\/wp-content\/uploads\/2025\/06\/logo-suisse-rouge-768x432.webp 768w\" sizes=\"auto, (max-width: 1000px) 100vw, 1000px\" \/><\/figure>\n<\/div>\n\n<div class=\"wp-block-image\">\n<figure class=\"aligncenter size-full is-resized has-custom-border\"><img alt=\"\" loading=\"lazy\" decoding=\"async\" width=\"576\" height=\"1024\" src=\"https:\/\/horizonaventures.net\/wp-content\/uploads\/2025\/06\/fde4a029-6a4e-4862-b8b3-984f8a18cc28-edited.png\" alt=\"\" class=\"wp-image-2706\" style=\"border-width:1px;border-radius:10px;width:333px;height:auto\" srcset=\"https:\/\/horizonaventures.net\/wp-content\/uploads\/2025\/06\/fde4a029-6a4e-4862-b8b3-984f8a18cc28-edited.png 576w, https:\/\/horizonaventures.net\/wp-content\/uploads\/2025\/06\/fde4a029-6a4e-4862-b8b3-984f8a18cc28-edited-169x300.png 169w\" sizes=\"auto, (max-width: 576px) 100vw, 576px\" \/><\/figure>\n<\/div><\/div>\n\n\n\n<div id=\"wp-block-themeisle-blocks-advanced-column-c35dfe14\" class=\"wp-block-themeisle-blocks-advanced-column\">\n<hr class=\"wp-block-separator has-alpha-channel-opacity\"\/>\n\n\n\n<p class=\"has-text-align-center\"><strong>Pays :<\/strong> la Conf\u00e9d\u00e9ration suisse<br><strong>Region :<\/strong><a href=\"https:\/\/horizonaventures.net\/index.php\/2024\/09\/28\/leurope-occidentale-2\/\" data-type=\"link\" data-id=\"https:\/\/horizonaventures.net\/index.php\/2024\/08\/17\/afrique-australe-1\/\" target=\"_blank\" rel=\"noreferrer noopener\">L\u2019Europe occidentale germanophone<\/a><\/p>\n\n\n<div class=\"wp-block-image\">\n<figure class=\"aligncenter size-large is-resized has-custom-border\"><img decoding=\"async\" src=\"https:\/\/www.welt-flaggen.de\/data\/flags\/w580\/ch.webp\" alt=\"\" style=\"border-width:1px;border-radius:10px;width:154px;height:auto\"\/><\/figure>\n<\/div>\n\n\n<p class=\"has-text-align-center\">Office du tourisme : <br><a href=\"https:\/\/www.myswitzerland.com\/\" data-type=\"link\" data-id=\"https:\/\/mintoul.gov.cm\/\" target=\"_blank\" rel=\"noreferrer noopener\">https:\/\/www.myswitzerland.com\/<\/a><\/p>\n\n\n\n<hr class=\"wp-block-separator has-alpha-channel-opacity\"\/>\n\n\n\n<figure class=\"wp-block-embed aligncenter is-type-video is-provider-youtube wp-block-embed-youtube wp-embed-aspect-16-9 wp-has-aspect-ratio\"><div class=\"wp-block-embed__wrapper\">\n<div class=\"nv-iframe-embed\"><iframe loading=\"lazy\" title=\"L\u2019Europe\" width=\"1200\" height=\"675\" src=\"https:\/\/www.youtube.com\/embed\/9x1nvREoVMM?feature=oembed\" frameborder=\"0\" allow=\"accelerometer; autoplay; clipboard-write; encrypted-media; gyroscope; picture-in-picture; web-share\" allowfullscreen><\/iframe><\/div>\n<\/div><figcaption class=\"wp-element-caption\">L\u2019article n&rsquo;est pas disponible en video<\/figcaption><\/figure>\n\n\n\n<hr class=\"wp-block-separator has-alpha-channel-opacity\"\/>\n<\/div>\n<\/div><\/div>\n\n\n\n<div id=\"wp-block-themeisle-blocks-advanced-columns-36922587\" class=\"wp-block-themeisle-blocks-advanced-columns has-3-columns has-desktop-equal-layout has-tablet-equal-layout has-mobile-collapsedRows-layout has-vertical-unset\"><div class=\"wp-block-themeisle-blocks-advanced-columns-overlay\"><\/div><div class=\"innerblocks-wrap\">\n<div id=\"wp-block-themeisle-blocks-advanced-column-316d9744\" class=\"wp-block-themeisle-blocks-advanced-column\">\n<h3 class=\"wp-block-heading\">G\u00e9ographie <\/h3>\n\n\n\n<p style=\"padding-right:var(--wp--preset--spacing--30);padding-left:var(--wp--preset--spacing--30)\">La Suisse, au c\u0153ur de l\u2019Europe, offre une g\u00e9ographie spectaculaire : trois grandes r\u00e9gions la composent, <strong>les Alpes<\/strong> (60 % du territoire), <strong>le Plateau<\/strong> et<strong> le Jura<\/strong>. <\/p>\n\n\n\n<p style=\"padding-right:var(--wp--preset--spacing--30);padding-left:var(--wp--preset--spacing--30)\">Ce pays montagneux, parsem\u00e9 de plus de <strong>1 400 lacs<\/strong> et de nombreux glaciers, abrite le point culminant \u00e0 <strong>la Pointe Dufour<\/strong> (4 634 m). <\/p>\n\n\n\n<p style=\"padding-right:var(--wp--preset--spacing--30);padding-left:var(--wp--preset--spacing--30)\">Carrefour naturel, la Suisse est aussi surnomm\u00e9e le \u00ab<strong> ch\u00e2teau d\u2019eau de l\u2019Europe <\/strong>\u00bb<\/p>\n\n\n\n<p class=\"has-text-align-center\"><a href=\"https:\/\/maps.app.goo.gl\/fUJWWcEWVmS4du656\" data-type=\"link\" data-id=\"https:\/\/maps.app.goo.gl\/EE99QksJ5VKpeatK6\" target=\"_blank\" rel=\"noreferrer noopener\">Google Map \/ Suisse<\/a><\/p>\n<\/div>\n\n\n\n<div id=\"wp-block-themeisle-blocks-advanced-column-6f1a5b3b\" class=\"wp-block-themeisle-blocks-advanced-column\">\n<h3 class=\"wp-block-heading\">Religions<\/h3>\n\n\n\n<p style=\"padding-right:var(--wp--preset--spacing--30);padding-left:var(--wp--preset--spacing--30)\">La Suisse, pays de tradition chr\u00e9tienne, se distingue par une grande diversit\u00e9 religieuse et la libert\u00e9 de croyance garantie par la Constitution. <\/p>\n\n\n\n<p style=\"padding-right:var(--wp--preset--spacing--30);padding-left:var(--wp--preset--spacing--30)\">Les catholiques (32 %) et les protestants (21 %) sont les plus nombreux, mais de nombreuses autres communaut\u00e9s, dont musulmanes, juives, bouddhistes et hindouistes, coexistent. <\/p>\n\n\n\n<p style=\"padding-right:var(--wp--preset--spacing--30);padding-left:var(--wp--preset--spacing--30)\">Pr\u00e8s d\u2019un tiers des habitants se d\u00e9clarent sans religion. Cette pluralit\u00e9 fa\u00e7onne les traditions et le paysage culturel suisse<\/p>\n<\/div>\n\n\n\n<div id=\"wp-block-themeisle-blocks-advanced-column-ddc62680\" class=\"wp-block-themeisle-blocks-advanced-column\">\n<h3 class=\"wp-block-heading\">Langues <\/h3>\n\n\n\n<p style=\"padding-right:var(--wp--preset--spacing--30);padding-left:var(--wp--preset--spacing--30)\">La Suisse est un v\u00e9ritable carrefour linguistique, avec<strong> quatre langues nationales<\/strong> : <strong>l\u2019allemand<\/strong> (62 %), <strong>le fran\u00e7ais <\/strong>(23 %), <strong>l\u2019italien<\/strong> (8 %) et<strong> le romanche<\/strong> (0,5 %). <\/p>\n\n\n\n<p style=\"padding-right:var(--wp--preset--spacing--30);padding-left:var(--wp--preset--spacing--30)\">Cette diversit\u00e9 fa\u00e7onne le pays en plusieurs r\u00e9gions linguistiques : <strong>la Suisse al\u00e9manique, la Suisse romande, la Suisse italienne <\/strong>et <strong>la r\u00e9gion romanche<\/strong>. <\/p>\n\n\n\n<p style=\"padding-right:var(--wp--preset--spacing--30);padding-left:var(--wp--preset--spacing--30)\">Le plurilinguisme est un pilier de l\u2019identit\u00e9 suisse et favorise la coexistence harmonieuse des cultures<\/p>\n<\/div>\n<\/div><\/div>\n\n\n\n<div id=\"wp-block-themeisle-blocks-advanced-columns-3e9cb56f\" class=\"wp-block-themeisle-blocks-advanced-columns has-3-columns has-desktop-equal-layout has-tablet-equal-layout has-mobile-collapsedRows-layout has-vertical-unset\"><div class=\"wp-block-themeisle-blocks-advanced-columns-overlay\"><\/div><div class=\"innerblocks-wrap\">\n<div id=\"wp-block-themeisle-blocks-advanced-column-0bc1b536\" class=\"wp-block-themeisle-blocks-advanced-column\">\n<h3 class=\"wp-block-heading\">Se rendre en Suisse<\/h3>\n\n\n\n<p style=\"padding-right:var(--wp--preset--spacing--30);padding-left:0\">Se rendre en Suisse depuis la France est facile et rapide gr\u00e2ce \u00e0 de nombreuses options. <\/p>\n\n\n\n<p style=\"padding-right:var(--wp--preset--spacing--30);padding-left:0\">Des trains directs <strong>TGV Lyria <\/strong>relient Paris, Lyon ou Strasbourg \u00e0 <strong>Gen\u00e8ve, Lausanne, Zurich <\/strong>et<strong> B\u00e2le<\/strong> en 3 \u00e0 4 heures. <\/p>\n\n\n\n<p style=\"padding-right:var(--wp--preset--spacing--30);padding-left:0\">De nombreux vols directs relient les grandes villes fran\u00e7aises \u00e0 <strong>Zurich <\/strong>ou <strong>Gen\u00e8ve<\/strong> en environ 1h15. <\/p>\n\n\n\n<p style=\"padding-right:var(--wp--preset--spacing--30);padding-left:0\">Les formalit\u00e9s sont simples\u202f: carte d&rsquo;identit\u00e9 ou passeport en cours de validit\u00e9 suffit pour les ressortissants fran\u00e7ais<\/p>\n\n\n\n<p class=\"has-text-align-center\"><a href=\"https:\/\/www.diplomatie.gouv.fr\/fr\/conseils-aux-voyageurs\/conseils-par-pays-destination\/suisse\/\" data-type=\"link\" data-id=\"https:\/\/www.diplomatie.gouv.fr\/fr\/conseils-aux-voyageurs\/conseils-par-pays-destination\/thailande\/\" target=\"_blank\" rel=\"noreferrer noopener\">Diplomatie.gov \/Conseils aux Voyageurs \/Suisse<\/a><\/p>\n<\/div>\n\n\n\n<div id=\"wp-block-themeisle-blocks-advanced-column-66f4f1fd\" class=\"wp-block-themeisle-blocks-advanced-column\"><div class=\"wp-block-image\">\n<figure class=\"aligncenter size-full is-resized has-custom-border\"><img alt=\"\" loading=\"lazy\" decoding=\"async\" width=\"576\" height=\"1024\" src=\"https:\/\/horizonaventures.net\/wp-content\/uploads\/2025\/06\/e5e105f7-e034-4503-ba79-16da9e71a703-edited.png\" alt=\"\" class=\"wp-image-2713\" style=\"border-width:1px;border-radius:10px;width:320px;height:auto\" srcset=\"https:\/\/horizonaventures.net\/wp-content\/uploads\/2025\/06\/e5e105f7-e034-4503-ba79-16da9e71a703-edited.png 576w, https:\/\/horizonaventures.net\/wp-content\/uploads\/2025\/06\/e5e105f7-e034-4503-ba79-16da9e71a703-edited-169x300.png 169w\" sizes=\"auto, (max-width: 576px) 100vw, 576px\" \/><\/figure>\n<\/div><\/div>\n\n\n\n<div id=\"wp-block-themeisle-blocks-advanced-column-edb278fa\" class=\"wp-block-themeisle-blocks-advanced-column\">\n<h3 class=\"wp-block-heading\" style=\"padding-right:var(--wp--preset--spacing--30);padding-left:var(--wp--preset--spacing--30)\">Se d\u00e9placer en Suisse<\/h3>\n\n\n\n<p style=\"padding-right:0;padding-left:var(--wp--preset--spacing--30)\">Se d\u00e9placer en Suisse est un vrai plaisir gr\u00e2ce \u00e0 l\u2019un des r\u00e9seaux de <strong>transports publics les plus denses et efficaces au monde<\/strong>. <\/p>\n\n\n\n<p style=\"padding-right:0;padding-left:var(--wp--preset--spacing--30)\">Trains, bus, trams, bateaux, funiculaires et t\u00e9l\u00e9ph\u00e9riques desservent villes, villages et montagnes avec ponctualit\u00e9. <\/p>\n\n\n\n<p style=\"padding-right:0;padding-left:var(--wp--preset--spacing--30)\">Le<a href=\"https:\/\/www.swissrailways.com\/fr\/acheter-swiss-travel-pass\" data-type=\"link\" data-id=\"https:\/\/www.swissrailways.com\/fr\/acheter-swiss-travel-pass\" target=\"_blank\" rel=\"noreferrer noopener\"> Swiss Travel Pass<\/a> facilite l\u2019acc\u00e8s illimit\u00e9 \u00e0 tous ces moyens. <\/p>\n\n\n\n<p style=\"padding-right:0;padding-left:var(--wp--preset--spacing--30)\"><strong>La voiture n\u2019est pas indispensable\u202f<\/strong>: chaque r\u00e9gion se d\u00e9couvre facilement en transports publics fiables et confortables<\/p>\n\n\n<div class=\"is-default-size aligncenter wp-block-site-logo\"><a href=\"https:\/\/horizonaventures.net\/\" class=\"custom-logo-link\" rel=\"home\"><img loading=\"lazy\" decoding=\"async\" width=\"500\" height=\"353\" src=\"https:\/\/horizonaventures.net\/wp-content\/uploads\/2024\/02\/cropped-Envie_d_horizonLogo.png\" class=\"custom-logo\" alt=\"Logo Envie d&#039;horizon\" srcset=\"https:\/\/horizonaventures.net\/wp-content\/uploads\/2024\/02\/cropped-Envie_d_horizonLogo.png 500w, https:\/\/horizonaventures.net\/wp-content\/uploads\/2024\/02\/cropped-Envie_d_horizonLogo-300x212.png 300w\" sizes=\"auto, (max-width: 500px) 100vw, 500px\" \/><\/a><\/div><\/div>\n<\/div><\/div>\n\n\n\n<div id=\"wp-block-themeisle-blocks-advanced-columns-674d90e0\" class=\"wp-block-themeisle-blocks-advanced-columns has-2-columns has-desktop-equal-layout has-tablet-equal-layout has-mobile-collapsedRows-layout has-vertical-unset\"><div class=\"wp-block-themeisle-blocks-advanced-columns-overlay\"><\/div><div class=\"innerblocks-wrap\">\n<div id=\"wp-block-themeisle-blocks-advanced-column-f9b13965\" class=\"wp-block-themeisle-blocks-advanced-column\">\n<h3 class=\"wp-block-heading\">Meilleure p\u00e9riode en Suisse<\/h3>\n\n\n\n<p style=\"padding-right:var(--wp--preset--spacing--30);padding-left:var(--wp--preset--spacing--30)\">La meilleure p\u00e9riode pour d\u00e9couvrir la Suisse s\u2019\u00e9tend de juin \u00e0 septembre, id\u00e9ale pour profiter des paysages alpins, des randonn\u00e9es et des lacs sous un climat agr\u00e9able. L\u2019hiver, de d\u00e9cembre \u00e0 mars, ravira les amateurs de ski et de sports de neige. Chaque saison offre un charme particulier\u202f: couleurs d\u2019automne, printemps fleuri ou plaisirs hivernaux, la Suisse se visite toute l\u2019ann\u00e9e selon vos envies<\/p>\n<\/div>\n\n\n\n<div id=\"wp-block-themeisle-blocks-advanced-column-07007b8c\" class=\"wp-block-themeisle-blocks-advanced-column\">\n<h3 class=\"wp-block-heading\">Histoire de la Suisse<\/h3>\n\n\n\n<p style=\"padding-right:var(--wp--preset--spacing--30);padding-left:var(--wp--preset--spacing--30)\">La Suisse, n\u00e9e en 1291 de l\u2019alliance de trois cantons pour se d\u00e9fendre, s\u2019est progressivement \u00e9largie en une conf\u00e9d\u00e9ration de territoires autonomes. Elle acquiert son ind\u00e9pendance en 1648, puis traverse l\u2019occupation fran\u00e7aise et devient un \u00c9tat f\u00e9d\u00e9ral en 1848. Sa neutralit\u00e9, son syst\u00e8me d\u00e9mocratique et la coexistence de plusieurs cultures fa\u00e7onnent son identit\u00e9, faisant d\u2019elle un pays stable et singulier au c\u0153ur de l\u2019Europe<\/p>\n<\/div>\n<\/div><\/div>\n\n\n\n<div id=\"wp-block-themeisle-blocks-advanced-columns-882bac18\" class=\"wp-block-themeisle-blocks-advanced-columns has-2-columns has-desktop-equal-layout has-tablet-equal-layout has-mobile-collapsedRows-layout has-vertical-unset\"><div class=\"wp-block-themeisle-blocks-advanced-columns-overlay\"><\/div><div class=\"innerblocks-wrap\">\n<div id=\"wp-block-themeisle-blocks-advanced-column-1b0f933d\" class=\"wp-block-themeisle-blocks-advanced-column\"><div class=\"wp-block-image\">\n<figure class=\"aligncenter size-full is-resized has-custom-border\"><img alt=\"\" loading=\"lazy\" decoding=\"async\" width=\"1024\" height=\"1024\" src=\"https:\/\/horizonaventures.net\/wp-content\/uploads\/2025\/06\/bcf56459-bf22-4238-bfe8-135bd18fab41.png\" alt=\"\" class=\"wp-image-2715\" style=\"border-width:1px;border-radius:10px;width:458px;height:auto\" srcset=\"https:\/\/horizonaventures.net\/wp-content\/uploads\/2025\/06\/bcf56459-bf22-4238-bfe8-135bd18fab41.png 1024w, https:\/\/horizonaventures.net\/wp-content\/uploads\/2025\/06\/bcf56459-bf22-4238-bfe8-135bd18fab41-300x300.png 300w, https:\/\/horizonaventures.net\/wp-content\/uploads\/2025\/06\/bcf56459-bf22-4238-bfe8-135bd18fab41-150x150.png 150w, https:\/\/horizonaventures.net\/wp-content\/uploads\/2025\/06\/bcf56459-bf22-4238-bfe8-135bd18fab41-768x768.png 768w\" sizes=\"auto, (max-width: 1024px) 100vw, 1024px\" \/><\/figure>\n<\/div><\/div>\n\n\n\n<div id=\"wp-block-themeisle-blocks-advanced-column-95f150b0\" class=\"wp-block-themeisle-blocks-advanced-column\">\n<h3 class=\"wp-block-heading\">Sensations fortes au c\u0153ur des Alpes suisses<\/h3>\n\n\n\n<p>Pour les amateurs d\u2019adr\u00e9naline, la Suisse offre des exp\u00e9riences inoubliables\u202f: <\/p>\n\n\n\n<p>Traversez <strong>le pont suspendu Charles Kuonen<\/strong> \u00e0 Randa, le plus long d\u2019Europe, pour une marche vertigineuse au-dessus des vall\u00e9es alpines. <\/p>\n\n\n\n<p>Montez dans<strong> l\u2019ascenseur panoramique du Hammetschwand<\/strong>, accroch\u00e9 \u00e0 une falaise dominant le lac des Quatre-Cantons, ou osez <strong>le Peak Walk du Glacier 3000,<\/strong> une passerelle spectaculaire reliant deux sommets \u00e0 plus de 3000 m\u00e8tres d\u2019altitude.<\/p>\n<\/div>\n<\/div><\/div>\n\n\n\n<div id=\"wp-block-themeisle-blocks-advanced-columns-66e9d595\" class=\"wp-block-themeisle-blocks-advanced-columns has-2-columns has-desktop-equal-layout has-tablet-equal-layout has-mobile-collapsedRows-layout has-vertical-unset\"><div class=\"wp-block-themeisle-blocks-advanced-columns-overlay\"><\/div><div class=\"innerblocks-wrap\">\n<div id=\"wp-block-themeisle-blocks-advanced-column-606136a1\" class=\"wp-block-themeisle-blocks-advanced-column\">\n<h3 class=\"wp-block-heading\">Exp\u00e9riences insolites et authentiques<\/h3>\n\n\n\n<p style=\"padding-right:var(--wp--preset--spacing--30);padding-left:var(--wp--preset--spacing--30)\">La Suisse se d\u00e9couvre aussi \u00e0 travers des activit\u00e9s originales\u202f: <\/p>\n\n\n\n<p style=\"padding-right:var(--wp--preset--spacing--30);padding-left:var(--wp--preset--spacing--30)\">Initiez-vous \u00e0 l\u2019art horloger en fabriquant votre propre montre lors d\u2019un atelier \u00e0 <strong>La Chaux-de-Fonds<\/strong>. <\/p>\n\n\n\n<p style=\"padding-right:var(--wp--preset--spacing--30);padding-left:var(--wp--preset--spacing--30)\">Partez pour une balade insolite \u00e0 dos de vache, le <strong>\u201ccow trekking<\/strong>\u201d, dans la campagne de <strong>Hemishofen<\/strong>. <\/p>\n\n\n\n<p style=\"padding-right:var(--wp--preset--spacing--30);padding-left:var(--wp--preset--spacing--30)\">Enfin, explorez la plus grande grotte glaciaire du monde \u00e0 <strong>Saas-Fee, le Pavillon de Glace<\/strong>, un univers f\u00e9\u00e9rique sculpt\u00e9 \u00e0 3500 m\u00e8tres d\u2019altitude.<\/p>\n<\/div>\n\n\n\n<div id=\"wp-block-themeisle-blocks-advanced-column-1e8ccb9a\" class=\"wp-block-themeisle-blocks-advanced-column\"><div class=\"wp-block-image\">\n<figure class=\"aligncenter size-full is-resized has-custom-border\"><img alt=\"\" loading=\"lazy\" decoding=\"async\" width=\"1024\" height=\"1024\" src=\"https:\/\/horizonaventures.net\/wp-content\/uploads\/2025\/06\/4dce768d-0224-447b-9316-7a64305c552c.png\" alt=\"\" class=\"wp-image-2716\" style=\"border-width:1px;border-radius:10px;width:438px;height:auto\" srcset=\"https:\/\/horizonaventures.net\/wp-content\/uploads\/2025\/06\/4dce768d-0224-447b-9316-7a64305c552c.png 1024w, https:\/\/horizonaventures.net\/wp-content\/uploads\/2025\/06\/4dce768d-0224-447b-9316-7a64305c552c-300x300.png 300w, https:\/\/horizonaventures.net\/wp-content\/uploads\/2025\/06\/4dce768d-0224-447b-9316-7a64305c552c-150x150.png 150w, https:\/\/horizonaventures.net\/wp-content\/uploads\/2025\/06\/4dce768d-0224-447b-9316-7a64305c552c-768x768.png 768w\" sizes=\"auto, (max-width: 1024px) 100vw, 1024px\" \/><\/figure>\n<\/div><\/div>\n<\/div><\/div>\n\n\n\n<div id=\"wp-block-themeisle-blocks-advanced-columns-6227b991\" class=\"wp-block-themeisle-blocks-advanced-columns has-3-columns has-desktop-equal-layout has-tablet-equal-layout has-mobile-collapsedRows-layout has-vertical-unset\"><div class=\"wp-block-themeisle-blocks-advanced-columns-overlay\"><\/div><div class=\"innerblocks-wrap\">\n<div id=\"wp-block-themeisle-blocks-advanced-column-ea8e9bc6\" class=\"wp-block-themeisle-blocks-advanced-column\">\n<h3 class=\"wp-block-heading\">Zurich et Suisse orientale : entre modernit\u00e9 et traditions<\/h3>\n\n\n\n<p style=\"padding-right:var(--wp--preset--spacing--30);padding-left:var(--wp--preset--spacing--30)\">La r\u00e9gion de <strong>Zurich<\/strong> et la Suisse orientale s\u00e9duisent par leur diversit\u00e9. <\/p>\n\n\n\n<p style=\"padding-right:var(--wp--preset--spacing--30);padding-left:var(--wp--preset--spacing--30)\"><strong>Zurich<\/strong>, premi\u00e8re destination urbaine du pays, offre mus\u00e9es, vie nocturne et shopping. <\/p>\n\n\n\n<p style=\"padding-right:var(--wp--preset--spacing--30);padding-left:var(--wp--preset--spacing--30)\">Autour, d\u00e9couvrez<strong> Saint-Gall, Appenzell, Thurgovie, Schaffhouse<\/strong> et <strong>Glaris<\/strong>, entre lacs paisibles, <strong>montagnes du S\u00e4ntis <\/strong>et villages typiques. <\/p>\n\n\n\n<p style=\"padding-right:var(--wp--preset--spacing--30);padding-left:var(--wp--preset--spacing--30)\">Proche du l<strong>ac de Constance<\/strong>, cette r\u00e9gion marie patrimoine industriel, traditions rurales et beaut\u00e9s naturelles pour un s\u00e9jour complet.<\/p>\n<\/div>\n\n\n\n<div id=\"wp-block-themeisle-blocks-advanced-column-09fc5516\" class=\"wp-block-themeisle-blocks-advanced-column\">\n<h3 class=\"wp-block-heading has-neve-link-color-color has-text-color has-link-color wp-elements-4a9e7337e1b7fb41c69d2bb81f01567b\">Suisse centrale et Lucerne : le c\u0153ur authentique du pays<\/h3>\n\n\n\n<p style=\"padding-right:var(--wp--preset--spacing--30);padding-left:var(--wp--preset--spacing--30)\">La Suisse centrale, avec <strong>Lucerne<\/strong>, <strong>Uri, Schwyz, Nidwald, Obwald<\/strong> et<strong> Zoug<\/strong>, incarne l\u2019\u00e2me du pays. <\/p>\n\n\n\n<p style=\"padding-right:var(--wp--preset--spacing--30);padding-left:var(--wp--preset--spacing--30)\">Bord\u00e9e par <strong>le lac des Quatre-Cantons<\/strong>, elle offre des paysages spectaculaires entre montagnes embl\u00e9matiques comme <strong>le Rigi, le Pilatus<\/strong> ou <strong>le Titlis<\/strong>, villages typiques et patrimoine historique. <\/p>\n\n\n\n<p style=\"padding-right:var(--wp--preset--spacing--30);padding-left:var(--wp--preset--spacing--30)\">Point de d\u00e9part id\u00e9al pour explorer les Alpes, la r\u00e9gion s\u00e9duit par ses croisi\u00e8res, randonn\u00e9es et traditions vivantes<\/p>\n<\/div>\n\n\n\n<div id=\"wp-block-themeisle-blocks-advanced-column-2b90f083\" class=\"wp-block-themeisle-blocks-advanced-column\">\n<h3 class=\"wp-block-heading has-neve-link-color-color has-text-color has-link-color wp-elements-682116760b4cfdbecd31bc8d71e984db\" style=\"padding-right:var(--wp--preset--spacing--30);padding-left:var(--wp--preset--spacing--30)\">Berne et Oberland bernois : entre culture et sommets alpins<\/h3>\n\n\n\n<p>La r\u00e9gion de <strong>Berne<\/strong>, capitale f\u00e9d\u00e9rale au patrimoine UNESCO, s\u2019\u00e9tend jusqu\u2019aux paysages grandioses de <strong>l\u2019Oberland bernois<\/strong>. <\/p>\n\n\n\n<p>D\u00e9couvrez <strong>Interlaken, Grindelwald, Lauterbrunnen<\/strong> et la <strong>Jungfrau<\/strong>, o\u00f9 montagnes spectaculaires et vall\u00e9es verdoyantes invitent \u00e0 l\u2019aventure. <\/p>\n\n\n\n<p>Stations alpines renomm\u00e9es, randonn\u00e9es, sports de montagne et villages typiques font de cette r\u00e9gion un paradis pour les amoureux de nature, de culture et de sensations fortes.<\/p>\n<\/div>\n<\/div><\/div>\n\n\n\n<div id=\"wp-block-themeisle-blocks-advanced-columns-abe32927\" class=\"wp-block-themeisle-blocks-advanced-columns has-3-columns has-desktop-equal-layout has-tablet-equal-layout has-mobile-collapsedRows-layout has-vertical-unset\"><div class=\"wp-block-themeisle-blocks-advanced-columns-overlay\"><\/div><div class=\"innerblocks-wrap\">\n<div id=\"wp-block-themeisle-blocks-advanced-column-806546ab\" class=\"wp-block-themeisle-blocks-advanced-column\">\n<h3 class=\"wp-block-heading\">Suisse romande : douceur de vivre et diversit\u00e9 culturelle<\/h3>\n\n\n\n<p style=\"padding-right:var(--wp--preset--spacing--30);padding-left:var(--wp--preset--spacing--30)\">La Suisse romande r\u00e9unit <strong>Gen\u00e8ve, Vaud, Fribourg, Neuch\u00e2tel<\/strong> et <strong>le Jura<\/strong>, offrant un subtil m\u00e9lange de villes historiques, de vignobles en terrasses et de paysages lacustres. <\/p>\n\n\n\n<p style=\"padding-right:var(--wp--preset--spacing--30);padding-left:var(--wp--preset--spacing--30)\">Les <strong>lacs L\u00e9man<\/strong> et <strong>Neuch\u00e2tel<\/strong> invitent \u00e0 la d\u00e9tente, tandis que <strong>Lausanne<\/strong>, <strong>Montreux<\/strong> et <strong>Fribourg<\/strong> s\u00e9duisent par leur patrimoine et leur gastronomie. <\/p>\n\n\n\n<p style=\"padding-right:var(--wp--preset--spacing--30);padding-left:var(--wp--preset--spacing--30)\"><strong>Le Jura<\/strong> et <strong>la r\u00e9gion des Trois-Lacs <\/strong>promettent une nature pr\u00e9serv\u00e9e et des exp\u00e9riences authentiques.<\/p>\n<\/div>\n\n\n\n<div id=\"wp-block-themeisle-blocks-advanced-column-eb391b41\" class=\"wp-block-themeisle-blocks-advanced-column\"><div class=\"wp-block-image\">\n<figure class=\"aligncenter size-full is-resized has-custom-border\"><img alt=\"\" loading=\"lazy\" decoding=\"async\" width=\"576\" height=\"1024\" src=\"https:\/\/horizonaventures.net\/wp-content\/uploads\/2025\/06\/69c856ce-38a5-4484-aea4-0652e18c3b7b-edited.png\" alt=\"\" class=\"wp-image-2721\" style=\"border-width:1px;border-radius:10px;width:319px;height:auto\" srcset=\"https:\/\/horizonaventures.net\/wp-content\/uploads\/2025\/06\/69c856ce-38a5-4484-aea4-0652e18c3b7b-edited.png 576w, https:\/\/horizonaventures.net\/wp-content\/uploads\/2025\/06\/69c856ce-38a5-4484-aea4-0652e18c3b7b-edited-169x300.png 169w\" sizes=\"auto, (max-width: 576px) 100vw, 576px\" \/><\/figure>\n<\/div><\/div>\n\n\n\n<div id=\"wp-block-themeisle-blocks-advanced-column-cd6772ec\" class=\"wp-block-themeisle-blocks-advanced-column\">\n<h3 class=\"wp-block-heading\" style=\"padding-right:var(--wp--preset--spacing--30);padding-left:var(--wp--preset--spacing--30)\">Valais et Alpes suisses : sommets mythiques et plaisirs alpins<\/h3>\n\n\n\n<p style=\"padding-right:var(--wp--preset--spacing--30);padding-left:var(--wp--preset--spacing--30)\"><strong>Le Valais<\/strong> et les Alpes suisses, de <strong>Zermatt<\/strong> \u00e0 <strong>Verbier<\/strong>, s\u00e9duisent par leurs stations de ski prestigieuses, glaciers majestueux et vignobles en terrasses. <\/p>\n\n\n\n<p style=\"padding-right:var(--wp--preset--spacing--30);padding-left:var(--wp--preset--spacing--30)\">Cette r\u00e9gion offre des randonn\u00e9es spectaculaires, des sources thermales r\u00e9put\u00e9es et des panoramas exceptionnels sur <strong>le Cervin<\/strong>. <\/p>\n\n\n\n<p style=\"padding-right:var(--wp--preset--spacing--30);padding-left:var(--wp--preset--spacing--30)\">Entre sports d\u2019hiver, d\u00e9tente et d\u00e9couvertes \u0153nologiques, <strong>le Valais<\/strong> et <strong>les Alpes vaudoises et bernoises <\/strong>promettent un s\u00e9jour inoubliable au c\u0153ur des montagnes.<\/p>\n<\/div>\n<\/div><\/div>\n\n\n\n<div id=\"wp-block-themeisle-blocks-advanced-columns-27429f28\" class=\"wp-block-themeisle-blocks-advanced-columns has-2-columns has-desktop-equal-layout has-tablet-equal-layout has-mobile-collapsedRows-layout has-vertical-unset\"><div class=\"wp-block-themeisle-blocks-advanced-columns-overlay\"><\/div><div class=\"innerblocks-wrap\">\n<div id=\"wp-block-themeisle-blocks-advanced-column-123dd03b\" class=\"wp-block-themeisle-blocks-advanced-column\"><div class=\"wp-block-image\">\n<figure class=\"aligncenter size-full is-resized has-custom-border\"><img alt=\"\" loading=\"lazy\" decoding=\"async\" width=\"1024\" height=\"1024\" src=\"https:\/\/horizonaventures.net\/wp-content\/uploads\/2025\/06\/d2f30563-b348-4fa9-93c2-e602bd7ac564.png\" alt=\"\" class=\"wp-image-2722\" style=\"border-width:1px;border-radius:10px;width:457px;height:auto\" srcset=\"https:\/\/horizonaventures.net\/wp-content\/uploads\/2025\/06\/d2f30563-b348-4fa9-93c2-e602bd7ac564.png 1024w, https:\/\/horizonaventures.net\/wp-content\/uploads\/2025\/06\/d2f30563-b348-4fa9-93c2-e602bd7ac564-300x300.png 300w, https:\/\/horizonaventures.net\/wp-content\/uploads\/2025\/06\/d2f30563-b348-4fa9-93c2-e602bd7ac564-150x150.png 150w, https:\/\/horizonaventures.net\/wp-content\/uploads\/2025\/06\/d2f30563-b348-4fa9-93c2-e602bd7ac564-768x768.png 768w\" sizes=\"auto, (max-width: 1024px) 100vw, 1024px\" \/><\/figure>\n<\/div><\/div>\n\n\n\n<div id=\"wp-block-themeisle-blocks-advanced-column-865cad4c\" class=\"wp-block-themeisle-blocks-advanced-column\">\n<h3 class=\"wp-block-heading\">Tessin et Grisons : entre douceur m\u00e9diterran\u00e9enne et sommets alpins<\/h3>\n\n\n\n<p><strong>Le Tessin<\/strong> et <strong>les Grisons<\/strong> offrent un fascinant contraste\u202f: ambiance m\u00e9diterran\u00e9enne sur les rives des<strong> lacs Majeur<\/strong> et de<strong> Lugano<\/strong>, villages color\u00e9s et palmiers, puis paysages alpins spectaculaires autour de <strong>Davos, Saint-Moritz <\/strong>et l\u2019<strong>Engadine<\/strong>. <\/p>\n\n\n\n<p>Stations thermales, sports d\u2019hiver, randonn\u00e9es et gastronomie raffin\u00e9e rythment le s\u00e9jour. <\/p>\n\n\n\n<p>Cette r\u00e9gion s\u00e9duit par sa <strong>culture italienne<\/strong>, sa langue rh\u00e9to-romane et son art de vivre unique en Suisse.<\/p>\n<\/div>\n<\/div><\/div>\n\n\n\n<div id=\"wp-block-themeisle-blocks-advanced-columns-42d68245\" class=\"wp-block-themeisle-blocks-advanced-columns has-2-columns has-desktop-equal-layout has-tablet-equal-layout has-mobile-collapsedRows-layout has-vertical-unset\"><div class=\"wp-block-themeisle-blocks-advanced-columns-overlay\"><\/div><div class=\"innerblocks-wrap\">\n<div id=\"wp-block-themeisle-blocks-advanced-column-4cb0d7e7\" class=\"wp-block-themeisle-blocks-advanced-column\">\n<h3 class=\"wp-block-heading\">Bien g\u00e9rer son budget lors d\u2019un s\u00e9jour en Suisse<\/h3>\n\n\n\n<p style=\"padding-right:var(--wp--preset--spacing--30);padding-left:var(--wp--preset--spacing--30)\">Le co\u00fbt de la vie en Suisse est <strong>r\u00e9put\u00e9 \u00e9lev\u00e9<\/strong>, surtout pour l\u2019h\u00e9bergement, la restauration et les transports. <\/p>\n\n\n\n<p style=\"padding-right:var(--wp--preset--spacing--30);padding-left:var(--wp--preset--spacing--30)\">Il est conseill\u00e9 de <strong>pr\u00e9voir un budget cons\u00e9quent <\/strong>pour profiter pleinement du s\u00e9jour. <\/p>\n\n\n\n<p style=\"padding-right:var(--wp--preset--spacing--30);padding-left:var(--wp--preset--spacing--30)\">Pour \u00e9conomiser, renseignez-vous sur <strong>les pass touristiques<\/strong>, <strong>les cartes de r\u00e9duction<\/strong> pour les transports publics et les h\u00e9bergements alternatifs. <\/p>\n\n\n\n<p style=\"padding-right:var(--wp--preset--spacing--30);padding-left:var(--wp--preset--spacing--30)\">Ces solutions permettent de d\u00e9couvrir la Suisse tout en ma\u00eetrisant ses d\u00e9penses.<\/p>\n<\/div>\n\n\n\n<div id=\"wp-block-themeisle-blocks-advanced-column-c24347cc\" class=\"wp-block-themeisle-blocks-advanced-column\">\n<h3 class=\"wp-block-heading\">La Suisse, royaume des sommets et des glaciers<\/h3>\n\n\n\n<p style=\"padding-right:var(--wp--preset--spacing--30);padding-left:var(--wp--preset--spacing--30)\">La Suisse fascine par ses paysages alpins spectaculaires, comptant <strong>48 sommets de plus de 4000 m\u00e8tres<\/strong>, dont les embl\u00e9matiques <strong>Cervin et Dufourspitze<\/strong>. <\/p>\n\n\n\n<p style=\"padding-right:var(--wp--preset--spacing--30);padding-left:var(--wp--preset--spacing--30)\">Le pays abrite \u00e9galement<strong> le glacier d\u2019Aletsch<\/strong>, le plus grand des Alpes, inscrit au patrimoine mondial de l\u2019UNESCO. <\/p>\n\n\n\n<p style=\"padding-right:var(--wp--preset--spacing--30);padding-left:var(--wp--preset--spacing--30)\">Entre pics majestueux et vall\u00e9es glaciaires, la Suisse offre un terrain de jeu unique pour les amoureux de montagne et de nature.<\/p>\n<\/div>\n<\/div><\/div>\n\n\n\n<div id=\"wp-block-themeisle-blocks-advanced-columns-93924741\" class=\"wp-block-themeisle-blocks-advanced-columns has-3-columns has-desktop-equal-layout has-tablet-equal-layout has-mobile-collapsedRows-layout has-vertical-unset\"><div class=\"wp-block-themeisle-blocks-advanced-columns-overlay\"><\/div><div class=\"innerblocks-wrap\">\n<div id=\"wp-block-themeisle-blocks-advanced-column-4b7b6fb9\" class=\"wp-block-themeisle-blocks-advanced-column\">\n<h3 class=\"wp-block-heading\">Le tourisme en Suisse : des chiffres en constante progression<\/h3>\n\n\n\n<p>En 2024, la Suisse a enregistr\u00e9 un record de 42,8 millions de nuit\u00e9es h\u00f4teli\u00e8res, en hausse de 2,6 % sur un an, principalement gr\u00e2ce \u00e0 la client\u00e8le \u00e9trang\u00e8re. <\/p>\n\n\n\n<p>Le secteur g\u00e9n\u00e8re 20,7 milliards de francs suisses de valeur ajout\u00e9e et repr\u00e9sente 4,2 % des emplois du pays. <\/p>\n\n\n\n<p>Le tourisme contribue \u00e0 5,5 % des recettes d\u2019exportation et g\u00e9n\u00e8re un quart du trafic global en Suisse<\/p>\n<\/div>\n\n\n\n<div id=\"wp-block-themeisle-blocks-advanced-column-1e7ee8ea\" class=\"wp-block-themeisle-blocks-advanced-column\">\n<h3 class=\"wp-block-heading has-text-align-center has-neve-link-color-color has-text-color has-link-color wp-elements-06b81415cfadd3cccf33944c64efbf3c\"><a href=\"https:\/\/horizonaventures.net\/index.php\/carnets-de-voyage\/\" data-type=\"page\" data-id=\"2687\">Carnet de voyage<\/a><\/h3>\n\n\n\n<p class=\"has-text-align-center\" style=\"padding-right:var(--wp--preset--spacing--30);padding-left:var(--wp--preset--spacing--30)\"><strong>En cours de redaction<\/strong><\/p>\n\n\n<div class=\"aligncenter wp-block-site-logo\"><a href=\"https:\/\/horizonaventures.net\/\" class=\"custom-logo-link\" rel=\"home\"><img loading=\"lazy\" decoding=\"async\" width=\"220\" height=\"155\" src=\"https:\/\/horizonaventures.net\/wp-content\/uploads\/2024\/02\/cropped-Envie_d_horizonLogo.png\" class=\"custom-logo\" alt=\"Logo Envie d&#039;horizon\" srcset=\"https:\/\/horizonaventures.net\/wp-content\/uploads\/2024\/02\/cropped-Envie_d_horizonLogo.png 500w, https:\/\/horizonaventures.net\/wp-content\/uploads\/2024\/02\/cropped-Envie_d_horizonLogo-300x212.png 300w\" sizes=\"auto, (max-width: 220px) 100vw, 220px\" \/><\/a><\/div><\/div>\n\n\n\n<div id=\"wp-block-themeisle-blocks-advanced-column-88778da4\" class=\"wp-block-themeisle-blocks-advanced-column\">\n<h4 class=\"wp-block-heading has-text-align-center\">Envisagez-vous de voyager en Suisse ?<\/h4>\n\n\n\n<p style=\"padding-right:var(--wp--preset--spacing--30);padding-left:var(--wp--preset--spacing--30)\">Rejoignez la Communaut\u00e9 Envie d&rsquo;Horizon ! Abonnez-vous \u00e0 <a href=\"https:\/\/www.youtube.com\/@EnviedHorizon\" data-type=\"link\" data-id=\"https:\/\/www.youtube.com\/@EnviedHorizon\" target=\"_blank\" rel=\"noreferrer noopener\"><strong>notre cha\u00eene YouTube <\/strong><\/a>pour d\u00e9couvrir des vid\u00e9os captivantes sur des destinations du monde entier. Ne manquez aucune des derni\u00e8res actualit\u00e9s en nous suivant sur <a href=\"https:\/\/horizonaventures.net\/index.php\/582c1-blogger-gb-contact\/\" data-type=\"link\" data-id=\"https:\/\/horizonaventures.net\/index.php\/582c1-blogger-gb-contact\/\" target=\"_blank\" rel=\"noreferrer noopener\"><strong>nos r\u00e9seaux sociaux<\/strong><\/a>. Votre avis est important pour nous ! N&rsquo;h\u00e9sitez pas \u00e0 laisser un commentaire ou \u00e0 nous contacter directement via notre<strong> <a href=\"https:\/\/horizonaventures.net\/index.php\/582c1-blogger-gb-contact\/\" data-type=\"link\" data-id=\"https:\/\/horizonaventures.net\/index.php\/582c1-blogger-gb-contact\/\" target=\"_blank\" rel=\"noreferrer noopener\">page de contact.<\/a><\/strong><\/p>\n\n\n\n<p class=\"has-text-align-center has-small-font-size\"><a href=\"https:\/\/horizonaventures.net\/index.php\/carnets-de-voyage\/\" data-type=\"page\" data-id=\"2687\">Page d\u00e9di\u00e9e au carnet de voyage sur Le Suisse<\/a><\/p>\n<\/div>\n<\/div><\/div>\n\n\n\n<h4 class=\"wp-block-heading has-text-align-center\" style=\"padding-top:var(--wp--preset--spacing--40);padding-bottom:var(--wp--preset--spacing--40)\">Partons ensemble \u00e0 la d\u00e9couverte <strong>du<strong> ch\u00e2teau d\u2019eau de l\u2019Europe <\/strong><\/strong>et cr\u00e9ons des souvenirs inoubliables !<\/h4>\n","protected":false},"excerpt":{"rendered":"<p>Nich\u00e9e au c\u0153ur de l\u2019Europe, la Suisse s\u00e9duit par ses paysages alpins grandioses, ses lacs scintillants et ses villages pittoresques. Ce pays plurilingue invite \u00e0 la d\u00e9couverte de traditions authentiques, d\u2019une gastronomie raffin\u00e9e m\u00ealant fromages, chocolats et vins, ainsi que d\u2019activit\u00e9s de plein air toute l\u2019ann\u00e9e. Entre modernit\u00e9 et patrimoine, la Suisse promet un s\u00e9jour riche en \u00e9motions et en saveurs<\/p>\n","protected":false},"author":1,"featured_media":2705,"comment_status":"closed","ping_status":"open","sticky":false,"template":"","format":"standard","meta":{"_seopress_robots_primary_cat":"","_seopress_titles_title":"","_seopress_titles_desc":"","_seopress_robots_index":"","neve_meta_sidebar":"","neve_meta_container":"","neve_meta_enable_content_width":"","neve_meta_content_width":0,"neve_meta_title_alignment":"","neve_meta_author_avatar":"","neve_post_elements_order":"","neve_meta_disable_header":"","neve_meta_disable_footer":"","neve_meta_disable_title":"","_themeisle_gutenberg_block_has_review":false,"footnotes":""},"categories":[38,3,2],"tags":[39,63,33,11],"class_list":["post-2701","post","type-post","status-publish","format-standard","has-post-thumbnail","hentry","category-europe","category-geographie","category-le-monde","tag-europe","tag-europe-occidentale","tag-tourisme","tag-voyage"],"_links":{"self":[{"href":"https:\/\/horizonaventures.net\/index.php\/wp-json\/wp\/v2\/posts\/2701","targetHints":{"allow":["GET"]}}],"collection":[{"href":"https:\/\/horizonaventures.net\/index.php\/wp-json\/wp\/v2\/posts"}],"about":[{"href":"https:\/\/horizonaventures.net\/index.php\/wp-json\/wp\/v2\/types\/post"}],"author":[{"embeddable":true,"href":"https:\/\/horizonaventures.net\/index.php\/wp-json\/wp\/v2\/users\/1"}],"replies":[{"embeddable":true,"href":"https:\/\/horizonaventures.net\/index.php\/wp-json\/wp\/v2\/comments?post=2701"}],"version-history":[{"count":12,"href":"https:\/\/horizonaventures.net\/index.php\/wp-json\/wp\/v2\/posts\/2701\/revisions"}],"predecessor-version":[{"id":2723,"href":"https:\/\/horizonaventures.net\/index.php\/wp-json\/wp\/v2\/posts\/2701\/revisions\/2723"}],"wp:featuredmedia":[{"embeddable":true,"href":"https:\/\/horizonaventures.net\/index.php\/wp-json\/wp\/v2\/media\/2705"}],"wp:attachment":[{"href":"https:\/\/horizonaventures.net\/index.php\/wp-json\/wp\/v2\/media?parent=2701"}],"wp:term":[{"taxonomy":"category","embeddable":true,"href":"https:\/\/horizonaventures.net\/index.php\/wp-json\/wp\/v2\/categories?post=2701"},{"taxonomy":"post_tag","embeddable":true,"href":"https:\/\/horizonaventures.net\/index.php\/wp-json\/wp\/v2\/tags?post=2701"}],"curies":[{"name":"wp","href":"https:\/\/api.w.org\/{rel}","templated":true}]}}