{"id":2962,"date":"2025-11-05T21:19:34","date_gmt":"2025-11-05T20:19:34","guid":{"rendered":"https:\/\/horizonaventures.net\/?p=2962"},"modified":"2025-11-05T21:19:34","modified_gmt":"2025-11-05T20:19:34","slug":"canal-de-panama","status":"publish","type":"post","link":"https:\/\/horizonaventures.net\/index.php\/2025\/11\/05\/canal-de-panama\/","title":{"rendered":"Canal de Panam\u00e1"},"content":{"rendered":"\n<div id=\"wp-block-themeisle-blocks-advanced-columns-3d41d521\" class=\"wp-block-themeisle-blocks-advanced-columns has-3-columns has-desktop-equal-layout has-tablet-equal-layout has-mobile-collapsedRows-layout has-vertical-unset\"><div class=\"wp-block-themeisle-blocks-advanced-columns-overlay\"><\/div><div class=\"innerblocks-wrap\">\n<div id=\"wp-block-themeisle-blocks-advanced-column-0484565e\" class=\"wp-block-themeisle-blocks-advanced-column\">\n<h2 class=\"wp-block-heading has-text-align-center\">Le canal interoc\u00e9anique de Panam\u00e1<\/h2>\n\n\n\n<p style=\"padding-right:var(--wp--preset--spacing--30);padding-left:var(--wp--preset--spacing--30)\"><strong>Le canal interoc\u00e9anique de Panama relie l\u2019oc\u00e9an Atlantique \u00e0 l\u2019oc\u00e9an Pacifique. <\/strong><\/p>\n\n\n\n<p style=\"padding-right:var(--wp--preset--spacing--30);padding-left:var(--wp--preset--spacing--30)\"><strong>Ouvert en 1914, il traverse l\u2019isthme de Panama et repr\u00e9sente une prouesse d\u2019ing\u00e9nierie mondiale. <\/strong><\/p>\n\n\n\n<p style=\"padding-right:var(--wp--preset--spacing--30);padding-left:var(--wp--preset--spacing--30)\"><strong>Gr\u00e2ce \u00e0 ses \u00e9cluses, il permet le passage rapide des navires , \u00e9vitant le long d\u00e9tour par le cap Horn. <\/strong><\/p>\n\n\n\n<p style=\"padding-right:var(--wp--preset--spacing--30);padding-left:var(--wp--preset--spacing--30)\"><strong>Essentiel au commerce international, il renforce la position g\u00e9opolitique du Panama et constitue l\u2019une des infrastructures les plus importantes du transport maritime moderne.<\/strong><\/p>\n\n\n<div class=\"is-default-size aligncenter wp-block-site-logo\"><a href=\"https:\/\/horizonaventures.net\/\" class=\"custom-logo-link\" rel=\"home\"><img loading=\"lazy\" decoding=\"async\" width=\"500\" height=\"353\" src=\"https:\/\/horizonaventures.net\/wp-content\/uploads\/2024\/02\/cropped-Envie_d_horizonLogo.png\" class=\"custom-logo\" alt=\"Logo Envie d&#039;horizon\" srcset=\"https:\/\/horizonaventures.net\/wp-content\/uploads\/2024\/02\/cropped-Envie_d_horizonLogo.png 500w, https:\/\/horizonaventures.net\/wp-content\/uploads\/2024\/02\/cropped-Envie_d_horizonLogo-300x212.png 300w\" sizes=\"auto, (max-width: 500px) 100vw, 500px\" \/><\/a><\/div>\n\n\n<p class=\"has-text-align-center\"><sup><sub>Derni\u00e8re mise \u00e0 jour : 04\/11\/2025<\/sub><\/sup><\/p>\n<\/div>\n\n\n\n<div id=\"wp-block-themeisle-blocks-advanced-column-e304bd52\" class=\"wp-block-themeisle-blocks-advanced-column\"><div class=\"wp-block-image\">\n<figure class=\"aligncenter size-full is-resized\"><a href=\"https:\/\/www.tourismpanama.com\/\" target=\"_blank\" rel=\" noreferrer noopener\"><img alt=\"\" loading=\"lazy\" decoding=\"async\" width=\"600\" height=\"600\" src=\"https:\/\/horizonaventures.net\/wp-content\/uploads\/2025\/11\/panama-tourism-logo-png_seeklogo-182889.webp\" alt=\"\" class=\"wp-image-2963\" style=\"width:276px;height:auto\" srcset=\"https:\/\/horizonaventures.net\/wp-content\/uploads\/2025\/11\/panama-tourism-logo-png_seeklogo-182889.webp 600w, https:\/\/horizonaventures.net\/wp-content\/uploads\/2025\/11\/panama-tourism-logo-png_seeklogo-182889-300x300.webp 300w, https:\/\/horizonaventures.net\/wp-content\/uploads\/2025\/11\/panama-tourism-logo-png_seeklogo-182889-150x150.webp 150w\" sizes=\"auto, (max-width: 600px) 100vw, 600px\" \/><\/a><\/figure>\n<\/div>\n\n\n<figure class=\"wp-block-image size-full\"><a href=\"https:\/\/pancanal.com\/\" target=\"_blank\" rel=\" noreferrer noopener\"><img alt=\"\" loading=\"lazy\" decoding=\"async\" width=\"600\" height=\"600\" src=\"https:\/\/horizonaventures.net\/wp-content\/uploads\/2025\/11\/acp-autoridad-del-canal-de-panama-logo-png_seeklogo-214333.png\" alt=\"\" class=\"wp-image-2964\" srcset=\"https:\/\/horizonaventures.net\/wp-content\/uploads\/2025\/11\/acp-autoridad-del-canal-de-panama-logo-png_seeklogo-214333.png 600w, https:\/\/horizonaventures.net\/wp-content\/uploads\/2025\/11\/acp-autoridad-del-canal-de-panama-logo-png_seeklogo-214333-300x300.png 300w, https:\/\/horizonaventures.net\/wp-content\/uploads\/2025\/11\/acp-autoridad-del-canal-de-panama-logo-png_seeklogo-214333-150x150.png 150w\" sizes=\"auto, (max-width: 600px) 100vw, 600px\" \/><\/a><\/figure>\n<\/div>\n\n\n\n<div id=\"wp-block-themeisle-blocks-advanced-column-c35dfe14\" class=\"wp-block-themeisle-blocks-advanced-column\">\n<hr class=\"wp-block-separator has-alpha-channel-opacity\"\/>\n\n\n\n<p class=\"has-text-align-center\"><strong>Pays :<\/strong> <a href=\"https:\/\/horizonaventures.net\/index.php\/2024\/04\/19\/panama\/\">Panam\u00e1<\/a><br><strong>Region :<\/strong><a href=\"https:\/\/horizonaventures.net\/index.php\/2024\/04\/12\/lamerique-central\/\" data-type=\"post\" data-id=\"591\" target=\"_blank\" rel=\"noreferrer noopener\"><\/a><a href=\"https:\/\/horizonaventures.net\/index.php\/2024\/04\/12\/lamerique-central\/\" target=\"_blank\" rel=\"noreferrer noopener\">L\u2019Am\u00e9rique Central<\/a><\/p>\n\n\n<div class=\"wp-block-image\">\n<figure class=\"aligncenter size-large is-resized has-custom-border\"><img decoding=\"async\" src=\"https:\/\/horizonaventures.net\/wp-content\/uploads\/2024\/04\/Flag_of_Panama-4096x2731-1-300x200.png\" alt=\"\" style=\"border-width:1px;border-radius:10px;width:192px;height:auto\"\/><\/figure>\n<\/div>\n\n\n<p class=\"has-text-align-center\">Office du tourisme : <\/p>\n\n\n\n<p class=\"has-text-align-center\"><a href=\"https:\/\/www.tourismpanama.com\/\">https:\/\/www.tourismpanama.com\/<\/a><br><a href=\"https:\/\/pancanal.com\/\">https:\/\/panc<\/a><a href=\"https:\/\/pancanal.com\/\" target=\"_blank\" rel=\"noreferrer noopener\">a<\/a><a href=\"https:\/\/pancanal.com\/\">nal.com\/<\/a><\/p>\n\n\n\n<hr class=\"wp-block-separator has-alpha-channel-opacity\"\/>\n\n\n\n<figure class=\"wp-block-embed aligncenter is-type-video is-provider-youtube wp-block-embed-youtube wp-embed-aspect-16-9 wp-has-aspect-ratio\"><div class=\"wp-block-embed__wrapper\">\n<div class=\"nv-iframe-embed\"><iframe loading=\"lazy\" title=\"Rep\u00fablica de Panam\u00e1\" width=\"1200\" height=\"675\" src=\"https:\/\/www.youtube.com\/embed\/OSih6JX6Sp0?feature=oembed\" frameborder=\"0\" allow=\"accelerometer; autoplay; clipboard-write; encrypted-media; gyroscope; picture-in-picture; web-share\" referrerpolicy=\"strict-origin-when-cross-origin\" allowfullscreen><\/iframe><\/div>\n<\/div><figcaption class=\"wp-element-caption\">L\u2019article n&rsquo;est pas disponible en vid\u00e9o<\/figcaption><\/figure>\n\n\n\n<hr class=\"wp-block-separator has-alpha-channel-opacity\"\/>\n<\/div>\n<\/div><\/div>\n\n\n\n<div id=\"wp-block-themeisle-blocks-advanced-columns-36922587\" class=\"wp-block-themeisle-blocks-advanced-columns has-3-columns has-desktop-equal-layout has-tablet-equal-layout has-mobile-collapsedRows-layout has-vertical-unset\"><div class=\"wp-block-themeisle-blocks-advanced-columns-overlay\"><\/div><div class=\"innerblocks-wrap\">\n<div id=\"wp-block-themeisle-blocks-advanced-column-316d9744\" class=\"wp-block-themeisle-blocks-advanced-column\">\n<h3 class=\"wp-block-heading has-text-align-center\">Le centre du monde n\u2019est pas la gare de Perpignan.<\/h3>\n\n\n\n<p style=\"padding-right:var(--wp--preset--spacing--30);padding-left:var(--wp--preset--spacing--30)\">Situ\u00e9 en <a href=\"https:\/\/horizonaventures.net\/index.php\/2024\/04\/12\/lamerique-central\/\" data-type=\"link\" data-id=\"https:\/\/horizonaventures.net\/index.php\/2024\/04\/12\/lamerique-central\/\" target=\"_blank\" rel=\"noreferrer noopener\">Am\u00e9rique centrale<\/a>, le canal de Panama traverse l\u2019<strong>isthme<\/strong> du m\u00eame nom <strong>entre Col\u00f3n sur la mer des Cara\u00efbes et Panama sur l\u2019oc\u00e9an Pacifique<\/strong>. <\/p>\n\n\n\n<p style=\"padding-right:var(--wp--preset--spacing--30);padding-left:var(--wp--preset--spacing--30)\">Vu de la France, il se trouve \u00e0 environ 9 000 kilom\u00e8tres au sud-ouest, entre <strong>le Costa Rica <\/strong>et <strong><a href=\"https:\/\/horizonaventures.net\/index.php\/2025\/03\/09\/la-colombie\/\" data-type=\"link\" data-id=\"https:\/\/horizonaventures.net\/index.php\/2025\/03\/09\/la-colombie\/\" target=\"_blank\" rel=\"noreferrer noopener\">la Colombie<\/a><\/strong>. <\/p>\n\n\n\n<p style=\"padding-right:var(--wp--preset--spacing--30);padding-left:var(--wp--preset--spacing--30)\">Cette position strat\u00e9gique lie les continents d\u2019<strong><a href=\"https:\/\/horizonaventures.net\/index.php\/2024\/07\/11\/lamerique-du-nord\/\" data-type=\"link\" data-id=\"https:\/\/horizonaventures.net\/index.php\/2024\/07\/11\/lamerique-du-nord\/\" target=\"_blank\" rel=\"noreferrer noopener\">Am\u00e9rique du Nord<\/a><\/strong> et <strong><a href=\"https:\/\/horizonaventures.net\/index.php\/2024\/07\/09\/amerique-du-sud-2\/\" data-type=\"link\" data-id=\"https:\/\/horizonaventures.net\/index.php\/2024\/07\/09\/amerique-du-sud-2\/\" target=\"_blank\" rel=\"noreferrer noopener\">du Sud<\/a><\/strong>, faisant du <strong>Panama<\/strong> un point cl\u00e9 du commerce maritime mondial.<\/p>\n\n\n\n<p class=\"has-text-align-center\"><a href=\"https:\/\/maps.app.goo.gl\/Vt4PgXJyZUqosBtN8\" data-type=\"link\" data-id=\"https:\/\/maps.app.goo.gl\/Vt4PgXJyZUqosBtN8\" target=\"_blank\" rel=\"noreferrer noopener\">Google Map \/ Canal de Panama<\/a><\/p>\n<\/div>\n\n\n\n<div id=\"wp-block-themeisle-blocks-advanced-column-6f1a5b3b\" class=\"wp-block-themeisle-blocks-advanced-column\">\n<h3 class=\"wp-block-heading has-text-align-center\">La Terre est ronde  Christophe Colomb<\/h3>\n\n\n\n<p style=\"padding-right:var(--wp--preset--spacing--30);padding-left:var(--wp--preset--spacing--30)\"><br>Lorsque Christophe Colomb entama son voyage en <strong>1492<\/strong>, il voulut prouver qu\u2019<strong>en naviguant vers l\u2019ouest, on pouvait atteindre l\u2019Orient.<\/strong> <\/p>\n\n\n\n<p style=\"padding-right:var(--wp--preset--spacing--30);padding-left:var(--wp--preset--spacing--30)\">Cette croyance, fond\u00e9e sur l\u2019id\u00e9e que <strong>la Terre est ronde<\/strong>, ouvrit une \u00e8re nouvelle d\u2019exploration et de conqu\u00eates. <\/p>\n\n\n\n<p style=\"padding-right:var(--wp--preset--spacing--30);padding-left:var(--wp--preset--spacing--30)\">Les grandes d\u00e9couvertes qui suivirent transform\u00e8rent la g\u00e9ographie du monde et r\u00e9v\u00e9l\u00e8rent l\u2019immensit\u00e9 du <strong><a href=\"https:\/\/horizonaventures.net\/index.php\/2024\/03\/03\/lamerique\/\" data-type=\"link\" data-id=\"https:\/\/horizonaventures.net\/index.php\/2024\/03\/03\/lamerique\/\" target=\"_blank\" rel=\"noreferrer noopener\">continent am\u00e9ricain<\/a><\/strong>.<\/p>\n\n\n<div class=\"is-default-size aligncenter wp-block-site-logo\"><a href=\"https:\/\/horizonaventures.net\/\" class=\"custom-logo-link\" rel=\"home\"><img loading=\"lazy\" decoding=\"async\" width=\"500\" height=\"353\" src=\"https:\/\/horizonaventures.net\/wp-content\/uploads\/2024\/02\/cropped-Envie_d_horizonLogo.png\" class=\"custom-logo\" alt=\"Logo Envie d&#039;horizon\" srcset=\"https:\/\/horizonaventures.net\/wp-content\/uploads\/2024\/02\/cropped-Envie_d_horizonLogo.png 500w, https:\/\/horizonaventures.net\/wp-content\/uploads\/2024\/02\/cropped-Envie_d_horizonLogo-300x212.png 300w\" sizes=\"auto, (max-width: 500px) 100vw, 500px\" \/><\/a><\/div><\/div>\n\n\n\n<div id=\"wp-block-themeisle-blocks-advanced-column-ddc62680\" class=\"wp-block-themeisle-blocks-advanced-column\">\n<h3 class=\"wp-block-heading has-text-align-center\"><strong>D\u00e9couverte du Pacifique Vasco N\u00fa\u00f1ez de Balboa<\/strong><\/h3>\n\n\n\n<p style=\"padding-right:var(--wp--preset--spacing--30);padding-left:var(--wp--preset--spacing--30)\"><br>En <strong>1513<\/strong>, l\u2019explorateur espagnol <strong>Vasco N\u00fa\u00f1ez de Balboa<\/strong> r\u00e9alisa un exploit majeur en traversant <strong>l\u2019isthme de Panama <\/strong>\u00e0 pied. <\/p>\n\n\n\n<p style=\"padding-right:var(--wp--preset--spacing--30);padding-left:var(--wp--preset--spacing--30)\">Apr\u00e8s des semaines de marche \u00e0 travers la jungle tropicale, il atteignit enfin une immense \u00e9tendue d\u2019eau qu\u2019il baptisa \u00ab <strong>Mar del Sur<\/strong> \u00bb, aujourd\u2019hui connue sous le nom d\u2019<strong>oc\u00e9an Pacifique<\/strong>. <\/p>\n\n\n\n<p style=\"padding-right:var(--wp--preset--spacing--30);padding-left:var(--wp--preset--spacing--30)\">Le panorama r\u00e9v\u00e9l\u00e9 par Balboa montrait clairement que les terres d\u00e9couvertes par Christophe Colomb n\u2019\u00e9taient pas l\u2019Asie, <strong>mais un continent nouveau.<\/strong><\/p>\n<\/div>\n<\/div><\/div>\n\n\n\n<div id=\"wp-block-themeisle-blocks-advanced-columns-3e9cb56f\" class=\"wp-block-themeisle-blocks-advanced-columns has-3-columns has-desktop-equal-layout has-tablet-equal-layout has-mobile-collapsedRows-layout has-vertical-unset\"><div class=\"wp-block-themeisle-blocks-advanced-columns-overlay\"><\/div><div class=\"innerblocks-wrap\">\n<div id=\"wp-block-themeisle-blocks-advanced-column-0bc1b536\" class=\"wp-block-themeisle-blocks-advanced-column\">\n<h3 class=\"wp-block-heading has-text-align-center\">Du tr\u00e9sor des Incas au r\u00eave du canal<\/h3>\n\n\n\n<p style=\"padding-right:var(--wp--preset--spacing--30);padding-left:0\">Au XVIe si\u00e8cle, apr\u00e8s <strong>la conqu\u00eate de l\u2019empire inca<\/strong>, le Panam\u00e1 devint la principale voie de transit de <strong>l\u2019or<\/strong> et de l\u2019argent extraits <strong>du P\u00e9rou vers l\u2019Espagne<\/strong>. <\/p>\n\n\n\n<p style=\"padding-right:var(--wp--preset--spacing--30);padding-left:0\">Les navires d\u00e9barquaient leurs tr\u00e9sors \u00e0 <strong>Panama Vieja<\/strong>, sur la c\u00f4te pacifique, avant qu\u2019ils ne soient transport\u00e9s \u00e0 dos de mule jusqu\u2019\u00e0 <strong>Portobelo<\/strong>, sur la c\u00f4te cara\u00efbe, en suivant le cours du <strong>rio Chagre<\/strong>. <\/p>\n\n\n\n<p style=\"padding-right:var(--wp--preset--spacing--30);padding-left:0\">Ce chemin de l\u2019or fit du Panama un territoire strat\u00e9gique mais aussi convoit\u00e9 et <strong>vuln\u00e9rable aux attaques de pirates<\/strong>.\u00a0<\/p>\n<\/div>\n\n\n\n<div id=\"wp-block-themeisle-blocks-advanced-column-66f4f1fd\" class=\"wp-block-themeisle-blocks-advanced-column\">\n<figure class=\"wp-block-image size-large has-custom-border\"><img alt=\"\" loading=\"lazy\" decoding=\"async\" width=\"1024\" height=\"576\" src=\"https:\/\/horizonaventures.net\/wp-content\/uploads\/2025\/11\/Carte-panama-1024x576.png\" alt=\"\" class=\"wp-image-2972\" style=\"border-width:1px;border-radius:10px\" srcset=\"https:\/\/horizonaventures.net\/wp-content\/uploads\/2025\/11\/Carte-panama-1024x576.png 1024w, https:\/\/horizonaventures.net\/wp-content\/uploads\/2025\/11\/Carte-panama-300x169.png 300w, https:\/\/horizonaventures.net\/wp-content\/uploads\/2025\/11\/Carte-panama-768x432.png 768w, https:\/\/horizonaventures.net\/wp-content\/uploads\/2025\/11\/Carte-panama-1536x864.png 1536w, https:\/\/horizonaventures.net\/wp-content\/uploads\/2025\/11\/Carte-panama.png 1920w\" sizes=\"auto, (max-width: 1024px) 100vw, 1024px\" \/><\/figure>\n\n\n<div class=\"wp-block-image\">\n<figure class=\"aligncenter size-full is-resized has-custom-border\"><img alt=\"\" loading=\"lazy\" decoding=\"async\" width=\"467\" height=\"622\" src=\"https:\/\/horizonaventures.net\/wp-content\/uploads\/2025\/11\/Portobelo-edited.jpg\" alt=\"\" class=\"wp-image-2991\" style=\"border-width:1px;border-radius:10px;width:320px;height:auto\" srcset=\"https:\/\/horizonaventures.net\/wp-content\/uploads\/2025\/11\/Portobelo-edited.jpg 467w, https:\/\/horizonaventures.net\/wp-content\/uploads\/2025\/11\/Portobelo-edited-225x300.jpg 225w\" sizes=\"auto, (max-width: 467px) 100vw, 467px\" \/><\/figure>\n<\/div><\/div>\n\n\n\n<div id=\"wp-block-themeisle-blocks-advanced-column-edb278fa\" class=\"wp-block-themeisle-blocks-advanced-column\">\n<h3 class=\"wp-block-heading has-text-align-center\" style=\"padding-right:var(--wp--preset--spacing--30);padding-left:var(--wp--preset--spacing--30)\">Un besoin de traverser l\u2019isthme<\/h3>\n\n\n\n<p style=\"padding-right:0;padding-left:var(--wp--preset--spacing--30)\">Depuis la d\u00e9couverte du Pacifique par <strong>Vasco N\u00fa\u00f1ez de Balboa<\/strong>, l\u2019id\u00e9e de relier les deux oc\u00e9ans \u00e0 travers l\u2019isthme de Panama ne cessa de grandir. <\/p>\n\n\n\n<p style=\"padding-right:0;padding-left:var(--wp--preset--spacing--30)\">Ce qui n\u2019\u00e9tait d\u2019abord qu\u2019un r\u00eave d\u2019explorateur devint peu \u00e0 peu une n\u00e9cessit\u00e9 pour le commerce mondial. <\/p>\n\n\n\n<p style=\"padding-right:0;padding-left:var(--wp--preset--spacing--30)\"><strong>La travers\u00e9e terrestre<\/strong>, longue et p\u00e9rilleuse, retardait les \u00e9changes et mettait en danger les convois charg\u00e9s de richesses. <\/p>\n\n\n\n<p style=\"padding-right:0;padding-left:var(--wp--preset--spacing--30)\">En <strong>1534<\/strong>, l&#8217;empereur <strong>Charles Quint ordonne les premi\u00e8res \u00e9tudes techniques<\/strong> pour un canal traversant l&rsquo;isthme panam\u00e9en.<\/p>\n<\/div>\n<\/div><\/div>\n\n\n\n<div id=\"wp-block-themeisle-blocks-advanced-columns-674d90e0\" class=\"wp-block-themeisle-blocks-advanced-columns has-2-columns has-desktop-equal-layout has-tablet-equal-layout has-mobile-collapsedRows-layout has-vertical-unset\"><div class=\"wp-block-themeisle-blocks-advanced-columns-overlay\"><\/div><div class=\"innerblocks-wrap\">\n<div id=\"wp-block-themeisle-blocks-advanced-column-f9b13965\" class=\"wp-block-themeisle-blocks-advanced-column\"><div class=\"wp-block-image\">\n<figure class=\"aligncenter size-full is-resized has-custom-border\"><img alt=\"\" loading=\"lazy\" decoding=\"async\" width=\"2560\" height=\"1438\" src=\"https:\/\/horizonaventures.net\/wp-content\/uploads\/2025\/11\/Panama-train-scaled.jpg\" alt=\"\" class=\"wp-image-2973\" style=\"border-width:1px;border-radius:10px;width:320px;height:auto\" srcset=\"https:\/\/horizonaventures.net\/wp-content\/uploads\/2025\/11\/Panama-train-scaled.jpg 2560w, https:\/\/horizonaventures.net\/wp-content\/uploads\/2025\/11\/Panama-train-300x169.jpg 300w, https:\/\/horizonaventures.net\/wp-content\/uploads\/2025\/11\/Panama-train-1024x575.jpg 1024w, https:\/\/horizonaventures.net\/wp-content\/uploads\/2025\/11\/Panama-train-768x431.jpg 768w, https:\/\/horizonaventures.net\/wp-content\/uploads\/2025\/11\/Panama-train-1536x863.jpg 1536w, https:\/\/horizonaventures.net\/wp-content\/uploads\/2025\/11\/Panama-train-2048x1150.jpg 2048w\" sizes=\"auto, (max-width: 2560px) 100vw, 2560px\" \/><\/figure>\n<\/div>\n\n\n<h3 class=\"wp-block-heading has-text-align-center\">La voie ferr\u00e9e de Panam\u00e1 :\u00a0premi\u00e8re prouesse d\u2019ing\u00e9nierie<\/h3>\n\n\n\n<p style=\"padding-right:var(--wp--preset--spacing--30);padding-left:var(--wp--preset--spacing--30)\">Avant m\u00eame la construction du canal, le Panama fut le th\u00e9\u00e2tre d\u2019un exploit technique marquant : la cr\u00e9ation de <strong>la premi\u00e8re voie ferr\u00e9e interoc\u00e9anique<\/strong>. <\/p>\n\n\n\n<p style=\"padding-right:var(--wp--preset--spacing--30);padding-left:var(--wp--preset--spacing--30)\">Achev\u00e9e en <strong>1855,<\/strong> la ligne de chemin de fer reliait les c\u00f4tes atlantique et pacifique, traversant jungles, rivi\u00e8res et mar\u00e9cages. <\/p>\n\n\n\n<p style=\"padding-right:var(--wp--preset--spacing--30);padding-left:var(--wp--preset--spacing--30)\">Cette infrastructure permit de transporter rapidement marchandises et voyageurs <strong>durant la ru\u00e9e vers l\u2019or de Californie<\/strong>, r\u00e9duisant consid\u00e9rablement les risques et la dur\u00e9e du trajet. <\/p>\n\n\n\n<p style=\"padding-right:var(--wp--preset--spacing--30);padding-left:var(--wp--preset--spacing--30)\">Cette voie ferr\u00e9e, toujours en service aujourd\u2019hui, fut la premi\u00e8re \u00e9tape concr\u00e8te vers la r\u00e9alisation du futur canal.<\/p>\n<\/div>\n\n\n\n<div id=\"wp-block-themeisle-blocks-advanced-column-07007b8c\" class=\"wp-block-themeisle-blocks-advanced-column\">\n<h3 class=\"wp-block-heading has-text-align-center\">Le projet de canal fran\u00e7ais<\/h3>\n\n\n\n<p style=\"padding-right:var(--wp--preset--spacing--30);padding-left:var(--wp--preset--spacing--30)\">Fort du succ\u00e8s du <strong>canal de Suez<\/strong>, l\u2019ing\u00e9nieur fran\u00e7ais <strong>Ferdinand de Lesseps<\/strong> lan\u00e7a en <strong>1880<\/strong> le projet ambitieux d\u2019<strong>un canal \u00e0 niveau <\/strong>traversant l\u2019isthme de Panama. <\/p>\n\n\n\n<p style=\"padding-right:var(--wp--preset--spacing--30);padding-left:var(--wp--preset--spacing--30)\">Soutenu par <strong>la Compagnie Universelle du Canal Interoc\u00e9anique<\/strong> et <strong>le gouvernement fran\u00e7ais<\/strong>, il rassembla <strong>des milliers d\u2019ouvriers et d\u2019ing\u00e9nieurs <\/strong>venus du monde entier. <\/p>\n\n\n\n<p style=\"padding-right:var(--wp--preset--spacing--30);padding-left:var(--wp--preset--spacing--30)\">Ce chantier colossal fut alors pr\u00e9sent\u00e9 comme <strong>un symbole du progr\u00e8s humain et de la puissance scientifique<\/strong> de la fin du XIXe si\u00e8cle.<\/p>\n\n\n<div class=\"wp-block-image\">\n<figure class=\"aligncenter size-full is-resized has-custom-border\"><img alt=\"\" loading=\"lazy\" decoding=\"async\" width=\"962\" height=\"712\" src=\"https:\/\/horizonaventures.net\/wp-content\/uploads\/2025\/11\/Histoir1.jpg\" alt=\"\" class=\"wp-image-2974\" style=\"border-width:1px;border-radius:10px;width:362px;height:auto\" srcset=\"https:\/\/horizonaventures.net\/wp-content\/uploads\/2025\/11\/Histoir1.jpg 962w, https:\/\/horizonaventures.net\/wp-content\/uploads\/2025\/11\/Histoir1-300x222.jpg 300w, https:\/\/horizonaventures.net\/wp-content\/uploads\/2025\/11\/Histoir1-768x568.jpg 768w\" sizes=\"auto, (max-width: 962px) 100vw, 962px\" \/><\/figure>\n<\/div><\/div>\n<\/div><\/div>\n\n\n\n<div id=\"wp-block-themeisle-blocks-advanced-columns-882bac18\" class=\"wp-block-themeisle-blocks-advanced-columns has-2-columns has-desktop-equal-layout has-tablet-equal-layout has-mobile-collapsedRows-layout has-vertical-unset\"><div class=\"wp-block-themeisle-blocks-advanced-columns-overlay\"><\/div><div class=\"innerblocks-wrap\">\n<div id=\"wp-block-themeisle-blocks-advanced-column-1b0f933d\" class=\"wp-block-themeisle-blocks-advanced-column\"><div class=\"wp-block-image\">\n<figure class=\"aligncenter size-full is-resized has-custom-border\"><img alt=\"\" loading=\"lazy\" decoding=\"async\" width=\"1280\" height=\"967\" src=\"https:\/\/horizonaventures.net\/wp-content\/uploads\/2025\/11\/histoir2.png\" alt=\"\" class=\"wp-image-2975\" style=\"border-width:1px;border-radius:10px;width:473px;height:auto\" srcset=\"https:\/\/horizonaventures.net\/wp-content\/uploads\/2025\/11\/histoir2.png 1280w, https:\/\/horizonaventures.net\/wp-content\/uploads\/2025\/11\/histoir2-300x227.png 300w, https:\/\/horizonaventures.net\/wp-content\/uploads\/2025\/11\/histoir2-1024x774.png 1024w, https:\/\/horizonaventures.net\/wp-content\/uploads\/2025\/11\/histoir2-768x580.png 768w\" sizes=\"auto, (max-width: 1280px) 100vw, 1280px\" \/><\/figure>\n<\/div>\n\n<div class=\"wp-block-image\">\n<figure class=\"aligncenter size-full is-resized has-custom-border\"><img alt=\"\" loading=\"lazy\" decoding=\"async\" width=\"860\" height=\"604\" src=\"https:\/\/horizonaventures.net\/wp-content\/uploads\/2025\/11\/Histoir3.webp\" alt=\"\" class=\"wp-image-2979\" style=\"border-width:1px;border-radius:10px;width:308px;height:auto\" srcset=\"https:\/\/horizonaventures.net\/wp-content\/uploads\/2025\/11\/Histoir3.webp 860w, https:\/\/horizonaventures.net\/wp-content\/uploads\/2025\/11\/Histoir3-300x211.webp 300w, https:\/\/horizonaventures.net\/wp-content\/uploads\/2025\/11\/Histoir3-768x539.webp 768w\" sizes=\"auto, (max-width: 860px) 100vw, 860px\" \/><\/figure>\n<\/div><\/div>\n\n\n\n<div id=\"wp-block-themeisle-blocks-advanced-column-95f150b0\" class=\"wp-block-themeisle-blocks-advanced-column\">\n<h3 class=\"wp-block-heading has-text-align-center\">R\u00e9alisation chaotique et fin tragique du canal fran\u00e7ais<\/h3>\n\n\n\n<p>Mais le r\u00eave se transforma rapidement en <strong>cauchemar<\/strong>. <\/p>\n\n\n\n<p>Le climat tropical, <strong>les pluies diluviennes<\/strong>, la jungle dense et surtout <strong>les maladies<\/strong> comme la fi\u00e8vre jaune et le paludisme d\u00e9cim\u00e8rent les travailleurs, <strong>jusqu&rsquo;\u00e0 22 000 morts<\/strong> selon certaines sources. <\/p>\n\n\n\n<p><strong>Les difficult\u00e9s techniques<\/strong> li\u00e9es au relief montagneux rendirent le chantier presque <strong>impossible avec les moyens de l\u2019\u00e9poque<\/strong>. <\/p>\n\n\n\n<p>En <strong>1889<\/strong>, la Compagnie fran\u00e7aise fit faillite, r<strong>uina des milliers d\u2019investisseurs <\/strong>et entra\u00eena un immense scandale en France, connu sous le nom d\u2019\u00ab <strong>affaire de Panama<\/strong> \u00bb. <\/p>\n\n\n\n<p>Ce dramatique \u00e9chec marqua <strong>la fin du projet fran\u00e7ais<\/strong>.<\/p>\n<\/div>\n<\/div><\/div>\n\n\n\n<div id=\"wp-block-themeisle-blocks-advanced-columns-66e9d595\" class=\"wp-block-themeisle-blocks-advanced-columns has-2-columns has-desktop-equal-layout has-tablet-equal-layout has-mobile-collapsedRows-layout has-vertical-unset\"><div class=\"wp-block-themeisle-blocks-advanced-columns-overlay\"><\/div><div class=\"innerblocks-wrap\">\n<div id=\"wp-block-themeisle-blocks-advanced-column-606136a1\" class=\"wp-block-themeisle-blocks-advanced-column\">\n<h3 class=\"wp-block-heading has-text-align-center\">\u00c9volution politique et scientifique entre canal fran\u00e7ais et canal am\u00e9ricain<\/h3>\n\n\n\n<p style=\"padding-right:var(--wp--preset--spacing--30);padding-left:var(--wp--preset--spacing--30)\">Apr\u00e8s l\u2019\u00e9chec du projet fran\u00e7ais,<strong> les \u00c9tats-Unis<\/strong> reprirent l\u2019initiative <strong>\u00e0 partir de 1904<\/strong>, dans un contexte politique international tr\u00e8s diff\u00e9rent. <\/p>\n\n\n\n<p style=\"padding-right:var(--wp--preset--spacing--30);padding-left:var(--wp--preset--spacing--30)\">En soutenant l\u2019ind\u00e9pendance du Panama vis-\u00e0-vis de la <a href=\"https:\/\/horizonaventures.net\/index.php\/2025\/03\/09\/la-colombie\/\" data-type=\"link\" data-id=\"https:\/\/horizonaventures.net\/index.php\/2025\/03\/09\/la-colombie\/\" target=\"_blank\" rel=\"noreferrer noopener\"><strong>Colombie<\/strong>,<\/a> Le pr\u00e9sident <strong>Theodore Roosevelt<\/strong> obtinrent les droits exclusifs pour construire et exploiter le canal. <\/p>\n\n\n\n<p style=\"padding-right:var(--wp--preset--spacing--30);padding-left:var(--wp--preset--spacing--30)\">Ce changement politique et <strong>les d\u00e9couverte scientifique <\/strong>firent du canal am\u00e9ricain <strong>une r\u00e9ussite exemplaire<\/strong>, <strong>symbole de la puissance industrielle et diplomatique <\/strong>des \u00c9tats-Unis au d\u00e9but du XXe si\u00e8cle.<\/p>\n<\/div>\n\n\n\n<div id=\"wp-block-themeisle-blocks-advanced-column-1e8ccb9a\" class=\"wp-block-themeisle-blocks-advanced-column\"><div class=\"wp-block-image\">\n<figure class=\"aligncenter size-full is-resized has-custom-border\"><img alt=\"\" loading=\"lazy\" decoding=\"async\" width=\"962\" height=\"747\" src=\"https:\/\/horizonaventures.net\/wp-content\/uploads\/2025\/11\/Histoir3.jpg\" alt=\"\" class=\"wp-image-2980\" style=\"border-width:1px;border-radius:10px;width:510px;height:auto\" srcset=\"https:\/\/horizonaventures.net\/wp-content\/uploads\/2025\/11\/Histoir3.jpg 962w, https:\/\/horizonaventures.net\/wp-content\/uploads\/2025\/11\/Histoir3-300x233.jpg 300w, https:\/\/horizonaventures.net\/wp-content\/uploads\/2025\/11\/Histoir3-768x596.jpg 768w\" sizes=\"auto, (max-width: 962px) 100vw, 962px\" \/><\/figure>\n<\/div><\/div>\n<\/div><\/div>\n\n\n\n<div id=\"wp-block-themeisle-blocks-advanced-columns-6227b991\" class=\"wp-block-themeisle-blocks-advanced-columns has-3-columns has-desktop-equal-layout has-tablet-equal-layout has-mobile-collapsedRows-layout has-vertical-unset\"><div class=\"wp-block-themeisle-blocks-advanced-columns-overlay\"><\/div><div class=\"innerblocks-wrap\">\n<div id=\"wp-block-themeisle-blocks-advanced-column-ea8e9bc6\" class=\"wp-block-themeisle-blocks-advanced-column\">\n<h3 class=\"wp-block-heading has-text-align-center\">La conqu\u00eate am\u00e9ricaine du passage interoc\u00e9anique<\/h3>\n\n\n\n<p style=\"padding-right:var(--wp--preset--spacing--30);padding-left:var(--wp--preset--spacing--30)\">Lanc\u00e9 en <strong>1904<\/strong>, le projet de canal de Panama par les \u00c9tats-Unis fut une ambitieuse entreprise d\u2019ing\u00e9nierie qui marqua un tournant majeur dans l\u2019histoire des infrastructures mondiales. <\/p>\n\n\n\n<p style=\"padding-right:var(--wp--preset--spacing--30);padding-left:var(--wp--preset--spacing--30)\">Pour r\u00e9sister aux conditions climatiques difficiles les \u00c9tats-Unis mirent en place <strong>des mesures sanitaires r\u00e9volutionnaires<\/strong> , La construction comprit <strong>la cr\u00e9ation d\u2019un syst\u00e8me d\u2019\u00e9cluses sophistiqu\u00e9<\/strong> . <\/p>\n\n\n\n<p style=\"padding-right:var(--wp--preset--spacing--30);padding-left:var(--wp--preset--spacing--30)\">Achev\u00e9 en 1914, le canal de Panama fut un exploit d\u2019ing\u00e9nierie, de coordination et de volont\u00e9 politique, transformant durablement les routes maritimes mondiales et faisant du <strong>Panama un passage strat\u00e9gique incontournable entre deux oc\u00e9ans <\/strong>concr\u00e9tisant un r\u00eave vieux de plusieurs si\u00e8cles.<\/p>\n<\/div>\n\n\n\n<div id=\"wp-block-themeisle-blocks-advanced-column-09fc5516\" class=\"wp-block-themeisle-blocks-advanced-column\">\n<h3 class=\"wp-block-heading has-text-align-center has-neve-link-color-color has-text-color has-link-color wp-elements-382f4aafd1645454b325b1852c69d2b0\">R\u00e9clamation de souverainet\u00e9 sur le canal de Panam\u00e1<\/h3>\n\n\n\n<p style=\"padding-right:var(--wp--preset--spacing--30);padding-left:var(--wp--preset--spacing--30)\">Depuis la construction du canal par les \u00c9tats-Unis, <strong>le peuple panam\u00e9en revendiqua avec force la souverainet\u00e9 sur cette zone strat\u00e9gique<\/strong>. <\/p>\n\n\n\n<p style=\"padding-right:var(--wp--preset--spacing--30);padding-left:var(--wp--preset--spacing--30)\">La pr\u00e9sence am\u00e9ricaine \u00e9tait per\u00e7ue comme un symbole d\u2019<strong>ing\u00e9rence dans les affaires nationales<\/strong>, ce qui provoqua plusieurs mouvements populaires et tensions diplomatiques. <\/p>\n\n\n\n<p style=\"padding-right:var(--wp--preset--spacing--30);padding-left:var(--wp--preset--spacing--30)\">Ces revendications s\u2019amplifi\u00e8rent tout au long du XXe si\u00e8cle, port\u00e9es par des leaders politiques panam\u00e9ens et soutenues par <strong>une prise de conscience accrue de l\u2019importance du canal pour l\u2019\u00e9conomie <\/strong>et l\u2019identit\u00e9 nationale du Panama.<\/p>\n\n\n<div class=\"is-default-size aligncenter wp-block-site-logo\"><a href=\"https:\/\/horizonaventures.net\/\" class=\"custom-logo-link\" rel=\"home\"><img loading=\"lazy\" decoding=\"async\" width=\"500\" height=\"353\" src=\"https:\/\/horizonaventures.net\/wp-content\/uploads\/2024\/02\/cropped-Envie_d_horizonLogo.png\" class=\"custom-logo\" alt=\"Logo Envie d&#039;horizon\" srcset=\"https:\/\/horizonaventures.net\/wp-content\/uploads\/2024\/02\/cropped-Envie_d_horizonLogo.png 500w, https:\/\/horizonaventures.net\/wp-content\/uploads\/2024\/02\/cropped-Envie_d_horizonLogo-300x212.png 300w\" sizes=\"auto, (max-width: 500px) 100vw, 500px\" \/><\/a><\/div><\/div>\n\n\n\n<div id=\"wp-block-themeisle-blocks-advanced-column-2b90f083\" class=\"wp-block-themeisle-blocks-advanced-column\">\n<h3 class=\"wp-block-heading has-text-align-center has-neve-link-color-color has-text-color has-link-color wp-elements-9b67bc01359a730bb1460510d4326ee9\" style=\"padding-right:var(--wp--preset--spacing--30);padding-left:var(--wp--preset--spacing--30)\">Le trait\u00e9 Torrijos-Carter et la r\u00e9trocession du canal<\/h3>\n\n\n\n<p>En <strong>1977<\/strong>, le trait\u00e9 <strong>Torrijos-Carter <\/strong>fut sign\u00e9 entre le pr\u00e9sident panam\u00e9en <strong>Omar Torrijos <\/strong>et le pr\u00e9sident am\u00e9ricain <strong>Jimmy Carter<\/strong>. <\/p>\n\n\n\n<p>Ce trait\u00e9 \u00e9tablit <strong>le transfert progressif de la gestion du canal du gouvernement am\u00e9ricain au Panama,<\/strong> aboutissant \u00e0 la r\u00e9trocession totale de la zone du canal en <strong>le premier janvier 2000<\/strong>. <\/p>\n\n\n\n<p>Cette c\u00e9r\u00e9monie symbolisa <strong>la restauration compl\u00e8te de la souverainet\u00e9 panam\u00e9enne <\/strong>sur cet axe vital du commerce mondial, marquant une nouvelle \u00e8re de coop\u00e9ration et de fiert\u00e9 nationale pour le Panama.<\/p>\n\n\n<div class=\"wp-block-image\">\n<figure class=\"aligncenter size-large has-custom-border\"><img alt=\"\" loading=\"lazy\" decoding=\"async\" width=\"1024\" height=\"575\" src=\"https:\/\/horizonaventures.net\/wp-content\/uploads\/2025\/11\/Canal-et-bateau-1024x575.jpg\" alt=\"\" class=\"wp-image-2983\" style=\"border-width:1px;border-radius:10px\" srcset=\"https:\/\/horizonaventures.net\/wp-content\/uploads\/2025\/11\/Canal-et-bateau-1024x575.jpg 1024w, https:\/\/horizonaventures.net\/wp-content\/uploads\/2025\/11\/Canal-et-bateau-300x169.jpg 300w, https:\/\/horizonaventures.net\/wp-content\/uploads\/2025\/11\/Canal-et-bateau-768x431.jpg 768w, https:\/\/horizonaventures.net\/wp-content\/uploads\/2025\/11\/Canal-et-bateau-1536x863.jpg 1536w, https:\/\/horizonaventures.net\/wp-content\/uploads\/2025\/11\/Canal-et-bateau-2048x1150.jpg 2048w\" sizes=\"auto, (max-width: 1024px) 100vw, 1024px\" \/><\/figure>\n<\/div><\/div>\n<\/div><\/div>\n\n\n\n<div id=\"wp-block-themeisle-blocks-advanced-columns-abe32927\" class=\"wp-block-themeisle-blocks-advanced-columns has-3-columns has-desktop-equal-layout has-tablet-equal-layout has-mobile-collapsedRows-layout has-vertical-unset\"><div class=\"wp-block-themeisle-blocks-advanced-columns-overlay\"><\/div><div class=\"innerblocks-wrap\">\n<div id=\"wp-block-themeisle-blocks-advanced-column-806546ab\" class=\"wp-block-themeisle-blocks-advanced-column\">\n<h3 class=\"wp-block-heading has-text-align-center\"><br>Administration panam\u00e9enne du canal<\/h3>\n\n\n\n<p style=\"padding-right:var(--wp--preset--spacing--30);padding-left:var(--wp--preset--spacing--30)\">Depuis la r\u00e9trocession du canal , l\u2019administration panam\u00e9enne, via l<strong>\u2019Autorit\u00e9 du Canal de Panama<\/strong> (ACP), <strong>g\u00e8re avec succ\u00e8s<\/strong> cet axe maritime strat\u00e9gique. <\/p>\n\n\n\n<p style=\"padding-right:var(--wp--preset--spacing--30);padding-left:var(--wp--preset--spacing--30)\">Le Panama assure non seulement le bon fonctionnement du passage, mais aussi <strong>sa maintenance et son d\u00e9veloppement,<\/strong> en <strong>veillant \u00e0 l\u2019\u00e9quilibre entre activit\u00e9 \u00e9conomique, pr\u00e9servation environnementale et s\u00e9curit\u00e9. <\/strong><\/p>\n\n\n\n<p style=\"padding-right:var(--wp--preset--spacing--30);padding-left:var(--wp--preset--spacing--30)\">Cette gestion souveraine symbolise la fiert\u00e9 nationale et l\u2019importance g\u00e9opolitique du canal dans le commerce mondial.<\/p>\n<\/div>\n\n\n\n<div id=\"wp-block-themeisle-blocks-advanced-column-eb391b41\" class=\"wp-block-themeisle-blocks-advanced-column\"><div class=\"wp-block-image\">\n<figure class=\"aligncenter size-full is-resized has-custom-border\"><img alt=\"\" loading=\"lazy\" decoding=\"async\" width=\"1024\" height=\"1057\" src=\"https:\/\/horizonaventures.net\/wp-content\/uploads\/2025\/11\/Panama_Canal_Map_FR.png\" alt=\"\" class=\"wp-image-2981\" style=\"border-width:1px;border-radius:10px;width:319px;height:auto\" srcset=\"https:\/\/horizonaventures.net\/wp-content\/uploads\/2025\/11\/Panama_Canal_Map_FR.png 1024w, https:\/\/horizonaventures.net\/wp-content\/uploads\/2025\/11\/Panama_Canal_Map_FR-291x300.png 291w, https:\/\/horizonaventures.net\/wp-content\/uploads\/2025\/11\/Panama_Canal_Map_FR-992x1024.png 992w, https:\/\/horizonaventures.net\/wp-content\/uploads\/2025\/11\/Panama_Canal_Map_FR-768x793.png 768w\" sizes=\"auto, (max-width: 1024px) 100vw, 1024px\" \/><\/figure>\n<\/div>\n\n<div class=\"wp-block-image\">\n<figure class=\"aligncenter size-full is-resized has-custom-border\"><img alt=\"\" loading=\"lazy\" decoding=\"async\" width=\"612\" height=\"433\" src=\"https:\/\/horizonaventures.net\/wp-content\/uploads\/2025\/11\/canal-1.jpg\" alt=\"\" class=\"wp-image-2984\" style=\"border-width:1px;border-radius:10px;width:319px;height:auto\" srcset=\"https:\/\/horizonaventures.net\/wp-content\/uploads\/2025\/11\/canal-1.jpg 612w, https:\/\/horizonaventures.net\/wp-content\/uploads\/2025\/11\/canal-1-300x212.jpg 300w\" sizes=\"auto, (max-width: 612px) 100vw, 612px\" \/><\/figure>\n<\/div><\/div>\n\n\n\n<div id=\"wp-block-themeisle-blocks-advanced-column-cd6772ec\" class=\"wp-block-themeisle-blocks-advanced-column\">\n<h3 class=\"wp-block-heading has-text-align-center\" style=\"padding-right:var(--wp--preset--spacing--30);padding-left:var(--wp--preset--spacing--30)\"><br>Nouvelle voie et caract\u00e9ristiques techniques<\/h3>\n\n\n\n<p style=\"padding-right:var(--wp--preset--spacing--30);padding-left:var(--wp--preset--spacing--30)\">Pour r\u00e9pondre \u00e0 l\u2019augmentation du trafic maritime et aux navires de plus grande taille, <strong>une expansion majeure du canal a \u00e9t\u00e9 inaugur\u00e9e en 2016<\/strong> avec <strong>l\u2019ouverture d\u2019une nouvelle voie<\/strong>. <\/p>\n\n\n\n<p style=\"padding-right:var(--wp--preset--spacing--30);padding-left:var(--wp--preset--spacing--30)\">Cette extension comprend des \u00e9cluses \u00e9largies capables d\u2019accueillir des navires \u00ab <strong>post-Panamax<\/strong> \u00bb, d\u2019environ deux fois plus larges que ceux admissibles auparavant. <\/p>\n\n\n\n<p style=\"padding-right:var(--wp--preset--spacing--30);padding-left:var(--wp--preset--spacing--30)\">Le syst\u00e8me d\u2019\u00e9cluses modernis\u00e9 <strong>optimise le transit, r\u00e9duit les temps d\u2019attente et renforce la comp\u00e9titivit\u00e9 du canal<\/strong> face \u00e0 d\u2019autres routes maritimes, tout en conservant ses infrastructures historiques essentielles.<\/p>\n<\/div>\n<\/div><\/div>\n\n\n\n<div id=\"wp-block-themeisle-blocks-advanced-columns-27429f28\" class=\"wp-block-themeisle-blocks-advanced-columns has-2-columns has-desktop-equal-layout has-tablet-equal-layout has-mobile-collapsedRows-layout has-vertical-unset\"><div class=\"wp-block-themeisle-blocks-advanced-columns-overlay\"><\/div><div class=\"innerblocks-wrap\">\n<div id=\"wp-block-themeisle-blocks-advanced-column-123dd03b\" class=\"wp-block-themeisle-blocks-advanced-column\"><div class=\"wp-block-image\">\n<figure class=\"aligncenter size-full is-resized has-custom-border\"><img alt=\"\" loading=\"lazy\" decoding=\"async\" width=\"980\" height=\"250\" src=\"https:\/\/horizonaventures.net\/wp-content\/uploads\/2025\/11\/canal_panama_animacion.gif\" alt=\"\" class=\"wp-image-2985\" style=\"border-width:1px;border-radius:10px;width:457px;height:auto\"\/><\/figure>\n<\/div>\n\n<div class=\"wp-block-image\">\n<figure class=\"aligncenter size-full is-resized has-custom-border\"><img alt=\"\" loading=\"lazy\" decoding=\"async\" width=\"1280\" height=\"622\" src=\"https:\/\/horizonaventures.net\/wp-content\/uploads\/2025\/11\/Canal.jpg\" alt=\"\" class=\"wp-image-2986\" style=\"border-width:1px;border-radius:10px;width:457px;height:auto\" srcset=\"https:\/\/horizonaventures.net\/wp-content\/uploads\/2025\/11\/Canal.jpg 1280w, https:\/\/horizonaventures.net\/wp-content\/uploads\/2025\/11\/Canal-300x146.jpg 300w, https:\/\/horizonaventures.net\/wp-content\/uploads\/2025\/11\/Canal-1024x498.jpg 1024w, https:\/\/horizonaventures.net\/wp-content\/uploads\/2025\/11\/Canal-768x373.jpg 768w\" sizes=\"auto, (max-width: 1280px) 100vw, 1280px\" \/><\/figure>\n<\/div>\n\n<div class=\"wp-block-image\">\n<figure class=\"aligncenter size-full is-resized has-custom-border\"><img alt=\"\" loading=\"lazy\" decoding=\"async\" width=\"680\" height=\"393\" src=\"https:\/\/horizonaventures.net\/wp-content\/uploads\/2025\/11\/canal-coup.jpg\" alt=\"\" class=\"wp-image-2989\" style=\"border-width:1px;border-radius:10px;width:457px;height:auto\" srcset=\"https:\/\/horizonaventures.net\/wp-content\/uploads\/2025\/11\/canal-coup.jpg 680w, https:\/\/horizonaventures.net\/wp-content\/uploads\/2025\/11\/canal-coup-300x173.jpg 300w\" sizes=\"auto, (max-width: 680px) 100vw, 680px\" \/><\/figure>\n<\/div><\/div>\n\n\n\n<div id=\"wp-block-themeisle-blocks-advanced-column-865cad4c\" class=\"wp-block-themeisle-blocks-advanced-column\">\n<h3 class=\"wp-block-heading has-text-align-center\">D\u00e9fis environnementaux et adaptation du canal de Panam\u00e1<\/h3>\n\n\n\n<p>Le canal de Panama fait face \u00e0 des d\u00e9fis majeurs li\u00e9s aux changements climatiques, qui mettent en p\u00e9ril son fonctionnement optimal. <\/p>\n\n\n\n<p><strong>L\u2019un des probl\u00e8mes principaux est la diminution des pr\u00e9cipitations dans la r\u00e9gion<\/strong>, entra\u00eenant un d\u00e9ficit en eau douce n\u00e9cessaire pour le fonctionnement des \u00e9cluses du canal. <\/p>\n\n\n\n<p>Ces derni\u00e8res utilisent<strong> d\u2019immenses quantit\u00e9s d\u2019eau <\/strong>pour permettre le passage des navires entre les oc\u00e9ans Atlantique et Pacifique. <\/p>\n\n\n\n<p>Face \u00e0 ces enjeux, l\u2019administration panam\u00e9enne investit dans des mesures d\u2019adaptation, comme <strong>la modernisation des syst\u00e8mes d\u2019\u00e9conomies d\u2019eau et le reboisement<\/strong>, afin de pr\u00e9server \u00e0 long terme un passage maritime vital pour le commerce mondial.<\/p>\n<\/div>\n<\/div><\/div>\n\n\n\n<div id=\"wp-block-themeisle-blocks-advanced-columns-42d68245\" class=\"wp-block-themeisle-blocks-advanced-columns has-2-columns has-desktop-equal-layout has-tablet-equal-layout has-mobile-collapsedRows-layout has-vertical-unset\"><div class=\"wp-block-themeisle-blocks-advanced-columns-overlay\"><\/div><div class=\"innerblocks-wrap\">\n<div id=\"wp-block-themeisle-blocks-advanced-column-4cb0d7e7\" class=\"wp-block-themeisle-blocks-advanced-column\">\n<h3 class=\"wp-block-heading has-text-align-center\">Personnalit\u00e9s techniques et historiques li\u00e9es au canal de Panam\u00e1<\/h3>\n\n\n\n<p style=\"padding-right:var(--wp--preset--spacing--30);padding-left:var(--wp--preset--spacing--30)\"><strong>Ferdinand de Lesseps<\/strong> est une figure embl\u00e9matique du canal de Panama, \u00e9tant l\u2019initiateur du premier grand projet fran\u00e7ais au XIXe si\u00e8cle. Malgr\u00e9 son succ\u00e8s au <strong>canal de Suez<\/strong>, son projet \u00e0 Panama \u00e9choua \u00e0 cause de d\u00e9fis techniques, sanitaires et financiers. <\/p>\n\n\n\n<p style=\"padding-right:var(--wp--preset--spacing--30);padding-left:var(--wp--preset--spacing--30)\"><strong>Gustave Eiffel,<\/strong> quant \u00e0 lui, apporta son expertise en ing\u00e9nierie m\u00e9tallique en participant \u00e0 la conception de structures li\u00e9es au canal, contribuant ainsi \u00e0 l\u2019architecture et aux avanc\u00e9es techniques n\u00e9cessaires \u00e0 la construction.<br><\/p>\n\n\n\n<p style=\"padding-right:var(--wp--preset--spacing--30);padding-left:var(--wp--preset--spacing--30)\"><strong>Paul Gauguin<\/strong>, c\u00e9l\u00e8bre peintre post-impressionniste, <strong>travailla sur le chantier du canal de Panama<\/strong> en tant que terrassier. En <strong>1887<\/strong>, il a particip\u00e9 aux travaux de creusement, un travail \u00e9puisant et dangereux, tout en \u00e9crivant \u00e0 sa femme sur ses journ\u00e9es longues de travail physique.\u00a0<\/p>\n<\/div>\n\n\n\n<div id=\"wp-block-themeisle-blocks-advanced-column-c24347cc\" class=\"wp-block-themeisle-blocks-advanced-column\">\n<h3 class=\"wp-block-heading has-nv-site-bg-color has-text-color has-link-color wp-elements-3e4b68e2c1fe74a547be6852e42433d3\">Personnalit\u00e9s techniques et historiques li\u00e9es au canal de Panam\u00e1<\/h3>\n\n\n\n<p style=\"padding-right:var(--wp--preset--spacing--30);padding-left:var(--wp--preset--spacing--30)\"><strong>Blaise Cendrars<\/strong>, \u00e9crivain et po\u00e8te, \u00e9voqua dans ses \u00e9crits les transformations du monde li\u00e9es au progr\u00e8s technique, faisant du canal de Panama un symbole de modernit\u00e9, mobilit\u00e9 et mondialisation qui alimenta sa vision litt\u00e9raire et artistique.<br><\/p>\n\n\n\n<p style=\"padding-right:var(--wp--preset--spacing--30);padding-left:var(--wp--preset--spacing--30)\">Ce m\u00e9lange de figures historiques parmi d\u2019autre, <strong>artistiques et techniques<\/strong> illustre bien l\u2019importance multidimensionnelle du canal de Panama, \u00e0 la fois exploit d\u2019ing\u00e9nierie, moteur d\u2019expansion culturelle et source d\u2019inspiration pour les artistes et intellectuels.<\/p>\n\n\n<div class=\"wp-block-image\">\n<figure class=\"aligncenter size-full is-resized has-custom-border\"><img alt=\"\" loading=\"lazy\" decoding=\"async\" width=\"860\" height=\"430\" src=\"https:\/\/horizonaventures.net\/wp-content\/uploads\/2025\/11\/aguaclara.webp\" alt=\"\" class=\"wp-image-2988\" style=\"border-width:1px;border-radius:10px;width:350px;height:auto\" srcset=\"https:\/\/horizonaventures.net\/wp-content\/uploads\/2025\/11\/aguaclara.webp 860w, https:\/\/horizonaventures.net\/wp-content\/uploads\/2025\/11\/aguaclara-300x150.webp 300w, https:\/\/horizonaventures.net\/wp-content\/uploads\/2025\/11\/aguaclara-768x384.webp 768w\" sizes=\"auto, (max-width: 860px) 100vw, 860px\" \/><\/figure>\n<\/div><\/div>\n<\/div><\/div>\n\n\n\n<div id=\"wp-block-themeisle-blocks-advanced-columns-93924741\" class=\"wp-block-themeisle-blocks-advanced-columns has-3-columns has-desktop-equal-layout has-tablet-equal-layout has-mobile-collapsedRows-layout has-vertical-unset\"><div class=\"wp-block-themeisle-blocks-advanced-columns-overlay\"><\/div><div class=\"innerblocks-wrap\">\n<div id=\"wp-block-themeisle-blocks-advanced-column-4b7b6fb9\" class=\"wp-block-themeisle-blocks-advanced-column\">\n<h3 class=\"wp-block-heading has-text-align-center\">Explorer le canal de Panam\u00e1 : un voyage entre pass\u00e9 et pr\u00e9sent<\/h3>\n\n\n\n<p>Le canal de Panama, v\u00e9ritable merveille d\u2019ing\u00e9nierie, est aujourd\u2019hui <strong>une destination touristique incontournable <\/strong>offrant aux visiteurs une exp\u00e9rience unique \u00e0 la fois culturelle, historique et naturelle. <\/p>\n\n\n\n<p>La visite du canal permet de d\u00e9couvrir de pr\u00e8s son fonctionnement impressionnant, notamment gr\u00e2ce aux <strong>centres d\u2019observation<\/strong> comme les \u00e9cluses de <strong>Miraflores<\/strong> et <strong>d\u2019agua clara<\/strong> et aux <strong>mus\u00e9es du canal <\/strong>ou \u00e7a<strong> traverser en bateau<\/strong>.<br><\/p>\n\n\n\n<p>Enfin, le canal de Panama est \u00e9galement <strong>un point de d\u00e9part id\u00e9al <\/strong>pour d\u00e9couvrir la culture panam\u00e9enne, sa gastronomie, ses traditions et son hospitalit\u00e9, dans les villes proches comme <strong>Panama City<\/strong> ou <strong>Colon<\/strong>.<\/p>\n<\/div>\n\n\n\n<div id=\"wp-block-themeisle-blocks-advanced-column-1e7ee8ea\" class=\"wp-block-themeisle-blocks-advanced-column\">\n<h3 class=\"wp-block-heading has-text-align-center has-neve-link-color-color has-text-color has-link-color wp-elements-06b81415cfadd3cccf33944c64efbf3c\"><a href=\"https:\/\/horizonaventures.net\/index.php\/carnets-de-voyage\/\" data-type=\"page\" data-id=\"2687\">Carnet de voyage<\/a><\/h3>\n\n\n\n<p class=\"has-text-align-center\" style=\"padding-right:var(--wp--preset--spacing--30);padding-left:var(--wp--preset--spacing--30)\"><strong>En cours de r\u00e9daction<\/strong><\/p>\n\n\n<div class=\"aligncenter wp-block-site-logo\"><a href=\"https:\/\/horizonaventures.net\/\" class=\"custom-logo-link\" rel=\"home\"><img loading=\"lazy\" decoding=\"async\" width=\"220\" height=\"155\" src=\"https:\/\/horizonaventures.net\/wp-content\/uploads\/2024\/02\/cropped-Envie_d_horizonLogo.png\" class=\"custom-logo\" alt=\"Logo Envie d&#039;horizon\" srcset=\"https:\/\/horizonaventures.net\/wp-content\/uploads\/2024\/02\/cropped-Envie_d_horizonLogo.png 500w, https:\/\/horizonaventures.net\/wp-content\/uploads\/2024\/02\/cropped-Envie_d_horizonLogo-300x212.png 300w\" sizes=\"auto, (max-width: 220px) 100vw, 220px\" \/><\/a><\/div>\n\n\n<figure class=\"wp-block-image size-large has-custom-border\"><img alt=\"\" loading=\"lazy\" decoding=\"async\" width=\"732\" height=\"1024\" src=\"https:\/\/horizonaventures.net\/wp-content\/uploads\/2025\/11\/canal-de-panama-732x1024.png\" alt=\"\" class=\"wp-image-2970\" style=\"border-width:1px;border-radius:10px\" srcset=\"https:\/\/horizonaventures.net\/wp-content\/uploads\/2025\/11\/canal-de-panama-732x1024.png 732w, https:\/\/horizonaventures.net\/wp-content\/uploads\/2025\/11\/canal-de-panama-215x300.png 215w, https:\/\/horizonaventures.net\/wp-content\/uploads\/2025\/11\/canal-de-panama-768x1074.png 768w, https:\/\/horizonaventures.net\/wp-content\/uploads\/2025\/11\/canal-de-panama.png 1000w\" sizes=\"auto, (max-width: 732px) 100vw, 732px\" \/><\/figure>\n<\/div>\n\n\n\n<div id=\"wp-block-themeisle-blocks-advanced-column-88778da4\" class=\"wp-block-themeisle-blocks-advanced-column\">\n<h4 class=\"wp-block-heading has-text-align-center\">Envisagez-vous de voyager au Panam\u00e1?<\/h4>\n\n\n\n<p style=\"padding-right:var(--wp--preset--spacing--30);padding-left:var(--wp--preset--spacing--30)\">Rejoignez la Communaut\u00e9 Envie d&rsquo;Horizon ! Abonnez-vous \u00e0 <a href=\"https:\/\/www.youtube.com\/@EnviedHorizon\" data-type=\"link\" data-id=\"https:\/\/www.youtube.com\/@EnviedHorizon\" target=\"_blank\" rel=\"noreferrer noopener\"><strong>notre cha\u00eene YouTube <\/strong><\/a>pour d\u00e9couvrir des vid\u00e9os captivantes sur des destinations du monde entier. Ne manquez aucune des derni\u00e8res actualit\u00e9s en nous suivant sur <a href=\"https:\/\/horizonaventures.net\/index.php\/582c1-blogger-gb-contact\/\" data-type=\"link\" data-id=\"https:\/\/horizonaventures.net\/index.php\/582c1-blogger-gb-contact\/\" target=\"_blank\" rel=\"noreferrer noopener\"><strong>nos r\u00e9seaux sociaux<\/strong><\/a>. Votre avis est important pour nous ! N&rsquo;h\u00e9sitez pas \u00e0 laisser un commentaire ou \u00e0 nous contacter directement via notre<strong> <a href=\"https:\/\/horizonaventures.net\/index.php\/582c1-blogger-gb-contact\/\" data-type=\"link\" data-id=\"https:\/\/horizonaventures.net\/index.php\/582c1-blogger-gb-contact\/\" target=\"_blank\" rel=\"noreferrer noopener\">page de contact.<\/a><\/strong><\/p>\n\n\n\n<p class=\"has-text-align-center has-small-font-size\"><a href=\"https:\/\/horizonaventures.net\/index.php\/carnets-de-voyage\/\" data-type=\"page\" data-id=\"2687\">Page d\u00e9di\u00e9e au carnet de voyage sur Le Panam\u00e1<\/a><\/p>\n<\/div>\n<\/div><\/div>\n\n\n\n<h4 class=\"wp-block-heading has-text-align-center\" style=\"padding-top:var(--wp--preset--spacing--40);padding-bottom:var(--wp--preset--spacing--40)\">Partons ensemble \u00e0 la d\u00e9couverte <strong>d<\/strong>e cet \u00a0prouesse technologique et cr\u00e9ons des souvenirs inoubliables !<\/h4>\n","protected":false},"excerpt":{"rendered":"<p>Le canal interoc\u00e9anique de Panama relie l\u2019oc\u00e9an Atlantique \u00e0 l\u2019oc\u00e9an Pacifique. Ouvert en 1914, il traverse l\u2019isthme de Panama et repr\u00e9sente une prouesse d\u2019ing\u00e9nierie mondiale. Gr\u00e2ce \u00e0 ses \u00e9cluses, il permet le passage rapide des navires , \u00e9vitant le long d\u00e9tour par le cap Horn. Essentiel au commerce international, il renforce la position g\u00e9opolitique du Panama et constitue l\u2019une des infrastructures les plus importantes du transport maritime moderne.<\/p>\n","protected":false},"author":1,"featured_media":2967,"comment_status":"closed","ping_status":"open","sticky":false,"template":"","format":"standard","meta":{"_seopress_robots_primary_cat":"","_seopress_titles_title":"","_seopress_titles_desc":"","_seopress_robots_index":"","neve_meta_sidebar":"","neve_meta_container":"","neve_meta_enable_content_width":"","neve_meta_content_width":0,"neve_meta_title_alignment":"","neve_meta_author_avatar":"","neve_post_elements_order":"","neve_meta_disable_header":"","neve_meta_disable_footer":"","neve_meta_disable_title":"","_themeisle_gutenberg_block_has_review":false,"footnotes":""},"categories":[31,3,2],"tags":[32,46,33,11],"class_list":["post-2962","post","type-post","status-publish","format-standard","has-post-thumbnail","hentry","category-amerique-le-monde","category-geographie","category-le-monde","tag-amerique","tag-amerique-centrale","tag-tourisme","tag-voyage"],"_links":{"self":[{"href":"https:\/\/horizonaventures.net\/index.php\/wp-json\/wp\/v2\/posts\/2962","targetHints":{"allow":["GET"]}}],"collection":[{"href":"https:\/\/horizonaventures.net\/index.php\/wp-json\/wp\/v2\/posts"}],"about":[{"href":"https:\/\/horizonaventures.net\/index.php\/wp-json\/wp\/v2\/types\/post"}],"author":[{"embeddable":true,"href":"https:\/\/horizonaventures.net\/index.php\/wp-json\/wp\/v2\/users\/1"}],"replies":[{"embeddable":true,"href":"https:\/\/horizonaventures.net\/index.php\/wp-json\/wp\/v2\/comments?post=2962"}],"version-history":[{"count":10,"href":"https:\/\/horizonaventures.net\/index.php\/wp-json\/wp\/v2\/posts\/2962\/revisions"}],"predecessor-version":[{"id":2992,"href":"https:\/\/horizonaventures.net\/index.php\/wp-json\/wp\/v2\/posts\/2962\/revisions\/2992"}],"wp:featuredmedia":[{"embeddable":true,"href":"https:\/\/horizonaventures.net\/index.php\/wp-json\/wp\/v2\/media\/2967"}],"wp:attachment":[{"href":"https:\/\/horizonaventures.net\/index.php\/wp-json\/wp\/v2\/media?parent=2962"}],"wp:term":[{"taxonomy":"category","embeddable":true,"href":"https:\/\/horizonaventures.net\/index.php\/wp-json\/wp\/v2\/categories?post=2962"},{"taxonomy":"post_tag","embeddable":true,"href":"https:\/\/horizonaventures.net\/index.php\/wp-json\/wp\/v2\/tags?post=2962"}],"curies":[{"name":"wp","href":"https:\/\/api.w.org\/{rel}","templated":true}]}}