{"id":3077,"date":"2026-03-10T16:09:05","date_gmt":"2026-03-10T15:09:05","guid":{"rendered":"https:\/\/horizonaventures.net\/?p=3077"},"modified":"2026-03-10T16:09:06","modified_gmt":"2026-03-10T15:09:06","slug":"le-costa-rica","status":"publish","type":"post","link":"https:\/\/horizonaventures.net\/index.php\/2026\/03\/10\/le-costa-rica\/","title":{"rendered":"Le Costa Rica"},"content":{"rendered":"\n<div id=\"wp-block-themeisle-blocks-advanced-columns-3d41d521\" class=\"wp-block-themeisle-blocks-advanced-columns has-3-columns has-desktop-equal-layout has-tablet-equal-layout has-mobile-collapsedRows-layout has-vertical-unset\"><div class=\"wp-block-themeisle-blocks-advanced-columns-overlay\"><\/div><div class=\"innerblocks-wrap\">\n<div id=\"wp-block-themeisle-blocks-advanced-column-0484565e\" class=\"wp-block-themeisle-blocks-advanced-column\">\n<h2 class=\"wp-block-heading has-text-align-center\">Rep\u00fablica de Costa Rica<\/h2>\n\n\n\n<p style=\"padding-right:var(--wp--preset--spacing--30);padding-left:var(--wp--preset--spacing--30)\"><strong>Le Costa Rica, joyau vert de l\u2019Am\u00e9rique centrale, s\u00e9duit par sa nature luxuriante, ses volcans majestueux et ses plages bord\u00e9es par deux oc\u00e9ans. <\/strong><\/p>\n\n\n\n<p style=\"padding-right:var(--wp--preset--spacing--30);padding-left:var(--wp--preset--spacing--30)\"><strong>Entre for\u00eat tropicale, faune exotique et culture chaleureuse, chaque voyage devient une immersion totale dans la \u00ab\u202fpura vida\u202f\u00bb. <\/strong><\/p>\n\n\n\n<p style=\"padding-right:var(--wp--preset--spacing--30);padding-left:var(--wp--preset--spacing--30)\"><strong>Id\u00e9al pour les aventuriers comme les amoureux de farniente, ce paradis naturel promet \u00e9motions, authenticit\u00e9 et d\u00e9paysement absolu.<\/strong><\/p>\n\n\n<div class=\"is-default-size aligncenter wp-block-site-logo\"><a href=\"https:\/\/horizonaventures.net\/\" class=\"custom-logo-link\" rel=\"home\"><img loading=\"lazy\" decoding=\"async\" width=\"500\" height=\"353\" src=\"https:\/\/horizonaventures.net\/wp-content\/uploads\/2024\/02\/cropped-Envie_d_horizonLogo.png\" class=\"custom-logo\" alt=\"Logo Envie d&#039;horizon\" srcset=\"https:\/\/horizonaventures.net\/wp-content\/uploads\/2024\/02\/cropped-Envie_d_horizonLogo.png 500w, https:\/\/horizonaventures.net\/wp-content\/uploads\/2024\/02\/cropped-Envie_d_horizonLogo-300x212.png 300w\" sizes=\"auto, (max-width: 500px) 100vw, 500px\" \/><\/a><\/div>\n\n\n<p class=\"has-text-align-center\"><sup><sub>Derni\u00e8re mise \u00e0 jour : 10\/03\/2026<\/sub><\/sup><\/p>\n<\/div>\n\n\n\n<div id=\"wp-block-themeisle-blocks-advanced-column-e304bd52\" class=\"wp-block-themeisle-blocks-advanced-column\"><div class=\"wp-block-image\">\n<figure class=\"aligncenter size-full is-resized\"><a href=\"https:\/\/fr.visitcostarica.com\/\" target=\"_blank\" rel=\" noreferrer noopener\"><img alt=\"\" loading=\"lazy\" decoding=\"async\" width=\"300\" height=\"184\" src=\"https:\/\/horizonaventures.net\/wp-content\/uploads\/2026\/03\/Logo-CostaRica.webp\" alt=\"\" class=\"wp-image-3079\" style=\"width:151px;height:auto\"\/><\/a><\/figure>\n<\/div>\n\n<div class=\"wp-block-image\">\n<figure class=\"aligncenter size-full is-resized has-custom-border\"><img alt=\"\" loading=\"lazy\" decoding=\"async\" width=\"1024\" height=\"1536\" src=\"https:\/\/horizonaventures.net\/wp-content\/uploads\/2026\/03\/CostaRica.png\" alt=\"\" class=\"wp-image-3080\" style=\"border-width:1px;border-radius:10px;width:333px;height:auto\" srcset=\"https:\/\/horizonaventures.net\/wp-content\/uploads\/2026\/03\/CostaRica.png 1024w, https:\/\/horizonaventures.net\/wp-content\/uploads\/2026\/03\/CostaRica-200x300.png 200w, https:\/\/horizonaventures.net\/wp-content\/uploads\/2026\/03\/CostaRica-683x1024.png 683w, https:\/\/horizonaventures.net\/wp-content\/uploads\/2026\/03\/CostaRica-768x1152.png 768w\" sizes=\"auto, (max-width: 1024px) 100vw, 1024px\" \/><\/figure>\n<\/div><\/div>\n\n\n\n<div id=\"wp-block-themeisle-blocks-advanced-column-c35dfe14\" class=\"wp-block-themeisle-blocks-advanced-column\">\n<hr class=\"wp-block-separator has-alpha-channel-opacity\"\/>\n\n\n\n<p class=\"has-text-align-center\"><strong>Pays :<\/strong> la <strong>du Costa Rica<\/strong><br><strong>Region :<\/strong><a href=\"https:\/\/horizonaventures.net\/index.php\/2024\/04\/12\/lamerique-central\/\" data-type=\"link\" data-id=\"https:\/\/horizonaventures.net\/index.php\/2024\/08\/17\/afrique-australe-1\/\" target=\"_blank\" rel=\"noreferrer noopener\">L\u2019Am\u00e9rique Central<\/a><\/p>\n\n\n<div class=\"wp-block-image\">\n<figure class=\"aligncenter size-large is-resized has-custom-border\"><img decoding=\"async\" src=\"https:\/\/www.welt-flaggen.de\/data\/flags\/w580\/cr.webp\" alt=\"\" style=\"border-width:1px;border-radius:10px;width:154px;height:auto\"\/><\/figure>\n<\/div>\n\n\n<p class=\"has-text-align-center\">Office du tourisme : <br><a href=\"https:\/\/fr.visitcostarica.com\/\">https:\/\/fr.visitcostarica.com\/<\/a><\/p>\n\n\n\n<hr class=\"wp-block-separator has-alpha-channel-opacity\"\/>\n\n\n\n<figure class=\"wp-block-embed aligncenter is-type-video is-provider-youtube wp-block-embed-youtube wp-embed-aspect-16-9 wp-has-aspect-ratio\"><div class=\"wp-block-embed__wrapper\">\n<div class=\"nv-iframe-embed\"><iframe loading=\"lazy\" title=\"L\u2019Am\u00e9rique Central\" width=\"1200\" height=\"675\" src=\"https:\/\/www.youtube.com\/embed\/WgdOPM8NHeg?feature=oembed\" frameborder=\"0\" allow=\"accelerometer; autoplay; clipboard-write; encrypted-media; gyroscope; picture-in-picture; web-share\" referrerpolicy=\"strict-origin-when-cross-origin\" allowfullscreen><\/iframe><\/div>\n<\/div><figcaption class=\"wp-element-caption\">L\u2019article n&rsquo;est pas disponible en video<\/figcaption><\/figure>\n\n\n\n<hr class=\"wp-block-separator has-alpha-channel-opacity\"\/>\n<\/div>\n<\/div><\/div>\n\n\n\n<div id=\"wp-block-themeisle-blocks-advanced-columns-36922587\" class=\"wp-block-themeisle-blocks-advanced-columns has-3-columns has-desktop-equal-layout has-tablet-equal-layout has-mobile-collapsedRows-layout has-vertical-unset\"><div class=\"wp-block-themeisle-blocks-advanced-columns-overlay\"><\/div><div class=\"innerblocks-wrap\">\n<div id=\"wp-block-themeisle-blocks-advanced-column-316d9744\" class=\"wp-block-themeisle-blocks-advanced-column\">\n<h3 class=\"wp-block-heading\">G\u00e9ographie <\/h3>\n\n\n\n<p style=\"padding-right:var(--wp--preset--spacing--30);padding-left:var(--wp--preset--spacing--30)\">Le Costa Rica, petit pays nich\u00e9 entre la <strong>mer des Cara\u00efbes<\/strong> et <strong>l\u2019oc\u00e9an Pacifique<\/strong>, offre une diversit\u00e9 g\u00e9ographique exceptionnelle. <\/p>\n\n\n\n<p style=\"padding-right:var(--wp--preset--spacing--30);padding-left:var(--wp--preset--spacing--30)\"><strong>Des volcans actifs<\/strong> de la cordill\u00e8re centrale aux plages dor\u00e9es des c\u00f4tes, en passant par des<strong> for\u00eats tropicales <\/strong>denses et des vall\u00e9es fertiles, chaque r\u00e9gion r\u00e9v\u00e8le <strong>un \u00e9cosyst\u00e8me unique<\/strong>. <\/p>\n\n\n\n<p style=\"padding-right:var(--wp--preset--spacing--30);padding-left:var(--wp--preset--spacing--30)\">Travers\u00e9 par <strong>de nombreux parcs nationaux<\/strong>, le pays allie reliefs impressionnants, biodiversit\u00e9 pr\u00e9serv\u00e9e et paysages d\u2019une beaut\u00e9 spectaculaire.<\/p>\n\n\n\n<p class=\"has-text-align-center\"><a href=\"https:\/\/maps.app.goo.gl\/ZmihpdxeAE6YRn2v7\" data-type=\"link\" data-id=\"https:\/\/maps.app.goo.gl\/dRuLFSmtk21y57tD9\" target=\"_blank\" rel=\"noreferrer noopener\">Google Map \/ Costa Rica<\/a><\/p>\n<\/div>\n\n\n\n<div id=\"wp-block-themeisle-blocks-advanced-column-6f1a5b3b\" class=\"wp-block-themeisle-blocks-advanced-column\">\n<h3 class=\"wp-block-heading\">Religions<\/h3>\n\n\n\n<p style=\"padding-right:var(--wp--preset--spacing--30);padding-left:var(--wp--preset--spacing--30)\">Au Costa Rica, la religion occupe une place importante dans la vie quotidienne et culturelle. <\/p>\n\n\n\n<p style=\"padding-right:var(--wp--preset--spacing--30);padding-left:var(--wp--preset--spacing--30)\"><strong>Le catholicisme<\/strong>, religion officielle, influence encore f\u00eates, traditions et valeurs familiales. <\/p>\n\n\n\n<p style=\"padding-right:var(--wp--preset--spacing--30);padding-left:var(--wp--preset--spacing--30)\">Toutefois, le pays se distingue par sa tol\u00e9rance et sa diversit\u00e9 spirituelle grandissante, o\u00f9 coexistent <strong>\u00e9glises \u00e9vang\u00e9liques<\/strong>, croyances autochtones et libert\u00e9 de culte. <\/p>\n\n\n\n<p style=\"padding-right:var(--wp--preset--spacing--30);padding-left:var(--wp--preset--spacing--30)\">La foi s\u2019y exprime avec respect, convivialit\u00e9 et ouverture.<\/p>\n<\/div>\n\n\n\n<div id=\"wp-block-themeisle-blocks-advanced-column-ddc62680\" class=\"wp-block-themeisle-blocks-advanced-column\">\n<h3 class=\"wp-block-heading\">Langues <\/h3>\n\n\n\n<p style=\"padding-right:var(--wp--preset--spacing--30);padding-left:var(--wp--preset--spacing--30)\">Au Costa Rica, les langues occupent une place importante dans la vie quotidienne et l\u2019accueil des voyageurs. <\/p>\n\n\n\n<p style=\"padding-right:var(--wp--preset--spacing--30);padding-left:var(--wp--preset--spacing--30)\"><strong>L\u2019espagnol<\/strong> est la langue officielle et pr\u00e9dominante, parl\u00e9e dans tout le pays. <\/p>\n\n\n\n<p style=\"padding-right:var(--wp--preset--spacing--30);padding-left:var(--wp--preset--spacing--30)\"><strong>L\u2019anglais est largement utilis\u00e9<\/strong> dans les zones touristiques et sur les c\u00f4tes. <\/p>\n\n\n\n<p style=\"padding-right:var(--wp--preset--spacing--30);padding-left:var(--wp--preset--spacing--30)\">Certaines communaut\u00e9s conservent aussi leurs langues autochtones, comme <strong>le bribri<\/strong> ou <strong>le cab\u00e9car<\/strong>, enrichissant la diversit\u00e9 culturelle du pays.<\/p>\n<\/div>\n<\/div><\/div>\n\n\n\n<div id=\"wp-block-themeisle-blocks-advanced-columns-3e9cb56f\" class=\"wp-block-themeisle-blocks-advanced-columns has-3-columns has-desktop-equal-layout has-tablet-equal-layout has-mobile-collapsedRows-layout has-vertical-unset\"><div class=\"wp-block-themeisle-blocks-advanced-columns-overlay\"><\/div><div class=\"innerblocks-wrap\">\n<div id=\"wp-block-themeisle-blocks-advanced-column-0bc1b536\" class=\"wp-block-themeisle-blocks-advanced-column\">\n<h3 class=\"wp-block-heading\">Se rendre au Costa Rica depuis la France<\/h3>\n\n\n\n<p style=\"padding-right:var(--wp--preset--spacing--30);padding-left:0\">Depuis Paris, comptez <strong>environ 11 \u00e0 13 heures de vol avec escale<\/strong>, g\u00e9n\u00e9ralement \u00e0 <strong>Madrid, Amsterdam<\/strong> ou <strong>Miami<\/strong>. <\/p>\n\n\n\n<p style=\"padding-right:var(--wp--preset--spacing--30);padding-left:0\">Les compagnies <strong>Air France, Iberia<\/strong> et <strong>KLM <\/strong>desservent r\u00e9guli\u00e8rement <strong>San Jos\u00e9<\/strong>, la capitale. <\/p>\n\n\n\n<p style=\"padding-right:var(--wp--preset--spacing--30);padding-left:0\">Pr\u00e9voyez votre voyage entre d\u00e9cembre et avril pour profiter de la saison s\u00e8che, id\u00e9ale pour explorer les volcans, les for\u00eats tropicales et les plages des deux c\u00f4tes. <\/p>\n\n\n\n<p style=\"padding-right:var(--wp--preset--spacing--30);padding-left:0\">Un vrai paradis naturel \u00e0 port\u00e9e de vol !<\/p>\n\n\n<div class=\"is-default-size aligncenter wp-block-site-logo\"><a href=\"https:\/\/horizonaventures.net\/\" class=\"custom-logo-link\" rel=\"home\"><img loading=\"lazy\" decoding=\"async\" width=\"500\" height=\"353\" src=\"https:\/\/horizonaventures.net\/wp-content\/uploads\/2024\/02\/cropped-Envie_d_horizonLogo.png\" class=\"custom-logo\" alt=\"Logo Envie d&#039;horizon\" srcset=\"https:\/\/horizonaventures.net\/wp-content\/uploads\/2024\/02\/cropped-Envie_d_horizonLogo.png 500w, https:\/\/horizonaventures.net\/wp-content\/uploads\/2024\/02\/cropped-Envie_d_horizonLogo-300x212.png 300w\" sizes=\"auto, (max-width: 500px) 100vw, 500px\" \/><\/a><\/div><\/div>\n\n\n\n<div id=\"wp-block-themeisle-blocks-advanced-column-66f4f1fd\" class=\"wp-block-themeisle-blocks-advanced-column\"><div class=\"wp-block-image\">\n<figure class=\"aligncenter size-full is-resized has-custom-border\"><img alt=\"\" loading=\"lazy\" decoding=\"async\" width=\"1024\" height=\"1536\" src=\"https:\/\/horizonaventures.net\/wp-content\/uploads\/2026\/03\/CeDEplacer.png\" alt=\"\" class=\"wp-image-3084\" style=\"border-width:1px;border-radius:10px;width:320px;height:auto\" srcset=\"https:\/\/horizonaventures.net\/wp-content\/uploads\/2026\/03\/CeDEplacer.png 1024w, https:\/\/horizonaventures.net\/wp-content\/uploads\/2026\/03\/CeDEplacer-200x300.png 200w, https:\/\/horizonaventures.net\/wp-content\/uploads\/2026\/03\/CeDEplacer-683x1024.png 683w, https:\/\/horizonaventures.net\/wp-content\/uploads\/2026\/03\/CeDEplacer-768x1152.png 768w\" sizes=\"auto, (max-width: 1024px) 100vw, 1024px\" \/><\/figure>\n<\/div><\/div>\n\n\n\n<div id=\"wp-block-themeisle-blocks-advanced-column-edb278fa\" class=\"wp-block-themeisle-blocks-advanced-column\">\n<h3 class=\"wp-block-heading\" style=\"padding-right:var(--wp--preset--spacing--30);padding-left:var(--wp--preset--spacing--30)\">Se d\u00e9placer au Costa Rica<\/h3>\n\n\n\n<p style=\"padding-right:0;padding-left:var(--wp--preset--spacing--30)\">Au Costa Rica, la location de voiture 4&#215;4 est vivement recommand\u00e9e pour acc\u00e9der aux routes parfois escarp\u00e9es et aux sites naturels recul\u00e9s. <\/p>\n\n\n\n<p style=\"padding-right:0;padding-left:var(--wp--preset--spacing--30)\">Les bus interurbains, <strong>\u00e9conomiques et bien organis\u00e9s<\/strong>, relient les principales villes. <\/p>\n\n\n\n<p style=\"padding-right:0;padding-left:var(--wp--preset--spacing--30)\">Pour gagner du temps entre les destinations phares, les navettes partag\u00e9es <strong>(<em>shuttles<\/em>)<\/strong> sont tr\u00e8s appr\u00e9ci\u00e9es des voyageurs. <\/p>\n\n\n\n<p style=\"padding-right:0;padding-left:var(--wp--preset--spacing--30)\">Les taxis officiels, reconnaissables \u00e0 leur couleur rouge, compl\u00e8tent les options en ville. <\/p>\n\n\n\n<p style=\"padding-right:0;padding-left:var(--wp--preset--spacing--30)\">Comptez des distances courtes sur la carte\u2026 mais des trajets souvent plus longs que pr\u00e9vu !<\/p>\n<\/div>\n<\/div><\/div>\n\n\n\n<div id=\"wp-block-themeisle-blocks-advanced-columns-674d90e0\" class=\"wp-block-themeisle-blocks-advanced-columns has-2-columns has-desktop-equal-layout has-tablet-equal-layout has-mobile-collapsedRows-layout has-vertical-unset\"><div class=\"wp-block-themeisle-blocks-advanced-columns-overlay\"><\/div><div class=\"innerblocks-wrap\">\n<div id=\"wp-block-themeisle-blocks-advanced-column-f9b13965\" class=\"wp-block-themeisle-blocks-advanced-column\">\n<h3 class=\"wp-block-heading\">Meilleure p\u00e9riode pour d\u00e9couvrir le Costa Rica<\/h3>\n\n\n\n<p style=\"padding-right:var(--wp--preset--spacing--30);padding-left:var(--wp--preset--spacing--30)\">La saison s\u00e8che, de <strong>d\u00e9cembre \u00e0 avril<\/strong>, est id\u00e9ale pour explorer le pays : ciel bleu, routes praticables et faune facilement observable. <\/p>\n\n\n\n<p style=\"padding-right:var(--wp--preset--spacing--30);padding-left:var(--wp--preset--spacing--30)\">La c\u00f4te Pacifique brille particuli\u00e8rement en <strong>janvier et f\u00e9vrier<\/strong>. <\/p>\n\n\n\n<p style=\"padding-right:var(--wp--preset--spacing--30);padding-left:var(--wp--preset--spacing--30)\">La saison verte, de <strong>mai \u00e0 novembre<\/strong>, offre quant \u00e0 elle des paysages luxuriants, moins de touristes et des tarifs plus attractifs. <\/p>\n\n\n\n<p style=\"padding-right:var(--wp--preset--spacing--30);padding-left:var(--wp--preset--spacing--30)\">La r\u00e9gion des <strong>Cara\u00efbes suit un rythme diff\u00e9rent,<\/strong> avec ses meilleures conditions entre <strong>mars et octobre<\/strong>. <\/p>\n\n\n\n<p style=\"padding-right:var(--wp--preset--spacing--30);padding-left:var(--wp--preset--spacing--30)\">Chaque saison a ses charmes !<\/p>\n<\/div>\n\n\n\n<div id=\"wp-block-themeisle-blocks-advanced-column-07007b8c\" class=\"wp-block-themeisle-blocks-advanced-column\">\n<h3 class=\"wp-block-heading\">Formalit\u00e9s d&rsquo;entr\u00e9e et sanitaire au Costa Rica<\/h3>\n\n\n\n<p style=\"padding-right:var(--wp--preset--spacing--30);padding-left:var(--wp--preset--spacing--30)\">Bonne nouvelle pour les voyageurs fran\u00e7ais : <strong>aucun visa n&rsquo;est requis pour un s\u00e9jour touristique jusqu&rsquo;\u00e0 90 jours<\/strong>. <\/p>\n\n\n\n<p style=\"padding-right:var(--wp--preset--spacing--30);padding-left:var(--wp--preset--spacing--30)\">Un passeport valide suffit, id\u00e9alement avec au moins six mois de validit\u00e9 \u00e0 la date d&rsquo;entr\u00e9e. <\/p>\n\n\n\n<p style=\"padding-right:var(--wp--preset--spacing--30);padding-left:var(--wp--preset--spacing--30)\"><strong>Un billet de retour ou de continuation est g\u00e9n\u00e9ralement demand\u00e9 \u00e0 l&rsquo;arriv\u00e9e<\/strong>. <\/p>\n\n\n\n<p style=\"padding-right:var(--wp--preset--spacing--30);padding-left:var(--wp--preset--spacing--30)\">Aucun vaccin n&rsquo;est obligatoire, mais il est conseill\u00e9 de se mettre \u00e0 jour sur les vaccinations classiques. <\/p>\n\n\n\n<p style=\"padding-right:var(--wp--preset--spacing--30);padding-left:var(--wp--preset--spacing--30)\">Une assurance voyage couvrant les frais m\u00e9dicaux est fortement recommand\u00e9e, les soins locaux pouvant s&rsquo;av\u00e9rer co\u00fbteux pour les \u00e9trangers.<\/p>\n\n\n\n<p class=\"has-text-align-center\"><a href=\"https:\/\/www.diplomatie.gouv.fr\/fr\/conseils-aux-voyageurs\/conseils-par-pays-destination\/costa-rica\/\" data-type=\"link\" data-id=\"https:\/\/www.diplomatie.gouv.fr\/fr\/conseils-aux-voyageurs\/conseils-par-pays-destination\/togo\/\" target=\"_blank\" rel=\"noreferrer noopener\">Diplomatie.gov \/Conseils aux Voyageurs \/ Costa Rica<\/a><\/p>\n<\/div>\n<\/div><\/div>\n\n\n\n<div id=\"wp-block-themeisle-blocks-advanced-columns-882bac18\" class=\"wp-block-themeisle-blocks-advanced-columns has-2-columns has-desktop-equal-layout has-tablet-equal-layout has-mobile-collapsedRows-layout has-vertical-unset\"><div class=\"wp-block-themeisle-blocks-advanced-columns-overlay\"><\/div><div class=\"innerblocks-wrap\">\n<div id=\"wp-block-themeisle-blocks-advanced-column-1b0f933d\" class=\"wp-block-themeisle-blocks-advanced-column\"><div class=\"wp-block-image\">\n<figure class=\"aligncenter size-full is-resized has-custom-border\"><img alt=\"\" loading=\"lazy\" decoding=\"async\" width=\"1024\" height=\"1024\" src=\"https:\/\/horizonaventures.net\/wp-content\/uploads\/2026\/03\/CostaRicaHistoire.png\" alt=\"\" class=\"wp-image-3086\" style=\"border-width:1px;border-radius:10px;width:458px;height:auto\" srcset=\"https:\/\/horizonaventures.net\/wp-content\/uploads\/2026\/03\/CostaRicaHistoire.png 1024w, https:\/\/horizonaventures.net\/wp-content\/uploads\/2026\/03\/CostaRicaHistoire-300x300.png 300w, https:\/\/horizonaventures.net\/wp-content\/uploads\/2026\/03\/CostaRicaHistoire-150x150.png 150w, https:\/\/horizonaventures.net\/wp-content\/uploads\/2026\/03\/CostaRicaHistoire-768x768.png 768w\" sizes=\"auto, (max-width: 1024px) 100vw, 1024px\" \/><\/figure>\n<\/div><\/div>\n\n\n\n<div id=\"wp-block-themeisle-blocks-advanced-column-95f150b0\" class=\"wp-block-themeisle-blocks-advanced-column\">\n<h3 class=\"wp-block-heading\"><br>Histoire du Costa Rica<\/h3>\n\n\n\n<p>Habit\u00e9 d\u00e8s <strong>10 000 ans avant notre \u00e8re<\/strong>, le Costa Rica fut <strong>colonis\u00e9 par les Espagnols au XVIe si\u00e8cle<\/strong>. <\/p>\n\n\n\n<p>Relativement isol\u00e9e et peu peupl\u00e9e, la r\u00e9gion se d\u00e9veloppa modestement autour de l&rsquo;agriculture. <\/p>\n\n\n\n<p><strong>L&rsquo;ind\u00e9pendance fut proclam\u00e9e en 1821<\/strong>, sans conflit majeur. <\/p>\n\n\n\n<p>Moment fondateur : <strong>en 1948, le pr\u00e9sident Jos\u00e9 Figueres Ferrer abolit l&rsquo;arm\u00e9e<\/strong>, faisant du Costa Rica l&rsquo;un des rares pays au monde sans forces militaires. <\/p>\n\n\n\n<p>Cette paix durable a favoris\u00e9 un d\u00e9veloppement humain et environnemental exemplaire, fiert\u00e9 nationale encore aujourd&rsquo;hui.<\/p>\n\n\n<div class=\"aligncenter wp-block-site-logo\"><a href=\"https:\/\/horizonaventures.net\/\" class=\"custom-logo-link\" rel=\"home\"><img loading=\"lazy\" decoding=\"async\" width=\"93\" height=\"65\" src=\"https:\/\/horizonaventures.net\/wp-content\/uploads\/2024\/02\/cropped-Envie_d_horizonLogo.png\" class=\"custom-logo\" alt=\"Logo Envie d&#039;horizon\" srcset=\"https:\/\/horizonaventures.net\/wp-content\/uploads\/2024\/02\/cropped-Envie_d_horizonLogo.png 500w, https:\/\/horizonaventures.net\/wp-content\/uploads\/2024\/02\/cropped-Envie_d_horizonLogo-300x212.png 300w\" sizes=\"auto, (max-width: 93px) 100vw, 93px\" \/><\/a><\/div><\/div>\n<\/div><\/div>\n\n\n\n<div id=\"wp-block-themeisle-blocks-advanced-columns-66e9d595\" class=\"wp-block-themeisle-blocks-advanced-columns has-2-columns has-desktop-equal-layout has-tablet-equal-layout has-mobile-collapsedRows-layout has-vertical-unset\"><div class=\"wp-block-themeisle-blocks-advanced-columns-overlay\"><\/div><div class=\"innerblocks-wrap\">\n<div id=\"wp-block-themeisle-blocks-advanced-column-606136a1\" class=\"wp-block-themeisle-blocks-advanced-column\">\n<h3 class=\"wp-block-heading\"><br>La Valle Central, c\u0153ur battant du Costa Rica<\/h3>\n\n\n\n<p style=\"padding-right:var(--wp--preset--spacing--30);padding-left:var(--wp--preset--spacing--30)\">Nich\u00e9e entre volcans et collines verdoyantes, <strong>la Valle Central<\/strong> concentre pr\u00e8s de<strong> la moiti\u00e9 de la population <\/strong>costaricienne. <\/p>\n\n\n\n<p style=\"padding-right:var(--wp--preset--spacing--30);padding-left:var(--wp--preset--spacing--30)\"><strong>San Jos\u00e9<\/strong>, la capitale anim\u00e9e, invite \u00e0 d\u00e9couvrir ses mus\u00e9es incontournables, dont le fascinant<strong> Mus\u00e9e de l&rsquo;Or Pr\u00e9colombien<\/strong>. <\/p>\n\n\n\n<p style=\"padding-right:var(--wp--preset--spacing--30);padding-left:var(--wp--preset--spacing--30)\">Les march\u00e9s color\u00e9s, les quartiers boh\u00e8mes de <strong>Barrio Escalante <\/strong>et les caf\u00e9s branch\u00e9s refl\u00e8tent une ville en plein essor. <\/p>\n\n\n\n<p style=\"padding-right:var(--wp--preset--spacing--30);padding-left:var(--wp--preset--spacing--30)\">Aux alentours, <strong>Cartago<\/strong> et ses ruines coloniales, <strong>Sarch\u00ed <\/strong>et ses ateliers d&rsquo;artisanat traditionnel compl\u00e8tent une r\u00e9gion riche en culture et en authenticit\u00e9.<\/p>\n<\/div>\n\n\n\n<div id=\"wp-block-themeisle-blocks-advanced-column-1e8ccb9a\" class=\"wp-block-themeisle-blocks-advanced-column\"><div class=\"wp-block-image\">\n<figure class=\"aligncenter size-full is-resized has-custom-border\"><img alt=\"\" loading=\"lazy\" decoding=\"async\" width=\"1024\" height=\"1024\" src=\"https:\/\/horizonaventures.net\/wp-content\/uploads\/2026\/03\/CentralValle.png\" alt=\"\" class=\"wp-image-3087\" style=\"border-width:1px;border-radius:10px;width:438px;height:auto\" srcset=\"https:\/\/horizonaventures.net\/wp-content\/uploads\/2026\/03\/CentralValle.png 1024w, https:\/\/horizonaventures.net\/wp-content\/uploads\/2026\/03\/CentralValle-300x300.png 300w, https:\/\/horizonaventures.net\/wp-content\/uploads\/2026\/03\/CentralValle-150x150.png 150w, https:\/\/horizonaventures.net\/wp-content\/uploads\/2026\/03\/CentralValle-768x768.png 768w\" sizes=\"auto, (max-width: 1024px) 100vw, 1024px\" \/><\/figure>\n<\/div><\/div>\n<\/div><\/div>\n\n\n\n<div id=\"wp-block-themeisle-blocks-advanced-columns-6227b991\" class=\"wp-block-themeisle-blocks-advanced-columns has-3-columns has-desktop-equal-layout has-tablet-equal-layout has-mobile-collapsedRows-layout has-vertical-unset\"><div class=\"wp-block-themeisle-blocks-advanced-columns-overlay\"><\/div><div class=\"innerblocks-wrap\">\n<div id=\"wp-block-themeisle-blocks-advanced-column-ea8e9bc6\" class=\"wp-block-themeisle-blocks-advanced-column\">\n<h3 class=\"wp-block-heading has-text-align-center\"><br>Le Guanacaste, l&rsquo;\u00e2me ensoleill\u00e9e du Pacifique Nord<\/h3>\n\n\n\n<p style=\"padding-right:var(--wp--preset--spacing--30);padding-left:var(--wp--preset--spacing--30)\"><strong>Terre de cowboy<\/strong>s et de savanes dor\u00e9es, le Guanacaste incarne le Costa Rica le plus ensoleill\u00e9. <\/p>\n\n\n\n<p style=\"padding-right:var(--wp--preset--spacing--30);padding-left:var(--wp--preset--spacing--30)\">Ses plages mythiques \u2014 <strong>Tamarindo, Conchal, Flamingo <\/strong>\u2014 s\u00e9duisent les amateurs de surf, de plong\u00e9e et de farniente. <\/p>\n\n\n\n<p style=\"padding-right:var(--wp--preset--spacing--30);padding-left:var(--wp--preset--spacing--30)\">Les resorts luxueux c\u00f4toient de charmants lodges locaux face \u00e0 un Pacifique aux couchers de soleil spectaculaires. <\/p>\n\n\n\n<p style=\"padding-right:var(--wp--preset--spacing--30);padding-left:var(--wp--preset--spacing--30)\">L&rsquo;arri\u00e8re-pays r\u00e9serve de belles surprises avec <strong>le parc national de Rinc\u00f3n de la Vieja<\/strong> et ses paysages volcaniques bouillonnants. <\/p>\n\n\n\n<p style=\"padding-right:var(--wp--preset--spacing--30);padding-left:var(--wp--preset--spacing--30)\">Une r\u00e9gion contrast\u00e9e et envo\u00fbtante.<\/p>\n<\/div>\n\n\n\n<div id=\"wp-block-themeisle-blocks-advanced-column-09fc5516\" class=\"wp-block-themeisle-blocks-advanced-column\">\n<h3 class=\"wp-block-heading has-text-align-center has-neve-link-color-color has-text-color has-link-color wp-elements-6574d55e6a34f4855d0f495d7df131fe\"><br>La P\u00e9ninsule de Nicoya, paradis sauvage et authentique<\/h3>\n\n\n\n<p style=\"padding-right:var(--wp--preset--spacing--30);padding-left:var(--wp--preset--spacing--30)\">Avanc\u00e9e majestueuse dans le Pacifique, <strong>la p\u00e9ninsule de Nicoya <\/strong>s\u00e9duit par son caract\u00e8re pr\u00e9serv\u00e9 et sa douceur de vivre. <\/p>\n\n\n\n<p style=\"padding-right:var(--wp--preset--spacing--30);padding-left:var(--wp--preset--spacing--30)\"><strong>Santa Teresa <\/strong>et <strong>Mal Pa\u00eds <\/strong>attirent les surfeurs du monde entier avec leurs vagues puissantes et leurs couchers de soleil enflamm\u00e9s. <\/p>\n\n\n\n<p style=\"padding-right:var(--wp--preset--spacing--30);padding-left:var(--wp--preset--spacing--30)\"><strong>Nosara<\/strong>, reconnue comme zone de bien-\u00eatre internationale, m\u00eale yoga, nature et plages immacul\u00e9es. <\/p>\n\n\n\n<p style=\"padding-right:var(--wp--preset--spacing--30);padding-left:var(--wp--preset--spacing--30)\">Les routes parfois chaotiques <strong>filtrent naturellement le tourisme de masse<\/strong>, laissant place \u00e0 une atmosph\u00e8re authentique et d\u00e9contract\u00e9e. <\/p>\n\n\n\n<p style=\"padding-right:var(--wp--preset--spacing--30);padding-left:var(--wp--preset--spacing--30)\">Nicoya est une destination qui se m\u00e9rite\u2026 et ne se oublie jamais.<\/p>\n<\/div>\n\n\n\n<div id=\"wp-block-themeisle-blocks-advanced-column-2b90f083\" class=\"wp-block-themeisle-blocks-advanced-column\">\n<h3 class=\"wp-block-heading has-text-align-center has-neve-link-color-color has-text-color has-link-color wp-elements-a10597ff0bcc0b4e16ca77ca9d00ecac\" style=\"padding-right:var(--wp--preset--spacing--30);padding-left:var(--wp--preset--spacing--30)\"><br>Le Pacifique Central, entre jungle et oc\u00e9an turquoise<\/h3>\n\n\n\n<p>De l&rsquo;anim\u00e9e <strong>Jac\u00f3 <\/strong>aux rivages enchanteurs de <strong>Manuel Antonio<\/strong>, le Pacifique Central offre un condens\u00e9 saisissant du Costa Rica. <\/p>\n\n\n\n<p><strong>Jac\u00f3<\/strong> s\u00e9duit par son ambiance festive, ses vagues g\u00e9n\u00e9reuses et sa vie nocturne. <\/p>\n\n\n\n<p>Plus au sud, <strong>le parc national de Manuel Antonio<\/strong> est un joyau absolu : singes, paresseux et toucans \u00e9voluent \u00e0 quelques m\u00e8tres des plages paradisiaques. <\/p>\n\n\n\n<p>Entre les deux, <strong>Quepos<\/strong> ouvre les portes d&rsquo;une nature luxuriante propice \u00e0 la randonn\u00e9e, au kayak et aux sorties baleines inoubliables.<\/p>\n<\/div>\n<\/div><\/div>\n\n\n\n<div id=\"wp-block-themeisle-blocks-advanced-columns-abe32927\" class=\"wp-block-themeisle-blocks-advanced-columns has-3-columns has-desktop-equal-layout has-tablet-equal-layout has-mobile-collapsedRows-layout has-vertical-unset\"><div class=\"wp-block-themeisle-blocks-advanced-columns-overlay\"><\/div><div class=\"innerblocks-wrap\">\n<div id=\"wp-block-themeisle-blocks-advanced-column-806546ab\" class=\"wp-block-themeisle-blocks-advanced-column\">\n<h3 class=\"wp-block-heading\"><br>La P\u00e9ninsule d&rsquo;Osa, le Costa Rica sauvage \u00e0 l&rsquo;\u00e9tat pur<\/h3>\n\n\n\n<p style=\"padding-right:var(--wp--preset--spacing--30);padding-left:var(--wp--preset--spacing--30)\">Au bout du monde costaricien,<strong> la p\u00e9ninsule d&rsquo;Osa<\/strong> abrite <strong>le parc national de Corcovado,<\/strong> qualifi\u00e9 par National Geographic d&rsquo;endroit le plus biologiquement intense de la plan\u00e8te. <\/p>\n\n\n\n<p style=\"padding-right:var(--wp--preset--spacing--30);padding-left:var(--wp--preset--spacing--30)\"><strong>Jaguars, tapirs, scarlets macaws<\/strong> et <strong>baleines \u00e0 bosse<\/strong> peuplent cette nature spectaculaire quasiment intacte. <\/p>\n\n\n\n<p style=\"padding-right:var(--wp--preset--spacing--30);padding-left:var(--wp--preset--spacing--30)\">Les lodges \u00e9coresponsables, accessibles uniquement en bateau ou en petit avion, garantissent une immersion totale et exclusive. <\/p>\n\n\n\n<p style=\"padding-right:var(--wp--preset--spacing--30);padding-left:var(--wp--preset--spacing--30)\"><strong>Puerto Jim\u00e9nez<\/strong> sert de porte d&rsquo;entr\u00e9e \u00e0 cette aventure ultime, r\u00e9serv\u00e9e aux voyageurs en qu\u00eate d&rsquo;une nature absolument exceptionnelle.<\/p>\n<\/div>\n\n\n\n<div id=\"wp-block-themeisle-blocks-advanced-column-eb391b41\" class=\"wp-block-themeisle-blocks-advanced-column\"><div class=\"wp-block-image\">\n<figure class=\"aligncenter size-full has-custom-border\"><img alt=\"\" loading=\"lazy\" decoding=\"async\" width=\"1024\" height=\"1536\" src=\"https:\/\/horizonaventures.net\/wp-content\/uploads\/2026\/03\/OsaCostaRica.png\" alt=\"\" class=\"wp-image-3089\" style=\"border-width:1px;border-radius:10px\" srcset=\"https:\/\/horizonaventures.net\/wp-content\/uploads\/2026\/03\/OsaCostaRica.png 1024w, https:\/\/horizonaventures.net\/wp-content\/uploads\/2026\/03\/OsaCostaRica-200x300.png 200w, https:\/\/horizonaventures.net\/wp-content\/uploads\/2026\/03\/OsaCostaRica-683x1024.png 683w, https:\/\/horizonaventures.net\/wp-content\/uploads\/2026\/03\/OsaCostaRica-768x1152.png 768w\" sizes=\"auto, (max-width: 1024px) 100vw, 1024px\" \/><\/figure>\n<\/div><\/div>\n\n\n\n<div id=\"wp-block-themeisle-blocks-advanced-column-cd6772ec\" class=\"wp-block-themeisle-blocks-advanced-column\">\n<h3 class=\"wp-block-heading\" style=\"padding-right:var(--wp--preset--spacing--30);padding-left:var(--wp--preset--spacing--30)\"><br>Les Cara\u00efbes, l&rsquo;autre visage envo\u00fbtant du Costa Rica<\/h3>\n\n\n\n<p style=\"padding-right:var(--wp--preset--spacing--30);padding-left:var(--wp--preset--spacing--30)\">D\u00e9paysement garanti en franchissant la cordill\u00e8re vers la c\u00f4te Atlantique ! <\/p>\n\n\n\n<p style=\"padding-right:var(--wp--preset--spacing--30);padding-left:var(--wp--preset--spacing--30)\">La r\u00e9gion Cara\u00efbe pulse au rythme du reggae et de la culture afro-costaricienne, <strong>si diff\u00e9rente du reste du pays<\/strong>. <\/p>\n\n\n\n<p style=\"padding-right:var(--wp--preset--spacing--30);padding-left:var(--wp--preset--spacing--30)\"><strong>Puerto Viejo<\/strong> et ses plages sauvages attirent une client\u00e8le boh\u00e8me et aventuri\u00e8re, tandis que <strong>Tortuguero<\/strong>, accessible uniquement en bateau, offre un spectacle naturel unique : <strong>la ponte nocturne des tortues marines g\u00e9antes. <\/strong><\/p>\n\n\n\n<p style=\"padding-right:var(--wp--preset--spacing--30);padding-left:var(--wp--preset--spacing--30)\">Cuisine \u00e9pic\u00e9e au lait de coco, couleurs vives et chaleur humaine authentique font des Cara\u00efbes une exp\u00e9rience inoubliable et \u00e0 part enti\u00e8re.<\/p>\n<\/div>\n<\/div><\/div>\n\n\n\n<div id=\"wp-block-themeisle-blocks-advanced-columns-27429f28\" class=\"wp-block-themeisle-blocks-advanced-columns has-2-columns has-desktop-equal-layout has-tablet-equal-layout has-mobile-collapsedRows-layout has-vertical-unset\"><div class=\"wp-block-themeisle-blocks-advanced-columns-overlay\"><\/div><div class=\"innerblocks-wrap\">\n<div id=\"wp-block-themeisle-blocks-advanced-column-123dd03b\" class=\"wp-block-themeisle-blocks-advanced-column\"><div class=\"wp-block-image\">\n<figure class=\"aligncenter size-full is-resized has-custom-border\"><img alt=\"\" loading=\"lazy\" decoding=\"async\" width=\"1024\" height=\"1024\" src=\"https:\/\/horizonaventures.net\/wp-content\/uploads\/2026\/03\/Arenal.png\" alt=\"\" class=\"wp-image-3088\" style=\"border-width:1px;border-radius:10px;width:457px;height:auto\" srcset=\"https:\/\/horizonaventures.net\/wp-content\/uploads\/2026\/03\/Arenal.png 1024w, https:\/\/horizonaventures.net\/wp-content\/uploads\/2026\/03\/Arenal-300x300.png 300w, https:\/\/horizonaventures.net\/wp-content\/uploads\/2026\/03\/Arenal-150x150.png 150w, https:\/\/horizonaventures.net\/wp-content\/uploads\/2026\/03\/Arenal-768x768.png 768w\" sizes=\"auto, (max-width: 1024px) 100vw, 1024px\" \/><\/figure>\n<\/div><\/div>\n\n\n\n<div id=\"wp-block-themeisle-blocks-advanced-column-865cad4c\" class=\"wp-block-themeisle-blocks-advanced-column\">\n<h3 class=\"wp-block-heading\"><br>Volcans &amp; Monteverde, le Costa Rica entre feu et brume<\/h3>\n\n\n\n<p>Au c\u0153ur des terres costariciennes, cette r\u00e9gion spectaculaire conjugue <strong>puissance volcanique<\/strong> et myst\u00e8re des<strong> for\u00eats nuageuses<\/strong>. <\/p>\n\n\n\n<p><strong>Le volcan Arenal<\/strong>, parfaitement conique et longtemps actif, domine un paysage de sources thermales apaisantes et de lacs turquoise. <\/p>\n\n\n\n<p><strong>Po\u00e1s et Iraz\u00fa<\/strong> impressionnent par leurs crat\u00e8res vertigineux accessibles en voiture. <strong>Monteverde<\/strong>, suspendue dans les nuages, abrite une biodiversit\u00e9 extraordinaire : <strong>quetzals <\/strong>resplendissants, <strong>orchid\u00e9es rares<\/strong> et ponts suspendus au-dessus de la canop\u00e9e. <\/p>\n\n\n\n<p>Une r\u00e9gion incontournable qui concentre toute la magie et la d\u00e9mesure naturelle du Costa Rica.<\/p>\n<\/div>\n<\/div><\/div>\n\n\n\n<div id=\"wp-block-themeisle-blocks-advanced-columns-42d68245\" class=\"wp-block-themeisle-blocks-advanced-columns has-2-columns has-desktop-equal-layout has-tablet-equal-layout has-mobile-collapsedRows-layout has-vertical-unset\"><div class=\"wp-block-themeisle-blocks-advanced-columns-overlay\"><\/div><div class=\"innerblocks-wrap\">\n<div id=\"wp-block-themeisle-blocks-advanced-column-4cb0d7e7\" class=\"wp-block-themeisle-blocks-advanced-column\">\n<h3 class=\"wp-block-heading\"><br>\u00c9cotourisme et mobilit\u00e9, voyager responsable et serein au Costa Rica<\/h3>\n\n\n\n<p style=\"padding-right:var(--wp--preset--spacing--30);padding-left:var(--wp--preset--spacing--30)\">Pr\u00e9curseur mondial en mati\u00e8re d&rsquo;\u00e9cotourisme, <strong>le Costa Rica prot\u00e8ge plus de 30 % de son territoire national<\/strong>. <\/p>\n\n\n\n<p style=\"padding-right:var(--wp--preset--spacing--30);padding-left:var(--wp--preset--spacing--30)\">Parcs naturels, r\u00e9serves biologiques et refuges fauniques maillent le pays, offrant aux voyageurs une immersion authentique dans une nature pr\u00e9serv\u00e9e et spectaculaire. <\/p>\n\n\n\n<p style=\"padding-right:var(--wp--preset--spacing--30);padding-left:var(--wp--preset--spacing--30)\">Mais explorer ce paradis vert demande anticipation ! Les distances affich\u00e9es sur la carte sont trompeuses :<strong> 100 km peuvent facilement repr\u00e9senter trois heures de route <\/strong>sinueuse entre cols montagneux et pistes parfois chaotiques. <\/p>\n\n\n\n<p style=\"padding-right:var(--wp--preset--spacing--30);padding-left:var(--wp--preset--spacing--30)\">Planifier ses d\u00e9placements avec s\u00e9r\u00e9nit\u00e9 fait pleinement partie de l&rsquo;aventure costaricienne.<\/p>\n<\/div>\n\n\n\n<div id=\"wp-block-themeisle-blocks-advanced-column-c24347cc\" class=\"wp-block-themeisle-blocks-advanced-column\">\n<h3 class=\"wp-block-heading\"><br>Une connaissance du terrain, votre meilleur atout de voyage<\/h3>\n\n\n\n<p style=\"padding-right:var(--wp--preset--spacing--30);padding-left:var(--wp--preset--spacing--30)\">J&rsquo;ai <strong>v\u00e9cu et travaill\u00e9<\/strong> plusieurs ann\u00e9es au Costa Rica dans <strong>les ann\u00e9es 90 et 2000<\/strong>, notamment dans la r\u00e9gion sauvage de la p\u00e9ninsule d&rsquo;Osa. <\/p>\n\n\n\n<p style=\"padding-right:var(--wp--preset--spacing--30);padding-left:var(--wp--preset--spacing--30)\">Cette exp\u00e9rience personnelle forge une connaissance du terrain rare et pr\u00e9cieuse. <\/p>\n\n\n\n<p style=\"padding-right:var(--wp--preset--spacing--30);padding-left:var(--wp--preset--spacing--30)\">Si en vingt ans le pays a ind\u00e9niablement \u00e9volu\u00e9 \u2014 infrastructures, tourisme, d\u00e9veloppement \u2014 <strong>l&rsquo;essentiel demeure intact <\/strong>: la g\u00e9n\u00e9rosit\u00e9 de la nature, la chaleur humaine et ce souffle de libert\u00e9 unique. <\/p>\n\n\n\n<p style=\"padding-right:var(--wp--preset--spacing--30);padding-left:var(--wp--preset--spacing--30)\">Cette m\u00e9moire vivante du Costa Rica, je la mets aujourd&rsquo;hui au service de vos voyages.<\/p>\n<\/div>\n<\/div><\/div>\n\n\n\n<div id=\"wp-block-themeisle-blocks-advanced-columns-93924741\" class=\"wp-block-themeisle-blocks-advanced-columns has-3-columns has-desktop-equal-layout has-tablet-equal-layout has-mobile-collapsedRows-layout has-vertical-unset\"><div class=\"wp-block-themeisle-blocks-advanced-columns-overlay\"><\/div><div class=\"innerblocks-wrap\">\n<div id=\"wp-block-themeisle-blocks-advanced-column-4b7b6fb9\" class=\"wp-block-themeisle-blocks-advanced-column\">\n<h3 class=\"wp-block-heading\">Le Costa Rica en chiffres, une destination qui rayonne<\/h3>\n\n\n\n<p>Le Costa Rica confirme ann\u00e9e apr\u00e8s ann\u00e9e son statut de <strong>destination \u00e9cotouristique de r\u00e9f\u00e9rence.<\/strong> <\/p>\n\n\n\n<p>Le pays accueille environ 3<strong> millions de visiteurs internationaux <\/strong>annuellement, g\u00e9n\u00e9rant pr\u00e8s de 4 milliards de dollars de revenus touristiques. <\/p>\n\n\n\n<p><strong>Les \u00c9tats-Unis repr\u00e9sentent le premier march\u00e9 \u00e9metteur<\/strong>, suivis par l&rsquo;Europe dont la France progresse r\u00e9guli\u00e8rement. <\/p>\n\n\n\n<p>Avec 32 parcs nationaux, 8 r\u00e9serves biologiques et plus de 500 000 esp\u00e8ces recens\u00e9es, le Costa Rica offre un rapport biodiversit\u00e9\/superficie in\u00e9gal\u00e9 sur la plan\u00e8te. <\/p>\n\n\n\n<p>Une petite nation aux ambitions touristiques r\u00e9solument grandes.<\/p>\n<\/div>\n\n\n\n<div id=\"wp-block-themeisle-blocks-advanced-column-1e7ee8ea\" class=\"wp-block-themeisle-blocks-advanced-column\">\n<h3 class=\"wp-block-heading has-text-align-center has-neve-link-color-color has-text-color has-link-color wp-elements-78d285d02b95e341c8926e95510d1aae\"><a href=\"https:\/\/horizonaventures.net\/index.php\/582c1-blogger-gb-news\/explorez-et-reservez\/\" data-type=\"page\" data-id=\"1896\">Carnet de voyage<\/a><\/h3>\n\n\n\n<p class=\"has-text-align-center\" style=\"padding-right:var(--wp--preset--spacing--30);padding-left:var(--wp--preset--spacing--30)\"><strong>En cours de r\u00e9daction<\/strong><\/p>\n\n\n<div class=\"aligncenter wp-block-site-logo\"><a href=\"https:\/\/horizonaventures.net\/\" class=\"custom-logo-link\" rel=\"home\"><img loading=\"lazy\" decoding=\"async\" width=\"220\" height=\"155\" src=\"https:\/\/horizonaventures.net\/wp-content\/uploads\/2024\/02\/cropped-Envie_d_horizonLogo.png\" class=\"custom-logo\" alt=\"Logo Envie d&#039;horizon\" srcset=\"https:\/\/horizonaventures.net\/wp-content\/uploads\/2024\/02\/cropped-Envie_d_horizonLogo.png 500w, https:\/\/horizonaventures.net\/wp-content\/uploads\/2024\/02\/cropped-Envie_d_horizonLogo-300x212.png 300w\" sizes=\"auto, (max-width: 220px) 100vw, 220px\" \/><\/a><\/div><\/div>\n\n\n\n<div id=\"wp-block-themeisle-blocks-advanced-column-88778da4\" class=\"wp-block-themeisle-blocks-advanced-column\">\n<h4 class=\"wp-block-heading has-text-align-center\">Envisagez-vous de voyager au Costa Rica ?<\/h4>\n\n\n\n<p style=\"padding-right:var(--wp--preset--spacing--30);padding-left:var(--wp--preset--spacing--30)\">Rejoignez la Communaut\u00e9 Envie d&rsquo;Horizon ! Abonnez-vous \u00e0 <a href=\"https:\/\/www.youtube.com\/@EnviedHorizon\" data-type=\"link\" data-id=\"https:\/\/www.youtube.com\/@EnviedHorizon\" target=\"_blank\" rel=\"noreferrer noopener\"><strong>notre cha\u00eene YouTube <\/strong><\/a>pour d\u00e9couvrir des vid\u00e9os captivantes sur des destinations du monde entier. Ne manquez aucune des derni\u00e8res actualit\u00e9s en nous suivant sur <a href=\"https:\/\/horizonaventures.net\/index.php\/582c1-blogger-gb-contact\/\" data-type=\"link\" data-id=\"https:\/\/horizonaventures.net\/index.php\/582c1-blogger-gb-contact\/\" target=\"_blank\" rel=\"noreferrer noopener\"><strong>nos r\u00e9seaux sociaux<\/strong><\/a>. Votre avis est important pour nous ! N&rsquo;h\u00e9sitez pas \u00e0 laisser un commentaire ou \u00e0 nous contacter directement via notre <strong><a href=\"https:\/\/horizonaventures.net\/index.php\/582c1-blogger-gb-contact\/\" data-type=\"link\" data-id=\"https:\/\/horizonaventures.net\/index.php\/582c1-blogger-gb-contact\/\" target=\"_blank\" rel=\"noreferrer noopener\">page de contact.<\/a><\/strong><\/p>\n\n\n\n<p class=\"has-text-align-center has-small-font-size\"><a href=\"https:\/\/horizonaventures.net\/index.php\/582c1-blogger-gb-news\/explorez-et-reservez\/\" data-type=\"page\" data-id=\"1896\">Page d\u00e9di\u00e9e au carnet de voyage sur Le Costa Rica<\/a><\/p>\n<\/div>\n<\/div><\/div>\n\n\n\n<h4 class=\"wp-block-heading has-text-align-center\" style=\"padding-top:var(--wp--preset--spacing--40);padding-bottom:var(--wp--preset--spacing--40)\">Partons ensemble \u00e0 la d\u00e9couverte <strong><strong>des Ticos<\/strong><\/strong> et cr\u00e9ons des souvenirs inoubliables !<\/h4>\n","protected":false},"excerpt":{"rendered":"<p>Le Costa Rica, joyau vert de l\u2019Am\u00e9rique centrale, s\u00e9duit par sa nature luxuriante, ses volcans majestueux et ses plages bord\u00e9es par deux oc\u00e9ans. Entre for\u00eat tropicale, faune exotique et culture chaleureuse, chaque voyage devient une immersion totale dans la \u00ab\u202fpura vida\u202f\u00bb. Id\u00e9al pour les aventuriers comme les amoureux de farniente, ce paradis naturel promet \u00e9motions, authenticit\u00e9 et d\u00e9paysement absolu.<\/p>\n","protected":false},"author":1,"featured_media":3080,"comment_status":"closed","ping_status":"open","sticky":false,"template":"","format":"standard","meta":{"_seopress_robots_primary_cat":"","_seopress_titles_title":"","_seopress_titles_desc":"","_seopress_robots_index":"","neve_meta_sidebar":"","neve_meta_container":"","neve_meta_enable_content_width":"","neve_meta_content_width":0,"neve_meta_title_alignment":"","neve_meta_author_avatar":"","neve_post_elements_order":"","neve_meta_disable_header":"","neve_meta_disable_footer":"","neve_meta_disable_title":"","_themeisle_gutenberg_block_has_review":false,"footnotes":""},"categories":[31,3,2],"tags":[29,46,33,11],"class_list":["post-3077","post","type-post","status-publish","format-standard","has-post-thumbnail","hentry","category-amerique-le-monde","category-geographie","category-le-monde","tag-afrique","tag-amerique-centrale","tag-tourisme","tag-voyage"],"_links":{"self":[{"href":"https:\/\/horizonaventures.net\/index.php\/wp-json\/wp\/v2\/posts\/3077","targetHints":{"allow":["GET"]}}],"collection":[{"href":"https:\/\/horizonaventures.net\/index.php\/wp-json\/wp\/v2\/posts"}],"about":[{"href":"https:\/\/horizonaventures.net\/index.php\/wp-json\/wp\/v2\/types\/post"}],"author":[{"embeddable":true,"href":"https:\/\/horizonaventures.net\/index.php\/wp-json\/wp\/v2\/users\/1"}],"replies":[{"embeddable":true,"href":"https:\/\/horizonaventures.net\/index.php\/wp-json\/wp\/v2\/comments?post=3077"}],"version-history":[{"count":9,"href":"https:\/\/horizonaventures.net\/index.php\/wp-json\/wp\/v2\/posts\/3077\/revisions"}],"predecessor-version":[{"id":3093,"href":"https:\/\/horizonaventures.net\/index.php\/wp-json\/wp\/v2\/posts\/3077\/revisions\/3093"}],"wp:featuredmedia":[{"embeddable":true,"href":"https:\/\/horizonaventures.net\/index.php\/wp-json\/wp\/v2\/media\/3080"}],"wp:attachment":[{"href":"https:\/\/horizonaventures.net\/index.php\/wp-json\/wp\/v2\/media?parent=3077"}],"wp:term":[{"taxonomy":"category","embeddable":true,"href":"https:\/\/horizonaventures.net\/index.php\/wp-json\/wp\/v2\/categories?post=3077"},{"taxonomy":"post_tag","embeddable":true,"href":"https:\/\/horizonaventures.net\/index.php\/wp-json\/wp\/v2\/tags?post=3077"}],"curies":[{"name":"wp","href":"https:\/\/api.w.org\/{rel}","templated":true}]}}